{"id":10120,"date":"2018-10-12T17:25:41","date_gmt":"2018-10-12T15:25:41","guid":{"rendered":"http:\/\/reteitalianaism.it\/reteism\/?p=10120"},"modified":"2018-10-12T17:25:41","modified_gmt":"2018-10-12T15:25:41","slug":"israele-abbatte-e-sradica-gli-alberi-di-ulivo-nel-villaggio-di-al-khader","status":"publish","type":"post","link":"https:\/\/reteitalianaism.it\/reteism\/index.php\/2018\/10\/12\/israele-abbatte-e-sradica-gli-alberi-di-ulivo-nel-villaggio-di-al-khader\/","title":{"rendered":"Israele abbatte e sradica gli alberi di ulivo nel villaggio di al Khader"},"content":{"rendered":"<p>11 ottobre 2018<\/p>\n<p><a href=\"https:\/\/www.maannews.com\/Content.aspx?id=781421\">https:\/\/www.maannews.com\/Content.aspx?id=781421<\/a><\/p>\n<p><a href=\"http:\/\/reteitalianaism.it\/reteism\/wp-content\/uploads\/2018\/10\/463336C.jpg\"><img loading=\"lazy\" decoding=\"async\" class=\" wp-image-10121 aligncenter\" src=\"http:\/\/reteitalianaism.it\/reteism\/wp-content\/uploads\/2018\/10\/463336C-300x199.jpg\" alt=\"\" width=\"489\" height=\"324\" srcset=\"https:\/\/reteitalianaism.it\/reteism\/wp-content\/uploads\/2018\/10\/463336C-300x199.jpg 300w, https:\/\/reteitalianaism.it\/reteism\/wp-content\/uploads\/2018\/10\/463336C.jpg 584w\" sizes=\"auto, (max-width: 489px) 100vw, 489px\" \/><\/a>BETLEMME (Ma&#8217;an) &#8211; I bulldozer militari israeliani hanno raso al suolo i terreni agricoli palestinesi e sradicato alberi di ulivo nel villaggio di al-Khader, a sud del distretto sud-occidentale di Betlemme, nel sud della West Bank.<br \/>\nGli abitanti del posto hanno detto che i bulldozer israeliani hanno raso al suolo 5 dunam (1,2 acri) di terreni agricoli, situati tra due insediamenti israeliani illegali di Elazar e Neve Daniel, entrambi costruiti su terre del villaggio di al-Khader, e gli alberi di ulivo sono stati sradicati.<br \/>\nFonti hanno confermato che le terre rase al suolo e livellate appartenevano a Muhammad Moussa.<!--more-->La gente del posto ha aggiunto che radere al suolo i terreni palestinesi e sradicare gli alberi fa parte di un piano israeliano per espandere gli insediamenti illegali nei dintorni.<br \/>\nAl-Khader ha subito pesantemente l&#8217;occupazione israeliana.<br \/>\nVa notato che oltre il 90 per cento della popolazione di al-Khader risiede nelle aree A e B, che costituiscono solo il 14,5 per cento della superficie totale del villaggio.<br \/>\nDei 22.000 dunam storici del villaggio (5.436 acri), circa 20.000 (4.942 acri) sono quasi interamente tagliati dal muro di separazione israeliano e ospitano tre insediamenti illegali, Efrat, Elazar e Neve Daniel, secondo la municipalit\u00e0 di al-Khader.<br \/>\nQuesti insediamenti, che coprono quasi 2.800 dunam (692 acri), fanno parte di un blocco pi\u00f9 grande, noto come Gush Etzion, che ospita pi\u00f9 di 60.000 coloni.<br \/>\nUn tempo un villaggio agricolo, i coloni israeliani hanno conquistato vaste aree agricole di al-Khader e hanno sradicato alberi di ulivo e attaccano regolarmente i contadini palestinesi cercando di prendersi la loro terra.<br \/>\nDelle terre del villaggio all&#8217;interno del muro di separazione, il comune afferma che 800 dunam (198 acri) sono classificati come Area A e 400 dunam (99 acri) Area B sotto l&#8217;Accordo di Oslo.<br \/>\nI restanti 800 dunam (198 acri) sono classificati Area C, dando a Israele piena autorit\u00e0 civile e militare.<br \/>\nDi conseguenza, il villaggio non \u00e8 in grado di espandersi, nonostante una popolazione in crescita, e le autorit\u00e0 israeliane effettuano regolarmente demolizioni di abitazioni.<br \/>\nSecondo palestinesi e gruppi per i diritti umani, l&#8217;obiettivo principale di Israele, sia nella sua politica in Area C, in cui oltre il 60% della terra palestinese \u00e8 sotto il pieno controllo israeliano, sia nell&#8217;impresa israeliana di creare insediamenti illegali, \u00e8 di spopolare la terra dai suoi residenti palestinesi per sostituirli con le comunit\u00e0 ebraiche israeliane, al fine\u00a0al fine di manipolare i dati demografici della popolazione in tutta la Palestina storica.<\/p>\n","protected":false},"excerpt":{"rendered":"<p>11 ottobre 2018 https:\/\/www.maannews.com\/Content.aspx?id=781421 BETLEMME (Ma&#8217;an) &#8211; I bulldozer militari israeliani hanno raso al suolo i terreni agricoli palestinesi e sradicato alberi di ulivo nel villaggio di al-Khader, a sud del distretto sud-occidentale di Betlemme, nel sud della West Bank. &hellip; <a href=\"https:\/\/reteitalianaism.it\/reteism\/index.php\/2018\/10\/12\/israele-abbatte-e-sradica-gli-alberi-di-ulivo-nel-villaggio-di-al-khader\/\">Continue reading <span class=\"meta-nav\">&rarr;<\/span><\/a><\/p>\n","protected":false},"author":6,"featured_media":0,"comment_status":"open","ping_status":"open","sticky":false,"template":"","format":"standard","meta":{"footnotes":""},"categories":[3,1],"tags":[151,88,113,53],"class_list":["post-10120","post","type-post","status-publish","format-standard","hentry","category-info","category-senza-categoria","tag-al-khader","tag-betlemme","tag-raccolta-olive","tag-west-bank"],"_links":{"self":[{"href":"https:\/\/reteitalianaism.it\/reteism\/index.php\/wp-json\/wp\/v2\/posts\/10120","targetHints":{"allow":["GET"]}}],"collection":[{"href":"https:\/\/reteitalianaism.it\/reteism\/index.php\/wp-json\/wp\/v2\/posts"}],"about":[{"href":"https:\/\/reteitalianaism.it\/reteism\/index.php\/wp-json\/wp\/v2\/types\/post"}],"author":[{"embeddable":true,"href":"https:\/\/reteitalianaism.it\/reteism\/index.php\/wp-json\/wp\/v2\/users\/6"}],"replies":[{"embeddable":true,"href":"https:\/\/reteitalianaism.it\/reteism\/index.php\/wp-json\/wp\/v2\/comments?post=10120"}],"version-history":[{"count":1,"href":"https:\/\/reteitalianaism.it\/reteism\/index.php\/wp-json\/wp\/v2\/posts\/10120\/revisions"}],"predecessor-version":[{"id":10122,"href":"https:\/\/reteitalianaism.it\/reteism\/index.php\/wp-json\/wp\/v2\/posts\/10120\/revisions\/10122"}],"wp:attachment":[{"href":"https:\/\/reteitalianaism.it\/reteism\/index.php\/wp-json\/wp\/v2\/media?parent=10120"}],"wp:term":[{"taxonomy":"category","embeddable":true,"href":"https:\/\/reteitalianaism.it\/reteism\/index.php\/wp-json\/wp\/v2\/categories?post=10120"},{"taxonomy":"post_tag","embeddable":true,"href":"https:\/\/reteitalianaism.it\/reteism\/index.php\/wp-json\/wp\/v2\/tags?post=10120"}],"curies":[{"name":"wp","href":"https:\/\/api.w.org\/{rel}","templated":true}]}}