{"id":10733,"date":"2019-01-19T20:01:14","date_gmt":"2019-01-19T19:01:14","guid":{"rendered":"http:\/\/reteitalianaism.it\/reteism\/?p=10733"},"modified":"2019-01-19T20:08:57","modified_gmt":"2019-01-19T19:08:57","slug":"il-tasso-di-poverta-a-gaza-e-oltre-l80","status":"publish","type":"post","link":"https:\/\/reteitalianaism.it\/reteism\/index.php\/2019\/01\/19\/il-tasso-di-poverta-a-gaza-e-oltre-l80\/","title":{"rendered":"Il tasso di povert\u00e0 a Gaza \u00e8 oltre l&#8217;80%"},"content":{"rendered":"<p>18 gennaio 2019<a href=\"https:\/\/www.middleeastmonitor.com\/20190118-poverty-rate-in-gaza-exceeds-80\/?fbclid=IwAR1dx0FMb7OEE84pzhk0YsEP_Cy7fk8rqy0NqSaNDlsC2rzspZqJBD2MWP0\">\u00a0<\/a><\/p>\n<p><a href=\"https:\/\/www.middleeastmonitor.com\/20190118-poverty-rate-in-gaza-exceeds-80\/?fbclid=IwAR1dx0FMb7OEE84pzhk0YsEP_Cy7fk8rqy0NqSaNDlsC2rzspZqJBD2MWP0\">https:\/\/www.middleeastmonitor.com\/20190118-poverty-rate-in-gaza-exceeds-80\/?fbclid=IwAR1dx0FMb7OEE84pzhk0YsEP_Cy7fk8rqy0NqSaNDlsC2rzspZqJBD2MWP0<\/a><\/p>\n<p><a href=\"http:\/\/reteitalianaism.it\/reteism\/wp-content\/uploads\/2019\/01\/2013_2-2-A-Palestinian-girl-eats-outside-her-familys-in-a-poverty-strickenEZZ_00-3.jpg\"><img loading=\"lazy\" decoding=\"async\" class=\" wp-image-10734 aligncenter\" src=\"http:\/\/reteitalianaism.it\/reteism\/wp-content\/uploads\/2019\/01\/2013_2-2-A-Palestinian-girl-eats-outside-her-familys-in-a-poverty-strickenEZZ_00-3-300x200.jpg\" alt=\"\" width=\"391\" height=\"260\" srcset=\"https:\/\/reteitalianaism.it\/reteism\/wp-content\/uploads\/2019\/01\/2013_2-2-A-Palestinian-girl-eats-outside-her-familys-in-a-poverty-strickenEZZ_00-3-300x200.jpg 300w, https:\/\/reteitalianaism.it\/reteism\/wp-content\/uploads\/2019\/01\/2013_2-2-A-Palestinian-girl-eats-outside-her-familys-in-a-poverty-strickenEZZ_00-3-768x512.jpg 768w, https:\/\/reteitalianaism.it\/reteism\/wp-content\/uploads\/2019\/01\/2013_2-2-A-Palestinian-girl-eats-outside-her-familys-in-a-poverty-strickenEZZ_00-3-1024x683.jpg 1024w, https:\/\/reteitalianaism.it\/reteism\/wp-content\/uploads\/2019\/01\/2013_2-2-A-Palestinian-girl-eats-outside-her-familys-in-a-poverty-strickenEZZ_00-3.jpg 1200w\" sizes=\"auto, (max-width: 391px) 100vw, 391px\" \/><\/a><\/p>\n<p>La Federazione Generale dei Sindacati Palestinesi (PGFTU) ha avvertito ieri che il tasso di povert\u00e0 nella Striscia di Gaza ha superato l&#8217;80%.<\/p>\n<p>La federazione ha avvertito che sia i tassi di povert\u00e0 che di disoccupazione hanno raggiunto livelli senza precedenti nella Striscia di Gaza, con una povert\u00e0 superiore all&#8217;80%. Nel frattempo, i tassi di disoccupazione hanno raggiunto oltre il 54,9 per cento nell&#8217;enclave assediata, entrambi sono seri indicatori della deteriorata situazione economica a Gaza.<!--more--><\/p>\n<p>Il numero di disoccupati ha raggiunto pi\u00f9 di 295.000 durante l&#8217;anno 2018, ha spiegato.<\/p>\n<p>La federazione ha aggiunto che i lavoratori palestinesi a Gaza vivono in condizioni catastrofiche da oltre 12 anni da quando Israele ha iniziato il suo assedio sulla Striscia, causando una massiccia distruzione del settore economico, delle infrastrutture e il contributo all&#8217;incapacit\u00e0 del governo di assumersi le proprie responsabilit\u00e0 nei confronti del Striscia di Gaza.<\/p>\n<p>PGFTU ha invitato l&#8217;Autorit\u00e0 Palestinese (AP) a revocare le sanzioni imposte alla Striscia di Gaza e a fornire aiuti di emergenza e progetti di sviluppo per alleviare la sofferenza dei lavoratori palestinesi.<\/p>\n<p>La federazione si \u00e8 inoltre appellata alla comunit\u00e0 internazionale affinch\u00e9 assumesse le sue responsabilit\u00e0 nei confronti dell&#8217;enclave assediata e in Egitto per riaprire il valico di frontiera di Rafah per consentire l&#8217;ingresso di materiali di base nella Striscia.<\/p>\n","protected":false},"excerpt":{"rendered":"<p>18 gennaio 2019\u00a0 https:\/\/www.middleeastmonitor.com\/20190118-poverty-rate-in-gaza-exceeds-80\/?fbclid=IwAR1dx0FMb7OEE84pzhk0YsEP_Cy7fk8rqy0NqSaNDlsC2rzspZqJBD2MWP0 La Federazione Generale dei Sindacati Palestinesi (PGFTU) ha avvertito ieri che il tasso di povert\u00e0 nella Striscia di Gaza ha superato l&#8217;80%. La federazione ha avvertito che sia i tassi di povert\u00e0 che di disoccupazione hanno &hellip; <a href=\"https:\/\/reteitalianaism.it\/reteism\/index.php\/2019\/01\/19\/il-tasso-di-poverta-a-gaza-e-oltre-l80\/\">Continue reading <span class=\"meta-nav\">&rarr;<\/span><\/a><\/p>\n","protected":false},"author":6,"featured_media":0,"comment_status":"open","ping_status":"open","sticky":false,"template":"","format":"standard","meta":{"footnotes":""},"categories":[2,3],"tags":[24,25,165,190,157],"class_list":["post-10733","post","type-post","status-publish","format-standard","hentry","category-gaza-2","category-info","tag-diritto-al-ritorno","tag-gaza","tag-gaza-sotto-assedio","tag-grande-marcia-del-ritorno","tag-striscia-di-gaza"],"_links":{"self":[{"href":"https:\/\/reteitalianaism.it\/reteism\/index.php\/wp-json\/wp\/v2\/posts\/10733","targetHints":{"allow":["GET"]}}],"collection":[{"href":"https:\/\/reteitalianaism.it\/reteism\/index.php\/wp-json\/wp\/v2\/posts"}],"about":[{"href":"https:\/\/reteitalianaism.it\/reteism\/index.php\/wp-json\/wp\/v2\/types\/post"}],"author":[{"embeddable":true,"href":"https:\/\/reteitalianaism.it\/reteism\/index.php\/wp-json\/wp\/v2\/users\/6"}],"replies":[{"embeddable":true,"href":"https:\/\/reteitalianaism.it\/reteism\/index.php\/wp-json\/wp\/v2\/comments?post=10733"}],"version-history":[{"count":2,"href":"https:\/\/reteitalianaism.it\/reteism\/index.php\/wp-json\/wp\/v2\/posts\/10733\/revisions"}],"predecessor-version":[{"id":10736,"href":"https:\/\/reteitalianaism.it\/reteism\/index.php\/wp-json\/wp\/v2\/posts\/10733\/revisions\/10736"}],"wp:attachment":[{"href":"https:\/\/reteitalianaism.it\/reteism\/index.php\/wp-json\/wp\/v2\/media?parent=10733"}],"wp:term":[{"taxonomy":"category","embeddable":true,"href":"https:\/\/reteitalianaism.it\/reteism\/index.php\/wp-json\/wp\/v2\/categories?post=10733"},{"taxonomy":"post_tag","embeddable":true,"href":"https:\/\/reteitalianaism.it\/reteism\/index.php\/wp-json\/wp\/v2\/tags?post=10733"}],"curies":[{"name":"wp","href":"https:\/\/api.w.org\/{rel}","templated":true}]}}