{"id":10761,"date":"2019-01-27T17:48:22","date_gmt":"2019-01-27T16:48:22","guid":{"rendered":"http:\/\/reteitalianaism.it\/reteism\/?p=10761"},"modified":"2019-01-27T17:49:08","modified_gmt":"2019-01-27T16:49:08","slug":"i-coloni-israeliani-uccidono-un-padre-palestinese-ne-feriscono-altre-30-vicino-a-ramallah","status":"publish","type":"post","link":"https:\/\/reteitalianaism.it\/reteism\/index.php\/2019\/01\/27\/i-coloni-israeliani-uccidono-un-padre-palestinese-ne-feriscono-altre-30-vicino-a-ramallah\/","title":{"rendered":"I coloni israeliani uccidono un padre palestinese, ne feriscono altri 30 vicino a Ramallah"},"content":{"rendered":"<p><a href=\"https:\/\/maannews.com\/Content.aspx?id=782362\">https:\/\/maannews.com\/Content.aspx?id=782362<\/a><br \/>\n<strong>27 Gennaio \u00a02019 \u00a0<\/strong><\/p>\n<p>RAMALLAH (Ma&#8217;an) &#8211; I coloni israeliani hanno ucciso un padre palestinese e ne hanno feriti altri 30 dopo aver tentato di razziare il villaggio di al-Mughayyir, a est della citt\u00e0 centrale della West Bank, Ramallah, verso la fine di sabato.,<\/p>\n<div id=\"attachment_10762\" style=\"width: 498px\" class=\"wp-caption aligncenter\"><a href=\"http:\/\/reteitalianaism.it\/reteism\/index.php\/2019\/01\/27\/i-coloni-israeliani-uccidono-un-padre-palestinese-ne-feriscono-altre-30-vicino-a-ramallah\/498369c\/\" rel=\"attachment wp-att-10762\"><img loading=\"lazy\" decoding=\"async\" aria-describedby=\"caption-attachment-10762\" class=\" wp-image-10762\" src=\"http:\/\/reteitalianaism.it\/reteism\/wp-content\/uploads\/2019\/01\/498369C-300x199.jpg\" alt=\"\" width=\"488\" height=\"324\" srcset=\"https:\/\/reteitalianaism.it\/reteism\/wp-content\/uploads\/2019\/01\/498369C-300x199.jpg 300w, https:\/\/reteitalianaism.it\/reteism\/wp-content\/uploads\/2019\/01\/498369C.jpg 650w\" sizes=\"auto, (max-width: 488px) 100vw, 488px\" \/><\/a><p id=\"caption-attachment-10762\" class=\"wp-caption-text\">Naasan con i suoi quattro figli)<\/p><\/div>\n<p>Il Ministero della Sanit\u00e0 palestinese ha confermato che Hamdi Saadeh Naasan, 38 anni, padre di quattro figli ed ex prigioniero, \u00e8 arrivato all&#8217;ospedale in condizioni critiche, dove \u00e8 deceduto per le sue ferite poco dopo.<br \/>\nIl ministero ha inoltre confermato che i coloni israeliani hanno sparato a Naasan con un proiettile vero alle sue spalle.<!--more--><br \/>\nIl ministero ha aggiunto che i coloni israeliani hanno ferito altri 30 palestinesi, di cui sei sono stati feriti con munizioni vere in varie parti del corpo.<br \/>\nFonti locali hanno riferito a Ma&#8217;an che violenti scontri sono scoppiati tra i coloni israeliani, che sono stati scortati dalla pesante protezione delle forze israeliane, e palestinesi, per impedire ai coloni di entrare nel villaggio di al-Mughayyir dal suo ingresso settentrionale.<br \/>\nFonti hanno aggiunto che le forze israeliane hanno sparato ripetutamente proiettili vivi, proiettili di acciaio rivestiti di gomma e granate stordenti verso i palestinesi per disperderli.<br \/>\nDozzine di palestinesi del vicino villaggio di Khirbet, Abu Falah, sono arrivati \u200b\u200bad al-Mughayyir per aiutare la sua gente a fronteggiare l&#8217;attacco dei coloni israeliani.<br \/>\nLa storia continua &#8230;<\/p>\n<div id=\"attachment_10764\" style=\"width: 497px\" class=\"wp-caption aligncenter\"><a href=\"http:\/\/reteitalianaism.it\/reteism\/index.php\/2019\/01\/27\/i-coloni-israeliani-uccidono-un-padre-palestinese-ne-feriscono-altre-30-vicino-a-ramallah\/498371c\/\" rel=\"attachment wp-att-10764\"><img loading=\"lazy\" decoding=\"async\" aria-describedby=\"caption-attachment-10764\" class=\" wp-image-10764\" src=\"http:\/\/reteitalianaism.it\/reteism\/wp-content\/uploads\/2019\/01\/498371C-300x199.jpg\" alt=\"\" width=\"487\" height=\"323\" srcset=\"https:\/\/reteitalianaism.it\/reteism\/wp-content\/uploads\/2019\/01\/498371C-300x199.jpg 300w, https:\/\/reteitalianaism.it\/reteism\/wp-content\/uploads\/2019\/01\/498371C.jpg 650w\" sizes=\"auto, (max-width: 487px) 100vw, 487px\" \/><\/a><p id=\"caption-attachment-10764\" class=\"wp-caption-text\">Naasan con due dei suoi figli<\/p><\/div>\n<p>Tra 500.000 e 600.000 israeliani vivono in insediamenti solo ebrei in tutta Gerusalemme Est occupata e in Cisgiordania in violazione del diritto internazionale, con recenti annunci di espansione degli insediamenti che provocano la condanna da parte della comunit\u00e0 internazionale.<br \/>\nLa maggior parte degli attacchi dei coloni commessi contro i palestinesi vengono fatti impunemente, con gli israeliani che raramente affrontano le conseguenze di tali attacchi.<br \/>\nSolo l&#8217;1,9% delle denunce presentate dai palestinesi contro gli attacchi dei coloni israeliani ha portato a una condanna, ha riferito il gruppo israeliano per i diritti umani Yesh Din.<br \/>\nSecondo un rapporto della ONG israeliana B&#8217;Tselem, &#8220;Israele rende possibile questa realt\u00e0 con la sua deliberata mancanza di forze dell&#8217;ordine e inviando soldati a sorvegliare i coloni che attaccano i palestinesi e persino li aiutano e ne traggono i benefici. Nessuna macchina, nessun campo \u00e8 sicuro, e i coloni possono fare ci\u00f2 che vogliono senza subirne conseguenze. Vivere nel timore costante di ci\u00f2 che verr\u00e0 \u00e8 parte integrante della vita quotidiana sotto l&#8217;occupazione &#8220;.<\/p>\n<div id=\"attachment_10763\" style=\"width: 473px\" class=\"wp-caption aligncenter\"><a href=\"http:\/\/reteitalianaism.it\/reteism\/index.php\/2019\/01\/27\/i-coloni-israeliani-uccidono-un-padre-palestinese-ne-feriscono-altre-30-vicino-a-ramallah\/498370c\/\" rel=\"attachment wp-att-10763\"><img loading=\"lazy\" decoding=\"async\" aria-describedby=\"caption-attachment-10763\" class=\" wp-image-10763\" src=\"http:\/\/reteitalianaism.it\/reteism\/wp-content\/uploads\/2019\/01\/498370C-300x199.jpg\" alt=\"\" width=\"463\" height=\"307\" srcset=\"https:\/\/reteitalianaism.it\/reteism\/wp-content\/uploads\/2019\/01\/498370C-300x199.jpg 300w, https:\/\/reteitalianaism.it\/reteism\/wp-content\/uploads\/2019\/01\/498370C.jpg 650w\" sizes=\"auto, (max-width: 463px) 100vw, 463px\" \/><\/a><p id=\"caption-attachment-10763\" class=\"wp-caption-text\">La famiglia di Naasan \u00e8 in lutto per la morte in ospedale<\/p><\/div>\n","protected":false},"excerpt":{"rendered":"<p>https:\/\/maannews.com\/Content.aspx?id=782362 27 Gennaio \u00a02019 \u00a0 RAMALLAH (Ma&#8217;an) &#8211; I coloni israeliani hanno ucciso un padre palestinese e ne hanno feriti altri 30 dopo aver tentato di razziare il villaggio di al-Mughayyir, a est della citt\u00e0 centrale della West Bank, Ramallah, &hellip; <a href=\"https:\/\/reteitalianaism.it\/reteism\/index.php\/2019\/01\/27\/i-coloni-israeliani-uccidono-un-padre-palestinese-ne-feriscono-altre-30-vicino-a-ramallah\/\">Continue reading <span class=\"meta-nav\">&rarr;<\/span><\/a><\/p>\n","protected":false},"author":2,"featured_media":0,"comment_status":"open","ping_status":"open","sticky":false,"template":"","format":"standard","meta":{"footnotes":""},"categories":[3],"tags":[37,50,155],"class_list":["post-10761","post","type-post","status-publish","format-standard","hentry","category-info","tag-occupazione","tag-violenza-dei-coloni","tag-west-bank-occupata"],"_links":{"self":[{"href":"https:\/\/reteitalianaism.it\/reteism\/index.php\/wp-json\/wp\/v2\/posts\/10761","targetHints":{"allow":["GET"]}}],"collection":[{"href":"https:\/\/reteitalianaism.it\/reteism\/index.php\/wp-json\/wp\/v2\/posts"}],"about":[{"href":"https:\/\/reteitalianaism.it\/reteism\/index.php\/wp-json\/wp\/v2\/types\/post"}],"author":[{"embeddable":true,"href":"https:\/\/reteitalianaism.it\/reteism\/index.php\/wp-json\/wp\/v2\/users\/2"}],"replies":[{"embeddable":true,"href":"https:\/\/reteitalianaism.it\/reteism\/index.php\/wp-json\/wp\/v2\/comments?post=10761"}],"version-history":[{"count":3,"href":"https:\/\/reteitalianaism.it\/reteism\/index.php\/wp-json\/wp\/v2\/posts\/10761\/revisions"}],"predecessor-version":[{"id":10767,"href":"https:\/\/reteitalianaism.it\/reteism\/index.php\/wp-json\/wp\/v2\/posts\/10761\/revisions\/10767"}],"wp:attachment":[{"href":"https:\/\/reteitalianaism.it\/reteism\/index.php\/wp-json\/wp\/v2\/media?parent=10761"}],"wp:term":[{"taxonomy":"category","embeddable":true,"href":"https:\/\/reteitalianaism.it\/reteism\/index.php\/wp-json\/wp\/v2\/categories?post=10761"},{"taxonomy":"post_tag","embeddable":true,"href":"https:\/\/reteitalianaism.it\/reteism\/index.php\/wp-json\/wp\/v2\/tags?post=10761"}],"curies":[{"name":"wp","href":"https:\/\/api.w.org\/{rel}","templated":true}]}}