{"id":10819,"date":"2019-02-06T21:58:49","date_gmt":"2019-02-06T20:58:49","guid":{"rendered":"http:\/\/reteitalianaism.it\/reteism\/?p=10819"},"modified":"2019-02-06T21:58:49","modified_gmt":"2019-02-06T20:58:49","slug":"ero-un-colono-so-come-i-coloni-diventano-assassini","status":"publish","type":"post","link":"https:\/\/reteitalianaism.it\/reteism\/index.php\/2019\/02\/06\/ero-un-colono-so-come-i-coloni-diventano-assassini\/","title":{"rendered":"Ero un colono. So come i coloni diventano assassini"},"content":{"rendered":"<p><a href=\"https:\/\/www.haaretz.com\/israel-news\/.premium-i-was-a-settler-i-know-how-settlers-became-killers-1.6893477?fbclid=IwAR38CKbifS7zJFxrcZ5rs-HOzZt0_HcFjgTxANxftnBFte6OgX0C59bpVmg\">https:\/\/www.haaretz.com\/israel-news\/.premium-i-was-a-settler-i-know-how-settlers-became-killers-<\/a><br \/>\nHo aiutato a stabilire l&#8217;avamposto illegale della Cisgiordania, dove studiavano i sospetti nell&#8217;omicidio di una donna palestinese, Aisha Rabi. Ho visto la destra israeliana radicalizzare al punto di svalutare la vita umana &#8211; per chiunque non sia ebreo<\/p>\n<div id=\"attachment_10820\" style=\"width: 525px\" class=\"wp-caption aligncenter\"><a href=\"http:\/\/reteitalianaism.it\/reteism\/index.php\/2019\/02\/06\/ero-un-colono-so-come-i-coloni-diventano-assassini\/1-6893585-3125256399\/\" rel=\"attachment wp-att-10820\"><img loading=\"lazy\" decoding=\"async\" aria-describedby=\"caption-attachment-10820\" class=\"wp-image-10820\" src=\"http:\/\/reteitalianaism.it\/reteism\/wp-content\/uploads\/2019\/02\/1.6893585.3125256399-300x169.jpg\" alt=\"\" width=\"515\" height=\"290\" srcset=\"https:\/\/reteitalianaism.it\/reteism\/wp-content\/uploads\/2019\/02\/1.6893585.3125256399-300x169.jpg 300w, https:\/\/reteitalianaism.it\/reteism\/wp-content\/uploads\/2019\/02\/1.6893585.3125256399-768x432.jpg 768w, https:\/\/reteitalianaism.it\/reteism\/wp-content\/uploads\/2019\/02\/1.6893585.3125256399.jpg 857w\" sizes=\"auto, (max-width: 515px) 100vw, 515px\" \/><\/a><p id=\"caption-attachment-10820\" class=\"wp-caption-text\">Un colono ebreo reagisce dopo essere stato arrestato dai poliziotti di confine israeliani ai margini della citt\u00e0 di Ramallah, in Cisgiordania. 16 aprile 2006REUTERS<\/p><\/div>\n<p>Ho lasciato l&#8217;insediamento di Rehelim in Cisgiordania circa nove anni fa. Da allora, ho attraversato un profondo processo di cambiamento per quanto riguarda la mia ideologia e fede, e oggi sono un critico radicale del progetto di insediamento.<!--more--><br \/>\nTuttavia, Rehelim \u00e8 significativo per me come un luogo in cui ho contribuito a stabilire inizialmente un avamposto illegale e dove alcuni dei miei figli sono nati e cresciuti. La consapevolezza che i giovani che studiano nella yeshiva di Rehelim sono accusati di aver ucciso li vicino una donna palestinese di 47 anni, Aisha al-Rabi, mi agita profondamente.<\/p>\n<p>&gt;&gt; Come \u00a0chiami un rabbino che protegge e difende i terroristi ebrei? &gt;&gt; Le loro pretese sono finite. La leadership dei coloni \u00e8 una banda di Vigilanti violenta e razzista.<\/p>\n<p>\u00c8 importante notare fin dall&#8217;inizio che, nonostante la risposta della leadership dei coloni, che ha spaziato dal silenzio vergognoso, all&#8217;apologetica, fino alla difesa diretta dei sospettati, i residenti di Rehelim &#8211; per quanto ne so &#8211; sono i coloni tradizionali, contrari a danneggiare le vite umane o avere un&#8217;attivit\u00e0 terroristica.<br \/>\nMa sfortunatamente, la corrente dominante dei coloni \u00e8 direttamente responsabile di questa grave ingiustizia, come parte dei fenomeni di criminalit\u00e0 nazionalista nei territori occupati. Le bande giovanili hanno perso ogni moderazione, e talvolta anche la dignit\u00e0 umana, questo \u00e8 il prodotto di anni di educazione in cui un&#8217;ideologia e una visione religiosa iper-nazionalista regnano sovrane.<\/p>\n<div id=\"attachment_10821\" style=\"width: 486px\" class=\"wp-caption aligncenter\"><a href=\"http:\/\/reteitalianaism.it\/reteism\/index.php\/2019\/02\/06\/ero-un-colono-so-come-i-coloni-diventano-assassini\/1-6893569-897015615\/\" rel=\"attachment wp-att-10821\"><img loading=\"lazy\" decoding=\"async\" aria-describedby=\"caption-attachment-10821\" class=\" wp-image-10821\" src=\"http:\/\/reteitalianaism.it\/reteism\/wp-content\/uploads\/2019\/02\/1.6893569.897015615-300x200.jpg\" alt=\"\" width=\"476\" height=\"317\" srcset=\"https:\/\/reteitalianaism.it\/reteism\/wp-content\/uploads\/2019\/02\/1.6893569.897015615-300x200.jpg 300w, https:\/\/reteitalianaism.it\/reteism\/wp-content\/uploads\/2019\/02\/1.6893569.897015615.jpg 640w\" sizes=\"auto, (max-width: 476px) 100vw, 476px\" \/><\/a><p id=\"caption-attachment-10821\" class=\"wp-caption-text\">costruzione illegale dell&#8217;avamposto Rehelim<\/p><\/div>\n<p>Non si tratta solo di rabbini estremisti che chiaramente aprono la strada al terrorismo ebraico attraverso libri come &#8220;The King&#8217;s Torah&#8221;, e il famigerato lavoro del 2010 pubblicato dalla yeshiva Od Yosef Chai nell&#8217;insediamento di Yitzhar che ha opinato che i non ebrei sono &#8221; per natura &#8220;non comprensiva&#8221; e gli attacchi contro di loro &#8220;frenano la loro inclinazione al male&#8221;, mentre i bambini e i figli dei nemici di Israele possono essere uccisi poich\u00e9 &#8220;\u00e8 chiaro che cresceranno per farci del male&#8221;.<br \/>\nPiuttosto, i responsabili di questo deterioramento morale sono rabbini, educatori e leader tradizionali. Questi individui apertamente \u00a0calpestano lo stato di diritto per costruire un&#8217;altra casa e occupare un&#8217;altra collina. Coloro che insegnano di conoscere meglio dello stato rispetto a ogni conflitto, si permettono di dettare la realt\u00e0 stabilendo fatti sul terreno.<\/p>\n<p>\u00c8 cos\u00ec che abbiamo creato Rehelim e come l&#8217;abbiamo sviluppato giorno dopo giorno. Eravamo determinati a stabilire un accordo l\u00ec, e anche se tutto ci\u00f2 che facevamo era illegale, \u00e8 successo. Tutte le nostre trasgressioni sono state cancellate retroattivamente, e la verit\u00e0 \u00e8 che non \u00e8 una sorpresa. I successivi governi israeliani, per i quali lo stato di diritto avrebbe dovuto essere una guida luminosa, ci hanno aiutato in ogni fase del processo.<br \/>\nMi chiedo spesso come ho avuto l&#8217;audacia di perseguire la mia ideologia e la mia fede quando sapevo che stavo infrangendo la legge, e quando il pi\u00f9 ampio pubblico israeliano non ha supportato le mie azioni n\u00e9 chiesto di farlo.<br \/>\nLa risposta a questa domanda \u00e8 direttamente intrecciata con i cambiamenti che si sono verificati tra il pubblico dei coloni nazional-religiosi negli ultimi anni. Per anni, l&#8217;impresa degli insediamenti ha resistito alla legge israeliana &#8211; e io non mi riferisco volutamente al diritto internazionale, ma piuttosto alla nostra legge israeliana. Questo non era n\u00e9 un errore innocente n\u00e9 un momento di debolezza; \u00e8 stato istituzionalizzato, quindi il metodo ha funzionato fin dall&#8217;inizio.<\/p>\n<p>La destra cap\u00ec che anche se non erano d&#8217;accordo su tutto, solo l&#8217;allineamento collettivo, un fronte unito contro i nemici dell&#8217;impresa insediamento, avrebbe mantenuto il successo. Da quando questa intuizione \u00e8 comparsa, abbiamo visto un significativo processo di radicalizzazione tra tutti i ranghi della destra.<br \/>\nIl furto criminale e la costruzione non infastidiscono pi\u00f9 nessuno a destra, e nessuno si oppone a tale condotta. In passato i danni ai palestinesi o alle loro propriet\u00e0 erano debolmente condannati da alcuni esponenti della destra, ma oggi non esiste una tale voce.<\/p>\n<div id=\"attachment_10822\" style=\"width: 495px\" class=\"wp-caption aligncenter\"><a href=\"http:\/\/reteitalianaism.it\/reteism\/index.php\/2019\/02\/06\/ero-un-colono-so-come-i-coloni-diventano-assassini\/1-6825568-664633151\/\" rel=\"attachment wp-att-10822\"><img loading=\"lazy\" decoding=\"async\" aria-describedby=\"caption-attachment-10822\" class=\" wp-image-10822\" src=\"http:\/\/reteitalianaism.it\/reteism\/wp-content\/uploads\/2019\/02\/1.6825568.664633151-300x200.jpg\" alt=\"\" width=\"485\" height=\"323\" srcset=\"https:\/\/reteitalianaism.it\/reteism\/wp-content\/uploads\/2019\/02\/1.6825568.664633151-300x200.jpg 300w, https:\/\/reteitalianaism.it\/reteism\/wp-content\/uploads\/2019\/02\/1.6825568.664633151.jpg 640w\" sizes=\"auto, (max-width: 485px) 100vw, 485px\" \/><\/a><p id=\"caption-attachment-10822\" class=\"wp-caption-text\">I palestinesi portano il corpo di Aisha Rabi, 48 anni, durante i suoi funerali nel villaggio di Biddya in Cisgiordania. 13 ottobre 2018<\/p><\/div>\n<p>Solo durante l&#8217;ultimo mandato del governo abbiamo assistito al cambiamento significativo che si \u00e8 verificato. Durante le indagini di coloro che sono stati sospettati di aver compiuto il terribile attacco nel villaggio palestinese di Duma, in cui tre membri della famiglia Dawabsheh sono stati bruciati vivi, la principale risposta del ministro dell&#8217;Istruzione Naftali Bennett e del ministro della giustizia Ayelet Shaked \u00e8 stata la critica degli interrogatori del servizio di sicurezza Shin Bet &#8211; e non del crimine stesso efferato.<\/p>\n<p>Questa volta, il ministro della Giustizia Shaked ha chiamato e persino incontrato le famiglie dei giovani detenuti con l&#8217;accusa di omicidio di Rabi, pur mantenendo una posizione nominale di &#8220;non interferenza&#8221; riguardo alle indagini.<br \/>\nOggi, tutti e due insieme a tutti i leader della destra, rimangono clamorosamente in silenzio sull&#8217;assassinio di Aisha Rabi e sull&#8217;identit\u00e0 dei suoi aggressori. Questo silenzio fragoroso \u00e8 la perfetta incarnazione dell&#8217;allineamento collettivo: per il fine ultimo, tutti i mezzi sono giustificabili. E le azioni parlano pi\u00f9 delle parole.<br \/>\nCome ho notato, Rehelim, per quanto io conosca il luogo e i suoi residenti, non \u00e8 un accordo estremo in relazione agli altri. Tuttavia anni di calpestamento della morale e della legge hanno trascinato i residenti locali in un unico blocco collettivo, insieme a tutti i coloni e alla destra in generale.<br \/>\nQuesto collettivo non condanner\u00e0 neppure atti spregevoli di terrore e svaluter\u00e0 anche il significato della vita umana, per chiunque non sia ebreo.<br \/>\n<em>Shabtay Bendet, padre di sette figli, vive a Jaffa ed \u00e8 a capo della squadra di Osservatori della pace di Settlement. In passato era un giornalista per il sito web di notizie Walla (che copriva i territori occupati e i settori religiosi e ultra-ortodossi) e in passato era un colono religioso e un fondatore del primo avamposto in Cisgiordania. Twitter: @ Shabi72<\/em><\/p>\n","protected":false},"excerpt":{"rendered":"<p>https:\/\/www.haaretz.com\/israel-news\/.premium-i-was-a-settler-i-know-how-settlers-became-killers- Ho aiutato a stabilire l&#8217;avamposto illegale della Cisgiordania, dove studiavano i sospetti nell&#8217;omicidio di una donna palestinese, Aisha Rabi. Ho visto la destra israeliana radicalizzare al punto di svalutare la vita umana &#8211; per chiunque non sia ebreo Ho &hellip; <a href=\"https:\/\/reteitalianaism.it\/reteism\/index.php\/2019\/02\/06\/ero-un-colono-so-come-i-coloni-diventano-assassini\/\">Continue reading <span class=\"meta-nav\">&rarr;<\/span><\/a><\/p>\n","protected":false},"author":2,"featured_media":0,"comment_status":"open","ping_status":"open","sticky":false,"template":"","format":"standard","meta":{"footnotes":""},"categories":[3,68],"tags":[84,50],"class_list":["post-10819","post","type-post","status-publish","format-standard","hentry","category-info","category-opinioni","tag-colonie-illegali","tag-violenza-dei-coloni"],"_links":{"self":[{"href":"https:\/\/reteitalianaism.it\/reteism\/index.php\/wp-json\/wp\/v2\/posts\/10819","targetHints":{"allow":["GET"]}}],"collection":[{"href":"https:\/\/reteitalianaism.it\/reteism\/index.php\/wp-json\/wp\/v2\/posts"}],"about":[{"href":"https:\/\/reteitalianaism.it\/reteism\/index.php\/wp-json\/wp\/v2\/types\/post"}],"author":[{"embeddable":true,"href":"https:\/\/reteitalianaism.it\/reteism\/index.php\/wp-json\/wp\/v2\/users\/2"}],"replies":[{"embeddable":true,"href":"https:\/\/reteitalianaism.it\/reteism\/index.php\/wp-json\/wp\/v2\/comments?post=10819"}],"version-history":[{"count":2,"href":"https:\/\/reteitalianaism.it\/reteism\/index.php\/wp-json\/wp\/v2\/posts\/10819\/revisions"}],"predecessor-version":[{"id":10824,"href":"https:\/\/reteitalianaism.it\/reteism\/index.php\/wp-json\/wp\/v2\/posts\/10819\/revisions\/10824"}],"wp:attachment":[{"href":"https:\/\/reteitalianaism.it\/reteism\/index.php\/wp-json\/wp\/v2\/media?parent=10819"}],"wp:term":[{"taxonomy":"category","embeddable":true,"href":"https:\/\/reteitalianaism.it\/reteism\/index.php\/wp-json\/wp\/v2\/categories?post=10819"},{"taxonomy":"post_tag","embeddable":true,"href":"https:\/\/reteitalianaism.it\/reteism\/index.php\/wp-json\/wp\/v2\/tags?post=10819"}],"curies":[{"name":"wp","href":"https:\/\/api.w.org\/{rel}","templated":true}]}}