{"id":10845,"date":"2019-02-10T11:38:30","date_gmt":"2019-02-10T10:38:30","guid":{"rendered":"http:\/\/reteitalianaism.it\/reteism\/?p=10845"},"modified":"2019-02-10T11:40:13","modified_gmt":"2019-02-10T10:40:13","slug":"il-celebre-cantante-islandese-paul-oscar-invita-il-suo-paese-a-boicottare-eurovision-in-israele","status":"publish","type":"post","link":"https:\/\/reteitalianaism.it\/reteism\/index.php\/2019\/02\/10\/il-celebre-cantante-islandese-paul-oscar-invita-il-suo-paese-a-boicottare-eurovision-in-israele\/","title":{"rendered":"Il celebre cantante islandese Paul Oscar invita il suo Paese a boicottare Eurovision in Israele"},"content":{"rendered":"<p>07 febbraio 2019<\/p>\n<p><a href=\"https:\/\/www.haaretz.com\/world-news\/europe\/famed-icelandic-singer-paul-oscar-calls-to-boycott-eurovision-in-israel-1.6914876?fbclid=IwAR2NNnxXwI6BdVwNDd-GeHJK38mqrxvyjBAKcJsYLlI55LV6ISMs2ufSHPc\">https:\/\/www.haaretz.com\/world-news\/europe\/famed-icelandic-singer-paul-oscar-calls-to-boycott-eurovision-in-israel-1.6914876?fbclid=IwAR2NNnxXwI6BdVwNDd-GeHJK38mqrxvyjBAKcJsYLlI55LV6ISMs2ufSHPc<\/a><\/p>\n<p><em>&#8220;La tragedia \u00e8 che gli ebrei non hanno imparato nulla dall&#8217;Olocausto&#8221;, dice l&#8217;ex rappresentante dell&#8217;Eurovisione islandese<\/em><\/p>\n<p><a href=\"http:\/\/reteitalianaism.it\/reteism\/wp-content\/uploads\/2019\/02\/1.6915076.2788859997.jpg\"><img loading=\"lazy\" decoding=\"async\" class=\" wp-image-10846 aligncenter\" src=\"http:\/\/reteitalianaism.it\/reteism\/wp-content\/uploads\/2019\/02\/1.6915076.2788859997-300x169.jpg\" alt=\"\" width=\"464\" height=\"261\" srcset=\"https:\/\/reteitalianaism.it\/reteism\/wp-content\/uploads\/2019\/02\/1.6915076.2788859997-300x169.jpg 300w, https:\/\/reteitalianaism.it\/reteism\/wp-content\/uploads\/2019\/02\/1.6915076.2788859997-768x432.jpg 768w, https:\/\/reteitalianaism.it\/reteism\/wp-content\/uploads\/2019\/02\/1.6915076.2788859997.jpg 857w\" sizes=\"auto, (max-width: 464px) 100vw, 464px\" \/><\/a>Pall Oskar, conosciuto all&#8217;estero come Paul Oscar, che ha rappresentato l&#8217;Islanda all&#8217;Eurovision Song Contest nel 1997, chiede all&#8217;Islanda di ritirarsi dall&#8217;evento da quando esso \u00e8 tenuto in Israele.<\/p>\n<p>Durante un&#8217;intervista di marted\u00ec all&#8217;emittente radiofonica nazionale R\u00e1s 1, Oskar ha passato in rassegna le sue critiche contro Israele, contro suo trattamento dei palestinesi, nonch\u00e9 contro il suo antisemitismo, secondo quanto riportato dalla fonte inglese a Reykjavik, Grapevine.<!--more--><br \/>\n<em>&#8220;La ragione per cui il resto dell&#8217;Europa \u00e8 stata virtualmente silenziosa \u00e8 che gli ebrei si sono intrecciati nel tessuto dell&#8217;Europa in un modo molto subdolo per molto tempo. Non \u00e8\u00a0n\u00e9\u00a0bello\u00a0n\u00e9\u00a0alla moda essere pro-Palestina in Gran Bretagna &#8220;<\/em>, ha detto.<\/p>\n<p><em>&#8220;La tragedia \u00e8 che gli ebrei non hanno imparato nulla dall&#8217;Olocausto. Al contrario, hanno preso la stessa identica politica del loro peggior nemico &#8220;.<\/em><br \/>\nOskar si \u00e8 scusato in un post su Facebook per aver accomunato Israele con il popolo ebraico.<\/p>\n<p><em>&#8220;Ammetto senza riserve che ho messo il governo israeliano, l&#8217;esercito israeliano e il popolo ebraico sotto lo stesso cappello&#8221;<\/em>, ha scritto<em>. &#8220;Ho fatto giudizi e generalizzazioni sul popolo ebraico&#8221;.<\/em> Oskar ha dichiarato che le sue critiche a Israele sono comunque valide.<br \/>\n<em>&#8220;Il governo di Israele, l&#8217;esercito di Israele e il loro governo, d&#8217;altra parte, non ricevono sconti&#8221;,<\/em> ha detto. <em>&#8220;Il resto del commento \u00e8 valido.&#8221;<\/em><\/p>\n","protected":false},"excerpt":{"rendered":"<p>07 febbraio 2019 https:\/\/www.haaretz.com\/world-news\/europe\/famed-icelandic-singer-paul-oscar-calls-to-boycott-eurovision-in-israel-1.6914876?fbclid=IwAR2NNnxXwI6BdVwNDd-GeHJK38mqrxvyjBAKcJsYLlI55LV6ISMs2ufSHPc &#8220;La tragedia \u00e8 che gli ebrei non hanno imparato nulla dall&#8217;Olocausto&#8221;, dice l&#8217;ex rappresentante dell&#8217;Eurovisione islandese Pall Oskar, conosciuto all&#8217;estero come Paul Oscar, che ha rappresentato l&#8217;Islanda all&#8217;Eurovision Song Contest nel 1997, chiede all&#8217;Islanda di ritirarsi &hellip; <a href=\"https:\/\/reteitalianaism.it\/reteism\/index.php\/2019\/02\/10\/il-celebre-cantante-islandese-paul-oscar-invita-il-suo-paese-a-boicottare-eurovision-in-israele\/\">Continue reading <span class=\"meta-nav\">&rarr;<\/span><\/a><\/p>\n","protected":false},"author":6,"featured_media":0,"comment_status":"open","ping_status":"open","sticky":false,"template":"","format":"standard","meta":{"footnotes":""},"categories":[3],"tags":[76,197,16,37],"class_list":["post-10845","post","type-post","status-publish","format-standard","hentry","category-info","tag-bds","tag-boicotta-eurovision","tag-campagna-bds","tag-occupazione"],"_links":{"self":[{"href":"https:\/\/reteitalianaism.it\/reteism\/index.php\/wp-json\/wp\/v2\/posts\/10845","targetHints":{"allow":["GET"]}}],"collection":[{"href":"https:\/\/reteitalianaism.it\/reteism\/index.php\/wp-json\/wp\/v2\/posts"}],"about":[{"href":"https:\/\/reteitalianaism.it\/reteism\/index.php\/wp-json\/wp\/v2\/types\/post"}],"author":[{"embeddable":true,"href":"https:\/\/reteitalianaism.it\/reteism\/index.php\/wp-json\/wp\/v2\/users\/6"}],"replies":[{"embeddable":true,"href":"https:\/\/reteitalianaism.it\/reteism\/index.php\/wp-json\/wp\/v2\/comments?post=10845"}],"version-history":[{"count":1,"href":"https:\/\/reteitalianaism.it\/reteism\/index.php\/wp-json\/wp\/v2\/posts\/10845\/revisions"}],"predecessor-version":[{"id":10847,"href":"https:\/\/reteitalianaism.it\/reteism\/index.php\/wp-json\/wp\/v2\/posts\/10845\/revisions\/10847"}],"wp:attachment":[{"href":"https:\/\/reteitalianaism.it\/reteism\/index.php\/wp-json\/wp\/v2\/media?parent=10845"}],"wp:term":[{"taxonomy":"category","embeddable":true,"href":"https:\/\/reteitalianaism.it\/reteism\/index.php\/wp-json\/wp\/v2\/categories?post=10845"},{"taxonomy":"post_tag","embeddable":true,"href":"https:\/\/reteitalianaism.it\/reteism\/index.php\/wp-json\/wp\/v2\/tags?post=10845"}],"curies":[{"name":"wp","href":"https:\/\/api.w.org\/{rel}","templated":true}]}}