{"id":10979,"date":"2019-03-07T13:34:23","date_gmt":"2019-03-07T12:34:23","guid":{"rendered":"http:\/\/reteitalianaism.it\/reteism\/?p=10979"},"modified":"2019-03-07T13:47:36","modified_gmt":"2019-03-07T12:47:36","slug":"parlare-apertamente-nei-tempi-dellapartheid-a-berlino","status":"publish","type":"post","link":"https:\/\/reteitalianaism.it\/reteism\/index.php\/2019\/03\/07\/parlare-apertamente-nei-tempi-dellapartheid-a-berlino\/","title":{"rendered":"Parlare apertamente nei tempi dell&#8217;apartheid, a Berlino"},"content":{"rendered":"<p>luglio 2017<\/p>\n<p><a href=\"https:\/\/mondoweiss.net\/2017\/07\/speaking-apartheid-berlin\/?fbclid=IwAR38D8AqG0lUzc-EgvKEUcO-R4GPM_wYke-Irptj9P9eRox9-TiEm6hM4pM\">https:\/\/mondoweiss.net\/2017\/07\/speaking-apartheid-berlin\/?fbclid=IwAR38D8AqG0lUzc-EgvKEUcO-R4GPM_wYke-Irptj9P9eRox9-TiEm6hM4pM<\/a><\/p>\n<p><a href=\"http:\/\/reteitalianaism.it\/reteism\/wp-content\/uploads\/2019\/03\/Aliza-Lavie.jpg\"><img loading=\"lazy\" decoding=\"async\" class=\" wp-image-10980 aligncenter\" src=\"http:\/\/reteitalianaism.it\/reteism\/wp-content\/uploads\/2019\/03\/Aliza-Lavie-300x159.jpg\" alt=\"\" width=\"437\" height=\"232\" srcset=\"https:\/\/reteitalianaism.it\/reteism\/wp-content\/uploads\/2019\/03\/Aliza-Lavie-300x159.jpg 300w, https:\/\/reteitalianaism.it\/reteism\/wp-content\/uploads\/2019\/03\/Aliza-Lavie.jpg 730w\" sizes=\"auto, (max-width: 437px) 100vw, 437px\" \/><\/a><\/p>\n<p><em>Il 20 giugno a Berlino, tre attivisti hanno interrotto un discorso di una parlamentare israeliana alla Humboldt University. La protesta ha generato errate caratterizzazioni nella stampa, incluso uno sforzo per diffamare la protesta come un &#8220;raduno di Hezbollah&#8221;. Questa \u00e8 una lettera aperta riguardante la protesta -Editor.<\/em><\/p>\n<p>Il 20 giugno 2017, noi, tre attivisti per i diritti umani, abbiamo intentato un atto di protesta politica, che \u00e8 stato diretto contro una rappresentante ufficiale dello stato israeliano, una membro della Knesset, Aliza Lavie (partito politico Yesh Atid). L&#8217;obiettivo dell&#8217;azione era duplice: in primo luogo, protestare contro l&#8217;evento &#8220;Hasbara&#8221; di Lavie, che era ospitato dalla Humboldt University, e in secondo luogo, per sensibilizzare l&#8217;opinione pubblica sulla responsabilit\u00e0 criminale di Israele nel perpetuare un regime di apartheid.<!--more--><\/p>\n<p><iframe loading=\"lazy\" title=\"Aliza Lavie, Chair of anti BDS lobby, interrupted at Humboldt Uni Berlin. #Humboldt3\" width=\"640\" height=\"360\" src=\"https:\/\/www.youtube.com\/embed\/87OWhVLsRuI?start=8&#038;feature=oembed\" frameborder=\"0\" allow=\"accelerometer; autoplay; clipboard-write; encrypted-media; gyroscope; picture-in-picture; web-share\" referrerpolicy=\"strict-origin-when-cross-origin\" allowfullscreen><\/iframe><\/p>\n<p>La stessa MK Lavie \u00e8 personalmente responsabile del suo ruolo di membro della coalizione che decise l&#8217;assalto alla Striscia di Gaza assediata nel 2014, dove oltre 2.200 persone sono state uccise, incluse 89 intere famiglie che sono state completamente cancellate. I manifestanti hanno iniziato sottolineando che Lavie si presenta all&#8217;Universit\u00e0 di Humboldt come rappresentante di uno stato criminale di apartheid. Dato che secondo il diritto internazionale il crimine dell&#8217;apartheid \u00e8 classificato come un crimine contro l&#8217;umanit\u00e0, noi, in quanto persone di coscienza, eravamo moralmente obbligati a svolgere la nostra responsabilit\u00e0 civile e denunciare quegli orrendi crimini che erano, e sono tuttora, in corso sotto il nostro nome.<\/p>\n<p><a href=\"https:\/\/drive.google.com\/file\/d\/0B2Gbhf9AeVzdSTF6LUhZWGVvNzQ\/edit\">Pratiche israeliane nei confronti del popolo palestinese e questione dell&#8217;apartheid, p.7 (testo in inglese)<\/a><\/p>\n<p><em>\u00a0\u275d Il rapporto conclude che il peso delle prove sostiene oltre ogni ragionevole dubbio la proposizione che Israele sia colpevole di imporre un regime di apartheid al popolo palestinese, che equivale alla commissione di un crimine contro l&#8217;umanit\u00e0, il cui divieto \u00e8 considerato jus cogens nel diritto consuetudinario internazionale. La comunit\u00e0 internazionale, in particolare le Nazioni Unite e le sue agenzie, e gli Stati membri, hanno l&#8217;obbligo legale di agire entro i limiti delle loro capacit\u00e0 per prevenire e punire i casi di apartheid che vengono responsabilmente portati alla loro attenzione. Pi\u00f9 specificamente, gli Stati hanno un dovere collettivo: (a) non riconoscere un regime di apartheid come lecito; (b) non aiutare o assistere uno Stato nel mantenimento di un regime di apartheid; e (c) cooperare con le Nazioni Unite e altri Stati per far cessare i regimi di apartheid. Le istituzioni e gli individui della societ\u00e0 civile hanno anche un dovere morale e politico di usare gli strumenti a loro disposizione per sensibilizzare su questa impresa criminale in corso e per esercitare pressioni su Israele al fine di persuaderla a smantellare le strutture dell&#8217;apartheid nel rispetto del diritto internazionale. Il rapporto termina con raccomandazioni generali e specifiche rivolte alle Nazioni Unite, ai governi nazionali, alla societ\u00e0 civile e agli attori privati \u200b\u200bsulle azioni da intraprendere in vista della constatazione che Israele mantiene un regime di apartheid nell&#8217;esercizio del proprio controllo sul popolo palestinese. \u275e<\/em><\/p>\n<p>Il nostro atto non violento di resistenza, di dire la verit\u00e0 a chi riveste una posizione di potere, corrisponde al nostro diritto costituzionale di libert\u00e0 di espressione, un diritto che non \u00e8 concesso dal regime israeliano e dal suo uso massiccio della censura statale. Nonostante ci\u00f2, la copertura mediatica tedesca dell&#8217;evento, non solo imprecisa ma anche al di sotto degli standard di scrittura giornalistica, si \u00e8 pienamente allineata con i media sionisti e l&#8217;ideologia di stato israeliana per rappresentare il nostro dovere civile come un&#8217;espressione illegittima di antisemitismo. Tale affermazione oltraggiosa si unisce a una tendenza molto pi\u00f9 inquietante e pi\u00f9 ampia osservata negli anni passati, che include le decisioni DIE LINKE e SPD per delegittimare e opprimere un movimento pacifico della societ\u00e0 civile che chiede il boicottaggio, il disinvestimento e le sanzioni contro lo Stato di Israele &#8211; una stato che non rispetta il diritto internazionale.<\/p>\n<p>Il coraggio civile, sosteniamo, \u00e8 la risposta al tentativo in corso di restringere la sfera discorsiva della Germania in cui gli individui che pensano in modo critico temono di essere inseriti nella lista nera e etichettati come antisemiti, azzerando cos\u00ec la possibilit\u00e0 di qualsiasi protesta significativa contro l&#8217;abuso del potere statale, colonialismo e violazione del diritto internazionale. La mancanza di capacit\u00e0 analitica di distinguere il razzismo contro gli ebrei dalla critica alle politiche israeliane viene costantemente usata per respingere ogni critica alle pratiche illegali e immorali di Israele.<\/p>\n<p>Questi tentativi di diffamazione sono tanto pi\u00f9 futili considerando che due attivisti sono cittadini israeliani e discendenti di ebrei sopravvissuti all&#8217;olocausto, ai treni della morte, alle marce della morte e ai campi di concentramento. Mentre il partito politico Yesh Atid abusa della memoria dell&#8217;olocausto per ottenere un guadagno politico, le calunnie contro di noi e le false accuse di antisemitismo sono tanto pi\u00f9 riprovevoli considerando la secolare opposizione ebraica al sionismo, compreso l&#8217;eredit\u00e0 dei sopravvissuti all&#8217;olocausto che si oppongono ai crimini del Sionismo.<\/p>\n<p>Scriviamo qui nel nome di Marek Edelman, un convinto anti-sionista che era vice comandante della Rivolta del ghetto di Varsavia, un eroe polacco (premiato con l&#8217;Ordine dell&#8217;Aquila bianca) e un cardiologo di fama mondiale. Tuttavia, lo Stato di Israele lavora attivamente per cancellare la sua esistenza dai libri di storia israeliani e ha fatto di tutto per negare la sua eredit\u00e0 di resistenza anti-nazista e antisionista. Quando il governo polacco ha celebrato i 50 anni di commemorazione della Rivolta del ghetto di Varsavia, il governo israeliano ha chiesto che Edelman, l&#8217;icona polacca che comandava la rivolta e uno dei suoi unici sopravvissuti, fosse escluso dalla cerimonia.<\/p>\n<p>Scriviamo qui nel nome di Hajo Meyer, il sopravvissuto del campo di concentramento di Auschwitz, direttore di A Different Jewish Voice (EAJG) e membro dell&#8217;International Jewish Jewish Anti-Zionist Network (IJAN). Meyer \u00e8 morto nell&#8217;agosto 2014 proprio il giorno in cui una lettera aperta firmata da 44 sopravvissuti all&#8217;olocausto e oltre 300 discendenti di sopravvissuti era stata pubblicata sul NY Times. La lettera, di cui Meyer \u00e8 stato il primo nella dei firmatari, accusa Israele di aver commesso niente meno che un genocidio a Gaza e invita il mondo a sostenere la campagna BDS per ritenere Israele responsabile delle sue azioni. Scriviamo anche qui nel nome di Hannah Arendt, Hedy Epstein, Victor Klemperer e molti altri.<\/p>\n<p>Uno degli attivisti israeliani ha ricordato a MK Lavie la sua complicit\u00e0 nel massacro di Gaza del 2014, si tratta del palestinese Majed Abusalama, testimone di prima mano e sopravvissuto di almeno tre assalti israeliani a Gaza nel 2008, 2009 e 2012, e che \u00e8 rimasto seduto tranquillamente durante tutto l&#8217;incontro. Durante la sessione di domande e risposte, Abusalama ha sollevato le sue lamentele riguardo al discorso di Lavie, cos\u00ec come la violenza fisica che alcuni degli organizzatori hanno ingaggiato contro i manifestanti, dopo di che \u00e8 stato espulso dalla sala.<\/p>\n<p>A seguito delle false affermazioni di Yesh Atid, i successivi resoconti dei media hanno accusato audacemente i manifestanti di violenza e antisemitismo, avallando la linea di propaganda israeliana che accusa le vittime:<\/p>\n<ol>\n<li>Noi, i dimostranti, eravamo composti da soli tre individui anzich\u00e9 dalle venti persone riportate nei media tedeschi. [1], [2], [3], [4]<\/li>\n<li>La nostra azione non era diretta al rappresentante politico Yesh Atid, la signora Dvorah Weinstein. In effetti, MK Lavie \u00e8 stata l&#8217;unica persona ad aver parlato nell&#8217;evento fino al momento del nostro intervento. Abbiamo anche affrontato direttamente MK Lavie per nome, come si pu\u00f2 vedere nel video dettagliato. [1], [2], [3], [4], [5]<\/li>\n<li>Una volta che la nostra protesta \u00e8 finita, tutti e tre abbiamo lasciato il campus. Pertanto, i presunti problemi di sicurezza sono fittizi per la loro stessa natura, per non parlare del fatto che il personale di sicurezza dell&#8217;universit\u00e0 non era affatto infastidito dalla nostra presenza. [1], [2], [3]<\/li>\n<li>Sebbene non ci sia stata alcuna violenza da parte nostra, l&#8217;incidente \u00e8 stato chiaramente violento e stiamo presentando una denuncia all&#8217;Universit\u00e0 Humboldt su questo argomento. La dimostrante donna \u00e8 stata aggredita da uno degli organizzatori dell&#8217;evento che l&#8217;ha colpita con i pugni sul volto. L&#8217;avvicinamento alla violenza pu\u00f2 essere visto nel video (vedere min 5:15), in cui la dimostrante viene afferrata e spinto mentre si difendeva dall&#8217;attaccante. Un membro del pubblico pu\u00f2 essere ascoltato nel video, urlando: &#8220;Non picchiarla!&#8221; e &#8220;Niente violenza!&#8221;.<\/li>\n<\/ol>\n<p>Sfortunatamente non sorprende affatto che la violazione della nostra autonomia corporea con l&#8217;uso di mezzi violenti non autorizzati per opprimere la dissidenza politica non abbia ricevuto uguale copertura, n\u00e9 sia stata affrontata dall&#8217;Universit\u00e0 Humboldt e dal Senato di Berlino. Inoltre, denunciamo la vergognosa posizione presa dall&#8217;Universit\u00e0 Humboldt in merito all&#8217;evento. E&#8217; rappresentazione di un momento estremamente oscuro che un&#8217;istituzione accademica pubblica di istruzione superiore, che pone al centro i valori umani, accolga all&#8217;interno della sua sede gli autori di un crimine contro l&#8217;umanit\u00e0.<\/p>\n<p>Vediamo il valore nel dialogo anche con coloro che hanno una visione diametralmente opposta alla nostra e quindi non avrebbero interrotto gli altri oratori durante l&#8217;evento.<br \/>\nAllo stesso tempo, sostenuti dai principi del diritto internazionale, riteniamo che a un rappresentante ufficiale di uno stato che viola sistematicamente la legge e lo fa per una questione di politica, uno stato il cui modus operandi \u00e8 la pratica dei crimini contro l&#8217;umanit\u00e0, non debba essere data possibilit\u00e0 di continuare le sue pratiche illegittime. Certamente, non dovrebbe essere accolta all&#8217;interno delle sale del mondo accademico, che afferma di trarre la sua ragion d&#8217;essere dai nostri valori umani e umanistici condivisi. Ci\u00f2 vale anche per gli obblighi legali di qualsiasi stato e in particolare dello stato tedesco.<\/p>\n<p>Dato il tentativo di ridurre al silenzio la libert\u00e0 di espressione in Germania su questi temi, riteniamo che questa disposizione sia pericolosa per il futuro della sfera civile tedesca nel suo insieme. Esortiamo tutti coloro di voi che supportano i valori di una societ\u00e0 civile libera a prendere posizione contro l&#8217;oppressione statale e chiedere la fine della complicit\u00e0 tedesca nelle violazioni del diritto internazionale &#8211; anche per quanto riguarda il caso israeliano. Vi chiediamo di esprimere la vostra posizione, di stare dalla parte giusta della storia e di unirvi a noi nella lotta per la libert\u00e0, l&#8217;uguaglianza e la giustizia in Israele-Palestina.<\/p>\n<p><em>continuando ad andare avanti,<\/em><\/p>\n<p><em>Stavit Sinai, Majed Abusalama, Ronnie Barkan<\/em><\/p>\n","protected":false},"excerpt":{"rendered":"<p>luglio 2017 https:\/\/mondoweiss.net\/2017\/07\/speaking-apartheid-berlin\/?fbclid=IwAR38D8AqG0lUzc-EgvKEUcO-R4GPM_wYke-Irptj9P9eRox9-TiEm6hM4pM Il 20 giugno a Berlino, tre attivisti hanno interrotto un discorso di una parlamentare israeliana alla Humboldt University. La protesta ha generato errate caratterizzazioni nella stampa, incluso uno sforzo per diffamare la protesta come un &#8220;raduno di &hellip; <a href=\"https:\/\/reteitalianaism.it\/reteism\/index.php\/2019\/03\/07\/parlare-apertamente-nei-tempi-dellapartheid-a-berlino\/\">Continue reading <span class=\"meta-nav\">&rarr;<\/span><\/a><\/p>\n","protected":false},"author":6,"featured_media":0,"comment_status":"open","ping_status":"open","sticky":false,"template":"","format":"standard","meta":{"footnotes":""},"categories":[3],"tags":[9,76,16,176],"class_list":["post-10979","post","type-post","status-publish","format-standard","hentry","category-info","tag-apartheid","tag-bds","tag-campagna-bds","tag-diritti-fondamentali"],"_links":{"self":[{"href":"https:\/\/reteitalianaism.it\/reteism\/index.php\/wp-json\/wp\/v2\/posts\/10979","targetHints":{"allow":["GET"]}}],"collection":[{"href":"https:\/\/reteitalianaism.it\/reteism\/index.php\/wp-json\/wp\/v2\/posts"}],"about":[{"href":"https:\/\/reteitalianaism.it\/reteism\/index.php\/wp-json\/wp\/v2\/types\/post"}],"author":[{"embeddable":true,"href":"https:\/\/reteitalianaism.it\/reteism\/index.php\/wp-json\/wp\/v2\/users\/6"}],"replies":[{"embeddable":true,"href":"https:\/\/reteitalianaism.it\/reteism\/index.php\/wp-json\/wp\/v2\/comments?post=10979"}],"version-history":[{"count":2,"href":"https:\/\/reteitalianaism.it\/reteism\/index.php\/wp-json\/wp\/v2\/posts\/10979\/revisions"}],"predecessor-version":[{"id":10982,"href":"https:\/\/reteitalianaism.it\/reteism\/index.php\/wp-json\/wp\/v2\/posts\/10979\/revisions\/10982"}],"wp:attachment":[{"href":"https:\/\/reteitalianaism.it\/reteism\/index.php\/wp-json\/wp\/v2\/media?parent=10979"}],"wp:term":[{"taxonomy":"category","embeddable":true,"href":"https:\/\/reteitalianaism.it\/reteism\/index.php\/wp-json\/wp\/v2\/categories?post=10979"},{"taxonomy":"post_tag","embeddable":true,"href":"https:\/\/reteitalianaism.it\/reteism\/index.php\/wp-json\/wp\/v2\/tags?post=10979"}],"curies":[{"name":"wp","href":"https:\/\/api.w.org\/{rel}","templated":true}]}}