{"id":11078,"date":"2019-03-29T17:44:04","date_gmt":"2019-03-29T16:44:04","guid":{"rendered":"http:\/\/reteitalianaism.it\/reteism\/?p=11078"},"modified":"2019-03-29T17:44:04","modified_gmt":"2019-03-29T16:44:04","slug":"a-un-anno-dalla-grande-marcia-del-ritorno-piango-ancora-la-mia-figlia-razan-uccisa-a-sangue-freddo","status":"publish","type":"post","link":"https:\/\/reteitalianaism.it\/reteism\/index.php\/2019\/03\/29\/a-un-anno-dalla-grande-marcia-del-ritorno-piango-ancora-la-mia-figlia-razan-uccisa-a-sangue-freddo\/","title":{"rendered":"A UN ANNO DALLA GRANDE MARCIA DEL RITORNO PIANGO ANCORA \u00a0LA MIA FIGLIA RAZAN, UCCISA A SANGUE FREDDO"},"content":{"rendered":"<p><a href=\"http:\/\/qudsnen.co\/a-year-on-from-the-great-march-of-return-i-still-mourn-my-daughter-razan-killed-in-cold-blood\/?fbclid=IwAR2_e16F3ZD2Qh9lLKb9EMh9TQ8xjWDCh1sO3wHKe66A-hH4RBth1yOtcTU\">http:\/\/qudsnen.co\/<\/a><br \/>\n27 marzo 2019<\/p>\n<p>Aveva 20 anni quando le hanno sparato.<\/p>\n<p><a href=\"http:\/\/reteitalianaism.it\/reteism\/index.php\/2019\/03\/29\/a-un-anno-dalla-grande-marcia-del-ritorno-piango-ancora-la-mia-figlia-razan-uccisa-a-sangue-freddo\/20180602_2_30695653_34300481_web-960x640\/\" rel=\"attachment wp-att-11079\"><img loading=\"lazy\" decoding=\"async\" class=\"aligncenter  wp-image-11079\" src=\"http:\/\/reteitalianaism.it\/reteism\/wp-content\/uploads\/2019\/03\/20180602_2_30695653_34300481_Web-960x640-300x200.jpg\" alt=\"\" width=\"470\" height=\"313\" srcset=\"https:\/\/reteitalianaism.it\/reteism\/wp-content\/uploads\/2019\/03\/20180602_2_30695653_34300481_Web-960x640-300x200.jpg 300w, https:\/\/reteitalianaism.it\/reteism\/wp-content\/uploads\/2019\/03\/20180602_2_30695653_34300481_Web-960x640-768x512.jpg 768w, https:\/\/reteitalianaism.it\/reteism\/wp-content\/uploads\/2019\/03\/20180602_2_30695653_34300481_Web-960x640.jpg 960w\" sizes=\"auto, (max-width: 470px) 100vw, 470px\" \/><\/a>Era il 1 \u00b0 giugno 2018 e Razan, il maggiore dei miei sei figli e medico e infermiere volontaria della Palestina, stava aiutando a curare i manifestanti feriti che prendevano parte alla Grande Marcia del Ritorno, che era iniziata il 30 marzo dell&#8217;anno scorso<\/p>\n<p>Nonostante il suo camice bianco divenne un bersaglio per la Forza di difesa israeliana. Mentre cercava di aiutare a evacuare i feriti vicino al \u00a0confine di Israele, \u00e8 stata colpita.<!--more--><\/p>\n<p>La sua morte la trasform\u00f2 in un simbolo per un&#8217;intera nazione sotto lo stivale di Israele. Ma la sua sola presenza alla protesta del 2018, anche in campo medico, non fu mai garantita. Negata la sua carriera di medico per le nostre circostanze finanziarie, ha studiato infermieristica e, in previsione della Grande Marcia del Ritorno, ha venduto il suo telefono e il suo anello per acquistare attrezzature mediche.<\/p>\n<p>Ha sfidato quelli della societ\u00e0 di Gaza che non avrebbero voluto una giovane donna. E fin dal primo giorno di protesta, lei stava curando i feriti. Come tante volte durante una vita crudelmente interrotta, ha dimostrato una determinazione che \u00e8 nata dalle macerie di Gaza dopo l&#8217;attacco del 2008 alla citt\u00e0.<\/p>\n<p>Razan insisteva nel sostenere i suoi connazionali e le donne durante la Grande Marcia. Come si vedeva, non era solo un paramedico, ma un membro attivo della resistenza. Si \u00e8 unita ad attivisti e scrittori, giornalisti e membri di gruppi giovanili, e si \u00e8 trovata a suo agio tra la massa di volti pacifici che insieme riflettevano lo spirito della Palestina.<\/p>\n<p>Come molti di loro, ha conservato il semplice sogno di un giorno tornare a casa &#8211; nel suo caso, nel villaggio della sua famiglia a Giaffa. Era ottimista sul fatto che avrebbe incontrato i suoi nonni, da cui era separata dal blocco illegale. Ma quelli che hanno messo lo stesso blocco sul posto si sarebbero assicurati che non lo avrebbe mai fatto.<\/p>\n<p>La pallottola che l&#8217;ha colpita non \u00e8 stata la prima rivolta nella sua direzione. I cecchini dell&#8217;IDF, seduti al sicuro nelle torri militari, avevano cercato di impedirle di svolgere il suo lavoro sul campo. \u00c8 un testamento non solo per il suo coraggio e determinazione, ma anche per la sua abilit\u00e0 come paramedico e infermiera, che si \u00e8 mossa attraverso gli spari per consolare, curare ed evacuare uomini, donne e bambini.<\/p>\n<p>In quella che \u00e8 stata una violazione senza precedenti dei diritti umanitari internazionali e del diritto internazionale umanitario, medici, giornalisti e persino i disabili sono stati uccisi a sangue freddo quel giorno.<\/p>\n<p>La compassione mostrata da Razan \u00e8 un esempio da seguire per tutti noi. Dobbiamo imparare da quelli come mia figlia che rischiano la vita per gli altri in nome della pace, della giustizia e della libert\u00e0.<\/p>\n<p>\u00c8 un amore per quei valori che hanno dato vita alla Grande Marcia del Ritorno, il nostro grido di giustizia. Confinati in una striscia di terra densamente popolata, simile a una prigione, circondata da blocchi e mura israeliani, siamo \u00a01,8 milioni di persone dimenticate che vivono in una societ\u00e0 ingiusta. Questo \u00e8 il motivo per cui marciamo ogni venerd\u00ec. Questo \u00e8 il motivo per cui marciamo questo fine settimana. Protesteremo pacificamente contro i nostri oppressori e staremo insieme per i diritti e le libert\u00e0 che vengono dati agli altri senza esitazione.<\/p>\n<p>Settant&#8217;anni dopo la nostra espulsione, noi, il popolo della Palestina, desideriamo ancora la nostra patria. La stragrande maggioranza della terra dove si viveva prima della Guerra di Palestina e la Nabka rimane sottopopolata, come se aspettasse il ritorno di coloro che una volta la chiamavano casa. E quelli che lo hanno fatto non riposeranno finch\u00e9 non si realizzer\u00e0 quel sogno. Il diritto al ritorno \u00e8 pi\u00f9 di una posizione politica, pi\u00f9 che un principio: racchiuso in esso, e riflesso nella letteratura, nell&#8217;arte e nella musica, \u00e8 l&#8217;essenza di ci\u00f2 che significa essere palestinesi. \u00c8 nel nostro sangue.<\/p>\n<p>Mentre ci avviciniamo all&#8217;anniversario della Grande Marcia del Ritorno questo fine settimana, mia figlia, Razan al-Najjar, rimane un simbolo, non solo della nazione palestinese, ma del coraggio e della sfida che definisce il popolo della Striscia di Gaza e della Cisgiordania .<\/p>\n<p>Immutata dal tempo o dal luogo, l&#8217;esodo del 1948 \u00e8 fresco nella nostra memoria collettiva come sempre. Esiste una soluzione; la fine di questo periodo oscuro \u00e8 ora nelle mani di Israele.<\/p>\n","protected":false},"excerpt":{"rendered":"<p>http:\/\/qudsnen.co\/ 27 marzo 2019 Aveva 20 anni quando le hanno sparato. Era il 1 \u00b0 giugno 2018 e Razan, il maggiore dei miei sei figli e medico e infermiere volontaria della Palestina, stava aiutando a curare i manifestanti feriti che &hellip; <a href=\"https:\/\/reteitalianaism.it\/reteism\/index.php\/2019\/03\/29\/a-un-anno-dalla-grande-marcia-del-ritorno-piango-ancora-la-mia-figlia-razan-uccisa-a-sangue-freddo\/\">Continue reading <span class=\"meta-nav\">&rarr;<\/span><\/a><\/p>\n","protected":false},"author":2,"featured_media":0,"comment_status":"open","ping_status":"open","sticky":false,"template":"","format":"standard","meta":{"footnotes":""},"categories":[2,68],"tags":[24,25,150],"class_list":["post-11078","post","type-post","status-publish","format-standard","hentry","category-gaza-2","category-opinioni","tag-diritto-al-ritorno","tag-gaza","tag-violenza-dellesercito"],"_links":{"self":[{"href":"https:\/\/reteitalianaism.it\/reteism\/index.php\/wp-json\/wp\/v2\/posts\/11078","targetHints":{"allow":["GET"]}}],"collection":[{"href":"https:\/\/reteitalianaism.it\/reteism\/index.php\/wp-json\/wp\/v2\/posts"}],"about":[{"href":"https:\/\/reteitalianaism.it\/reteism\/index.php\/wp-json\/wp\/v2\/types\/post"}],"author":[{"embeddable":true,"href":"https:\/\/reteitalianaism.it\/reteism\/index.php\/wp-json\/wp\/v2\/users\/2"}],"replies":[{"embeddable":true,"href":"https:\/\/reteitalianaism.it\/reteism\/index.php\/wp-json\/wp\/v2\/comments?post=11078"}],"version-history":[{"count":2,"href":"https:\/\/reteitalianaism.it\/reteism\/index.php\/wp-json\/wp\/v2\/posts\/11078\/revisions"}],"predecessor-version":[{"id":11081,"href":"https:\/\/reteitalianaism.it\/reteism\/index.php\/wp-json\/wp\/v2\/posts\/11078\/revisions\/11081"}],"wp:attachment":[{"href":"https:\/\/reteitalianaism.it\/reteism\/index.php\/wp-json\/wp\/v2\/media?parent=11078"}],"wp:term":[{"taxonomy":"category","embeddable":true,"href":"https:\/\/reteitalianaism.it\/reteism\/index.php\/wp-json\/wp\/v2\/categories?post=11078"},{"taxonomy":"post_tag","embeddable":true,"href":"https:\/\/reteitalianaism.it\/reteism\/index.php\/wp-json\/wp\/v2\/tags?post=11078"}],"curies":[{"name":"wp","href":"https:\/\/api.w.org\/{rel}","templated":true}]}}