{"id":11082,"date":"2019-03-30T20:57:00","date_gmt":"2019-03-30T19:57:00","guid":{"rendered":"http:\/\/reteitalianaism.it\/reteism\/?p=11082"},"modified":"2019-03-30T20:57:00","modified_gmt":"2019-03-30T19:57:00","slug":"giornata-della-terra-soldati-israeliani-uccidono-tre-palestinesi-ne-feriscono-316-a-gaza","status":"publish","type":"post","link":"https:\/\/reteitalianaism.it\/reteism\/index.php\/2019\/03\/30\/giornata-della-terra-soldati-israeliani-uccidono-tre-palestinesi-ne-feriscono-316-a-gaza\/","title":{"rendered":"Giornata della terra: Soldati israeliani uccidono tre palestinesi, ne feriscono 316, a Gaza"},"content":{"rendered":"<p><a href=\"https:\/\/imemc.org\/article\/land-day-israeli-soldiers-kill-three-palestinians-injure-316-in-gaza\/\">https:\/\/imemc.org\/a<\/a><br \/>\n<strong>\u00a030 marzo 2019<\/strong><br \/>\nI soldati israeliani hanno ucciso, sabato, tre palestinesi e ne hanno ferito altri 316, tra cui 14 che hanno subito ferite forse mortali, durante le proteste lungo la recinzione perimetrale, nella parte orientale della Striscia di Gaza.<\/p>\n<p><a href=\"http:\/\/reteitalianaism.it\/reteism\/index.php\/2019\/03\/30\/giornata-della-terra-soldati-israeliani-uccidono-tre-palestinesi-ne-feriscono-316-a-gaza\/55908393_2585317945028258_5043131512128536576_o\/\" rel=\"attachment wp-att-11083\"><img loading=\"lazy\" decoding=\"async\" class=\"aligncenter  wp-image-11083\" src=\"http:\/\/reteitalianaism.it\/reteism\/wp-content\/uploads\/2019\/03\/55908393_2585317945028258_5043131512128536576_o-300x200.jpg\" alt=\"\" width=\"488\" height=\"325\" srcset=\"https:\/\/reteitalianaism.it\/reteism\/wp-content\/uploads\/2019\/03\/55908393_2585317945028258_5043131512128536576_o-300x200.jpg 300w, https:\/\/reteitalianaism.it\/reteism\/wp-content\/uploads\/2019\/03\/55908393_2585317945028258_5043131512128536576_o-768x512.jpg 768w, https:\/\/reteitalianaism.it\/reteism\/wp-content\/uploads\/2019\/03\/55908393_2585317945028258_5043131512128536576_o.jpg 1024w\" sizes=\"auto, (max-width: 488px) 100vw, 488px\" \/><\/a>Centinaia di migliaia di palestinesi si sono radunati sulle terre vicino alla recinzione perimetrale, segnando la Giornata della Terra palestinese e il primo anniversario dall&#8217;inizio della Grande Marcia del Ritorno.<!--more--><\/p>\n<p>Fonti dei media a Gaza hanno detto che il Comitato nazionale per la rottura dell&#8217;assedio ha chiesto una marcia di milioni di persone, che segna la Giornata della terra e il primo anniversario della Grande Marcia del ritorno, chiedendo di revocare l&#8217;assedio a Gaza, il diritto al ritorno internazionalmente garantito, la liberazione della Palestina e l&#8217;indipendenza.<\/p>\n<p>Sabato sera, il ministero della Sanit\u00e0 a Gaza ha dichiarato che i soldati hanno ucciso Tamer Hashem Abu al-Kheir, 17 anni, dopo avergli sparato con un proiettile nel torace, a est di Khan Younis, nella parte meridionale della regione costiera.<\/p>\n<p>La sua morte \u00e8 avvenuta poche ore dopo che i soldati avevano ucciso Adham Nidal &#8216;Amara, 17 anni, che \u00e8 stato colpito a morte durante le manifestazioni ad est della citt\u00e0 di Gaza.<\/p>\n<p>Venerd\u00ec mattina, i soldati hanno ucciso Mohammad Jihad Sa&#8217;ad, 20 anni, a est della citt\u00e0 di Gaza, prima che iniziassero le manifestazioni del Grande Ritorno.<\/p>\n<p>Tra i palestinesi feriti ci sono tre medici e sei giornalisti, mentre i soldati hanno anche causato danni a tre ambulanze.<\/p>\n<p>Nel suo ultimo rapporto, il ministero della Sanit\u00e0 a Gaza ha dichiarato:<\/p>\n<p>morti:<\/p>\n<p>Mohammad Jihad Sa&#8217;ad, 20 anni.<br \/>\nAdham Nidal &#8216;Amara, 17 anni.<br \/>\nTamer Hashem Abu al-Kheir, 17 anni.<br \/>\nFeriti: i soldati hanno colpito 316:<\/p>\n<p>Cinque palestinesi hanno subito ferite gravi.<br \/>\nNove palestinesi hanno subito gravi ferite.<br \/>\n121 ha subito ferite moderate.<br \/>\n184 hanno subito lievi ferite.<br \/>\nCausa di lesioni:<\/p>\n<p>64 palestinesi sono stati colpiti con fuoco vivo.<br \/>\n16 sono stati scolpiti con proiettili di acciaio rivestiti di gomma.<br \/>\n13 sono stati feriti da schegge di proiettili.<br \/>\n46 hanno subito gli effetti dell&#8217;inalazione di gas lacrimogeno.<br \/>\n94 sono stati feriti da schegge di bombe a gas.<br \/>\n83 hanno subito tagli e lividi.<\/p>\n<p>L&#8217;area di lesione nel corpo:<\/p>\n<p>64 hanno subito lesioni alla testa e al collo.<br \/>\n55 feriti negli arti superiori.<br \/>\n16 hanno riportato lesioni al torace e alla schiena.<br \/>\n18 feriti nel bacino e nell&#8217;addome.<br \/>\n125 feriti negli arti inferiori.<br \/>\n64 inalazioni di gas lacrimogeni.<br \/>\n4 hanno riportato ferite a varie parti del corpo.<\/p>\n<p>Infortuni riferiti dal governatorato:<\/p>\n<p>39 nelle parti settentrionali della Striscia di Gaza.<br \/>\n108 nella zona della citt\u00e0 di Gaza.<br \/>\n73 nel centro di Gaza.<br \/>\n41 a Khan Younis, nel sud della Striscia di Gaza.<br \/>\n55 a Rafah, nel sud della Striscia di Gaza.<\/p>\n","protected":false},"excerpt":{"rendered":"<p>https:\/\/imemc.org\/a \u00a030 marzo 2019 I soldati israeliani hanno ucciso, sabato, tre palestinesi e ne hanno ferito altri 316, tra cui 14 che hanno subito ferite forse mortali, durante le proteste lungo la recinzione perimetrale, nella parte orientale della Striscia di &hellip; <a href=\"https:\/\/reteitalianaism.it\/reteism\/index.php\/2019\/03\/30\/giornata-della-terra-soldati-israeliani-uccidono-tre-palestinesi-ne-feriscono-316-a-gaza\/\">Continue reading <span class=\"meta-nav\">&rarr;<\/span><\/a><\/p>\n","protected":false},"author":2,"featured_media":0,"comment_status":"open","ping_status":"open","sticky":false,"template":"","format":"standard","meta":{"footnotes":""},"categories":[2,3],"tags":[24,25,116,150],"class_list":["post-11082","post","type-post","status-publish","format-standard","hentry","category-gaza-2","category-info","tag-diritto-al-ritorno","tag-gaza","tag-marcia-del-ritorno","tag-violenza-dellesercito"],"_links":{"self":[{"href":"https:\/\/reteitalianaism.it\/reteism\/index.php\/wp-json\/wp\/v2\/posts\/11082","targetHints":{"allow":["GET"]}}],"collection":[{"href":"https:\/\/reteitalianaism.it\/reteism\/index.php\/wp-json\/wp\/v2\/posts"}],"about":[{"href":"https:\/\/reteitalianaism.it\/reteism\/index.php\/wp-json\/wp\/v2\/types\/post"}],"author":[{"embeddable":true,"href":"https:\/\/reteitalianaism.it\/reteism\/index.php\/wp-json\/wp\/v2\/users\/2"}],"replies":[{"embeddable":true,"href":"https:\/\/reteitalianaism.it\/reteism\/index.php\/wp-json\/wp\/v2\/comments?post=11082"}],"version-history":[{"count":2,"href":"https:\/\/reteitalianaism.it\/reteism\/index.php\/wp-json\/wp\/v2\/posts\/11082\/revisions"}],"predecessor-version":[{"id":11085,"href":"https:\/\/reteitalianaism.it\/reteism\/index.php\/wp-json\/wp\/v2\/posts\/11082\/revisions\/11085"}],"wp:attachment":[{"href":"https:\/\/reteitalianaism.it\/reteism\/index.php\/wp-json\/wp\/v2\/media?parent=11082"}],"wp:term":[{"taxonomy":"category","embeddable":true,"href":"https:\/\/reteitalianaism.it\/reteism\/index.php\/wp-json\/wp\/v2\/categories?post=11082"},{"taxonomy":"post_tag","embeddable":true,"href":"https:\/\/reteitalianaism.it\/reteism\/index.php\/wp-json\/wp\/v2\/tags?post=11082"}],"curies":[{"name":"wp","href":"https:\/\/api.w.org\/{rel}","templated":true}]}}