{"id":11183,"date":"2019-04-21T21:55:26","date_gmt":"2019-04-21T19:55:26","guid":{"rendered":"http:\/\/reteitalianaism.it\/reteism\/?p=11183"},"modified":"2019-04-21T21:55:26","modified_gmt":"2019-04-21T19:55:26","slug":"israele-ostacola-le-celebrazioni-del-venerdi-santo-a-gerusalemme","status":"publish","type":"post","link":"https:\/\/reteitalianaism.it\/reteism\/index.php\/2019\/04\/21\/israele-ostacola-le-celebrazioni-del-venerdi-santo-a-gerusalemme\/","title":{"rendered":"Israele ostacola le celebrazioni del Venerd\u00ec Santo a Gerusalemme"},"content":{"rendered":"<p><a href=\"https:\/\/www.middleeastmonitor.com\/20190419-israel-hinders-good-friday-celebrations-in-jerusalem\/?fbclid=IwAR0NFRRB-yIdFVGYZy499IXdJBgx25YaE0GHA9zIWv6goQQ2UPaWwBFYYHc\">https:\/\/www.middleeastmonitor.com<\/a><br \/>\n<strong>19 aprile 2019\u00a0<\/strong><\/p>\n<p>Le restrizioni israeliane di venerd\u00ec hanno impedito a molti cristiani palestinesi &#8211; specialmente quelli provenienti dal blocco della Striscia di Gaza &#8211; di partecipare alle celebrazioni del Venerd\u00ec Santo nella citt\u00e0 vecchia di Gerusalemme, riferisce Anadolu.<\/p>\n<div id=\"attachment_11184\" style=\"width: 484px\" class=\"wp-caption aligncenter\"><a href=\"http:\/\/reteitalianaism.it\/reteism\/index.php\/2019\/04\/21\/israele-ostacola-le-celebrazioni-del-venerdi-santo-a-gerusalemme\/gettyimages-1138050309\/\" rel=\"attachment wp-att-11184\"><img loading=\"lazy\" decoding=\"async\" aria-describedby=\"caption-attachment-11184\" class=\"wp-image-11184\" src=\"http:\/\/reteitalianaism.it\/reteism\/wp-content\/uploads\/2019\/04\/GettyImages-1138050309-300x200.jpg\" alt=\"\" width=\"474\" height=\"316\" srcset=\"https:\/\/reteitalianaism.it\/reteism\/wp-content\/uploads\/2019\/04\/GettyImages-1138050309-300x200.jpg 300w, https:\/\/reteitalianaism.it\/reteism\/wp-content\/uploads\/2019\/04\/GettyImages-1138050309-768x512.jpg 768w, https:\/\/reteitalianaism.it\/reteism\/wp-content\/uploads\/2019\/04\/GettyImages-1138050309.jpg 1024w\" sizes=\"auto, (max-width: 474px) 100vw, 474px\" \/><\/a><p id=\"caption-attachment-11184\" class=\"wp-caption-text\">I membri della locale parrocchia cattolica palestinese portano una croce di legno lungo la Via Dolorosa (Via della Sofferenza) nella Citt\u00e0 Vecchia di Gerusalemme durante la processione del Venerd\u00ec Santo il 19 aprile 2019.\u00a0<\/p><\/div>\n<p>Come \u00e8 indicato ogni anno il venerd\u00ec precedente la domenica di Pasqua, il Venerd\u00ec Santo commemora la crocifissione di Ges\u00f9 sul monte Calvario fuori Gerusalemme.<\/p>\n<p>Tuttavia, nonostante il dispiegamento di truppe israeliane per le strade della citt\u00e0 vecchia, migliaia di cristiani &#8211; molti portando crocefissi &#8211; hanno marciato lungo la Via Dolorosa il venerd\u00ec alla chiesa del Santo Sepolcro.<!--more--><\/p>\n<p>Secondo Wadie Abu Nassar, un funzionario della chiesa locale, i cristiani palestinesi dal blocco di Gaza non sono stati in grado di prendere parte alle celebrazioni del venerd\u00ec a causa delle restrizioni imposte dalle autorit\u00e0 israeliane.<\/p>\n<p>&#8220;Israele ha rifiutato di permettere ai cristiani di Gaza di partecipare alle celebrazioni pasquali di quest&#8217;anno a Gerusalemme&#8221;, ha detto Abu Nassar in una dichiarazione del venerd\u00ec.<\/p>\n<p>&#8220;L&#8217;accesso ai siti sacri di Gerusalemme deve essere garantito senza restrizioni&#8221;, ha aggiunto. &#8220;Le considerazioni sulla sicurezza non dovrebbero scavalcare le libert\u00e0 fondamentali dell&#8217;uomo&#8221;.<\/p>\n","protected":false},"excerpt":{"rendered":"<p>https:\/\/www.middleeastmonitor.com 19 aprile 2019\u00a0 Le restrizioni israeliane di venerd\u00ec hanno impedito a molti cristiani palestinesi &#8211; specialmente quelli provenienti dal blocco della Striscia di Gaza &#8211; di partecipare alle celebrazioni del Venerd\u00ec Santo nella citt\u00e0 vecchia di Gerusalemme, riferisce Anadolu. &hellip; <a href=\"https:\/\/reteitalianaism.it\/reteism\/index.php\/2019\/04\/21\/israele-ostacola-le-celebrazioni-del-venerdi-santo-a-gerusalemme\/\">Continue reading <span class=\"meta-nav\">&rarr;<\/span><\/a><\/p>\n","protected":false},"author":2,"featured_media":0,"comment_status":"open","ping_status":"open","sticky":false,"template":"","format":"standard","meta":{"footnotes":""},"categories":[3],"tags":[23,26,155],"class_list":["post-11183","post","type-post","status-publish","format-standard","hentry","category-info","tag-diritti-umani","tag-gerusalemme","tag-west-bank-occupata"],"_links":{"self":[{"href":"https:\/\/reteitalianaism.it\/reteism\/index.php\/wp-json\/wp\/v2\/posts\/11183","targetHints":{"allow":["GET"]}}],"collection":[{"href":"https:\/\/reteitalianaism.it\/reteism\/index.php\/wp-json\/wp\/v2\/posts"}],"about":[{"href":"https:\/\/reteitalianaism.it\/reteism\/index.php\/wp-json\/wp\/v2\/types\/post"}],"author":[{"embeddable":true,"href":"https:\/\/reteitalianaism.it\/reteism\/index.php\/wp-json\/wp\/v2\/users\/2"}],"replies":[{"embeddable":true,"href":"https:\/\/reteitalianaism.it\/reteism\/index.php\/wp-json\/wp\/v2\/comments?post=11183"}],"version-history":[{"count":2,"href":"https:\/\/reteitalianaism.it\/reteism\/index.php\/wp-json\/wp\/v2\/posts\/11183\/revisions"}],"predecessor-version":[{"id":11186,"href":"https:\/\/reteitalianaism.it\/reteism\/index.php\/wp-json\/wp\/v2\/posts\/11183\/revisions\/11186"}],"wp:attachment":[{"href":"https:\/\/reteitalianaism.it\/reteism\/index.php\/wp-json\/wp\/v2\/media?parent=11183"}],"wp:term":[{"taxonomy":"category","embeddable":true,"href":"https:\/\/reteitalianaism.it\/reteism\/index.php\/wp-json\/wp\/v2\/categories?post=11183"},{"taxonomy":"post_tag","embeddable":true,"href":"https:\/\/reteitalianaism.it\/reteism\/index.php\/wp-json\/wp\/v2\/tags?post=11183"}],"curies":[{"name":"wp","href":"https:\/\/api.w.org\/{rel}","templated":true}]}}