{"id":11196,"date":"2019-04-23T22:04:45","date_gmt":"2019-04-23T20:04:45","guid":{"rendered":"http:\/\/reteitalianaism.it\/reteism\/?p=11196"},"modified":"2019-04-23T22:04:45","modified_gmt":"2019-04-23T20:04:45","slug":"i-cinque-fratelli-abu-jazar-feriti-nelle-proteste-di-gaza","status":"publish","type":"post","link":"https:\/\/reteitalianaism.it\/reteism\/index.php\/2019\/04\/23\/i-cinque-fratelli-abu-jazar-feriti-nelle-proteste-di-gaza\/","title":{"rendered":"I cinque fratelli Abu Jazar feriti nelle proteste di Gaza"},"content":{"rendered":"<p><a href=\"https:\/\/mondoweiss.net\/2019\/04\/injured-brothers-protests\/?fbclid=IwAR1Y-jpsROfoLxZaBCGZJlkSfoUwk8ruDiEZIuLAFO99TPmIOvJLWaD_I5A\">https:\/\/mondoweiss.net\/<\/a><br \/>\n<strong>20 aprile 2019<\/strong><br \/>\nIn una stanza buia, in un edificio a due piani ad al-Shaboora, Rafah, il campo profughi pi\u00f9 povero nella striscia meridionale di Gaza, cinque fratelli della famiglia Abu Jazar ricordano i dettagli e le sofferenze delle loro molteplici ferite da parte del fuoco israeliano durante le 55 settimane di la protesta per la Grande Marcia del Ritorno.<\/p>\n<div id=\"attachment_11202\" style=\"width: 477px\" class=\"wp-caption aligncenter\"><a href=\"http:\/\/reteitalianaism.it\/reteism\/index.php\/2019\/04\/23\/i-cinque-fratelli-abu-jazar-feriti-nelle-proteste-di-gaza\/bro12\/\" rel=\"attachment wp-att-11202\"><img loading=\"lazy\" decoding=\"async\" aria-describedby=\"caption-attachment-11202\" class=\" wp-image-11202\" src=\"http:\/\/reteitalianaism.it\/reteism\/wp-content\/uploads\/2019\/04\/bro12-300x200.jpeg\" alt=\"\" width=\"467\" height=\"311\" srcset=\"https:\/\/reteitalianaism.it\/reteism\/wp-content\/uploads\/2019\/04\/bro12-300x200.jpeg 300w, https:\/\/reteitalianaism.it\/reteism\/wp-content\/uploads\/2019\/04\/bro12-768x512.jpeg 768w, https:\/\/reteitalianaism.it\/reteism\/wp-content\/uploads\/2019\/04\/bro12-1024x683.jpeg 1024w, https:\/\/reteitalianaism.it\/reteism\/wp-content\/uploads\/2019\/04\/bro12.jpeg 1500w\" sizes=\"auto, (max-width: 467px) 100vw, 467px\" \/><\/a><p id=\"caption-attachment-11202\" class=\"wp-caption-text\">I fratelli Abu Jazar feriti, con padre e madre a Gaza. Foto di Mohammed Asad.<\/p><\/div>\n<p>Nonostante le ferite, i fratelli hanno tutti programmato di partecipare alla protesta della 56a di venerd\u00ec scorso.<!--more--><\/p>\n<p>&nbsp;<\/p>\n<div id=\"attachment_11201\" style=\"width: 486px\" class=\"wp-caption aligncenter\"><a href=\"http:\/\/reteitalianaism.it\/reteism\/index.php\/2019\/04\/23\/i-cinque-fratelli-abu-jazar-feriti-nelle-proteste-di-gaza\/bro10-580x387\/\" rel=\"attachment wp-att-11201\"><img loading=\"lazy\" decoding=\"async\" aria-describedby=\"caption-attachment-11201\" class=\" wp-image-11201\" src=\"http:\/\/reteitalianaism.it\/reteism\/wp-content\/uploads\/2019\/04\/bro10-580x387-300x200.jpeg\" alt=\"\" width=\"476\" height=\"317\" srcset=\"https:\/\/reteitalianaism.it\/reteism\/wp-content\/uploads\/2019\/04\/bro10-580x387-300x200.jpeg 300w, https:\/\/reteitalianaism.it\/reteism\/wp-content\/uploads\/2019\/04\/bro10-580x387.jpeg 580w\" sizes=\"auto, (max-width: 476px) 100vw, 476px\" \/><\/a><p id=\"caption-attachment-11201\" class=\"wp-caption-text\">Ibrahim Abu Jazar. Foto di Mohammed Asad.<\/p><\/div>\n<p>Ibrahim, 30 anni, \u00e8 determinato a camminare di nuovo. Ha ferite alla gamba destra da colpi di arma da fuoco dai cecchini israeliani, il 30 marzo. Padre di due bambini, \u00e8 stato ferito mentre ha gridato a gran voce ai manifestanti di avvicinarsi alla recinzione che separa Gaza da Israele. Ora si considera &#8220;impotente&#8221; dal momento che non pu\u00f2 gestire la sua spesa e non \u00e8 stato in grado di prendere in prestito una sedia a rotelle da un vicino di casa con doppia amputazione, perch\u00e9 anche il vicino ha intenzione di protestare questo venerd\u00ec.<\/p>\n<p>Faraj, 28 anni e padre di una figlia, si considera fortunato, dal momento che pu\u00f2 facilmente passare alla protesta nonostante sia stato ferito tre volte: una volta quando un candelotto di gas lacrimogeno gli ha colpito la mano lo scorso maggio, di nuovo quando un proiettile di metallo rivestito di gomma ha colpito la sua coscia lo scorso ottobre, e pi\u00f9 recentemente quando un proiettile ha colpito il suo braccio, che ora \u00e8 dotato di un telaio metallico chiamato fissatore.<\/p>\n<p>&#8220;Nonostante la mia giovane et\u00e0, il blocco di 12 anni di Israele e niente di positivo in vista \u00e8 pi\u00f9 che sufficiente per spingere noi giovani a protestare. Non abbiamo visto un solo giorno gradevole nelle nostre vite &#8220;, ha detto Faraj a Mondoweiss.<\/p>\n<p>&nbsp;<\/p>\n<div id=\"attachment_11200\" style=\"width: 486px\" class=\"wp-caption aligncenter\"><a href=\"http:\/\/reteitalianaism.it\/reteism\/index.php\/2019\/04\/23\/i-cinque-fratelli-abu-jazar-feriti-nelle-proteste-di-gaza\/bro9-580x370\/\" rel=\"attachment wp-att-11200\"><img loading=\"lazy\" decoding=\"async\" aria-describedby=\"caption-attachment-11200\" class=\" wp-image-11200\" src=\"http:\/\/reteitalianaism.it\/reteism\/wp-content\/uploads\/2019\/04\/bro9-580x370-300x191.jpeg\" alt=\"\" width=\"476\" height=\"303\" srcset=\"https:\/\/reteitalianaism.it\/reteism\/wp-content\/uploads\/2019\/04\/bro9-580x370-300x191.jpeg 300w, https:\/\/reteitalianaism.it\/reteism\/wp-content\/uploads\/2019\/04\/bro9-580x370.jpeg 580w\" sizes=\"auto, (max-width: 476px) 100vw, 476px\" \/><\/a><p id=\"caption-attachment-11200\" class=\"wp-caption-text\">Faraj (l) e Ashraf Abu Jazar. Foto di Mohammed Asad.<\/p><\/div>\n<p>A febbraio, un&#8217;inchiesta dell&#8217;ONU ha concluso che l&#8217;esercito israeliano aveva intenzionalmente preso di mira i palestinesi che protestavano a Gaza lo scorso anno, creando una generazione di giovani disabili. Secondo il rapporto, i soldati israeliani hanno preso di mira i civili, uccidendo e mutilando i manifestanti, tra cui bambini, oltre a giornalisti e medici.<\/p>\n<p>Ra&#8217;eesa, 54 anni, la matrigna dei figli, preparava in cucina biscotti aromatizzati all&#8217;anice e non riusciva a nascondere il suo dolore. Ha detto che spera che i suoi figli abbiano &#8220;ancora pi\u00f9 pazienza per superare i loro dolori&#8221;.<\/p>\n<p>&nbsp;<\/p>\n<p>&#8220;I giovani hanno bisogno di noi per sollevare il loro spirito, mostrando loro gli occhi senza lacrime&#8221;, ha detto. &#8220;Ma come potrebbe una madre nascondere la sua tristezza, quando uno \u00e8 ferito di giorno e pi anche suo fratello \u00e8 ferito prima del tramonto.&#8221;<\/p>\n<p>Questo \u00e8 quello che \u00e8 successo ad Ashraf 17 e Kayed 19, il 15 febbraio. Ciascuno ha riportato una lesione moderata alla gamba.<\/p>\n<div id=\"attachment_11198\" style=\"width: 504px\" class=\"wp-caption aligncenter\"><a href=\"http:\/\/reteitalianaism.it\/reteism\/index.php\/2019\/04\/23\/i-cinque-fratelli-abu-jazar-feriti-nelle-proteste-di-gaza\/bro5-580x387\/\" rel=\"attachment wp-att-11198\"><img loading=\"lazy\" decoding=\"async\" aria-describedby=\"caption-attachment-11198\" class=\" wp-image-11198\" src=\"http:\/\/reteitalianaism.it\/reteism\/wp-content\/uploads\/2019\/04\/bro5-580x387-300x200.jpeg\" alt=\"\" width=\"494\" height=\"329\" srcset=\"https:\/\/reteitalianaism.it\/reteism\/wp-content\/uploads\/2019\/04\/bro5-580x387-300x200.jpeg 300w, https:\/\/reteitalianaism.it\/reteism\/wp-content\/uploads\/2019\/04\/bro5-580x387.jpeg 580w\" sizes=\"auto, (max-width: 494px) 100vw, 494px\" \/><\/a><p id=\"caption-attachment-11198\" class=\"wp-caption-text\">Mahmoud Abu Jazar mostra un frammento estratto dalla sua testa. \u00c8 stato ferito il 30 marzo. Foto di Mohammed Asad.<\/p><\/div>\n<p>Son Mahmoud, 41 anni, un costruttore, ha fatto questa intervista collettiva ed \u00e8 tornato con un frammento estratto dalla sua nuca. &#8220;Ogni notte sento che la mia testa sta bollendo a causa di un altro frammento non estratto&#8221;, ha detto. \u00c8 stato ferito il 30 marzo.<\/p>\n<p>Dice: &#8220;Una volta che il tuo spirito si \u00e8 colmato di depressione nel corso degli anni ed \u00e8 cresciuto con espressioni specifiche come: bombardamenti, martiri, blocchi, mortai, chiusura di incroci, trattamento non disponibile, allora uno sar\u00e0 pieno di silenzio e rabbia e correr\u00e0 gi\u00f9 fino alla recinzione del confine per provare a ripristinare l&#8217;umanit\u00e0 che ti \u00e8 stata rubata da quando sei nato. &#8221;<\/p>\n<p>&nbsp;<\/p>\n<div id=\"attachment_11197\" style=\"width: 489px\" class=\"wp-caption aligncenter\"><a href=\"http:\/\/reteitalianaism.it\/reteism\/index.php\/2019\/04\/23\/i-cinque-fratelli-abu-jazar-feriti-nelle-proteste-di-gaza\/bro4-580x387\/\" rel=\"attachment wp-att-11197\"><img loading=\"lazy\" decoding=\"async\" aria-describedby=\"caption-attachment-11197\" class=\" wp-image-11197\" src=\"http:\/\/reteitalianaism.it\/reteism\/wp-content\/uploads\/2019\/04\/bro4-580x387-300x200.jpeg\" alt=\"\" width=\"479\" height=\"319\" srcset=\"https:\/\/reteitalianaism.it\/reteism\/wp-content\/uploads\/2019\/04\/bro4-580x387-300x200.jpeg 300w, https:\/\/reteitalianaism.it\/reteism\/wp-content\/uploads\/2019\/04\/bro4-580x387.jpeg 580w\" sizes=\"auto, (max-width: 479px) 100vw, 479px\" \/><\/a><p id=\"caption-attachment-11197\" class=\"wp-caption-text\">Kayed Abu Jazar. Foto di Mohammed Asad<\/p><\/div>\n<p>La famiglia ha sofferto in passato. Ra&#8217;eesa ha affermato che altri tre figli, Ali, 24, Musa, 22 e Ahmad 36, sono stati feriti in un bombardamento di droni nel 2004, un bombardamento durante la guerra del 2014 e durante la Prima Intifada, nel 1987.<\/p>\n<p>&nbsp;<\/p>\n<div id=\"attachment_11199\" style=\"width: 478px\" class=\"wp-caption aligncenter\"><a href=\"http:\/\/reteitalianaism.it\/reteism\/index.php\/2019\/04\/23\/i-cinque-fratelli-abu-jazar-feriti-nelle-proteste-di-gaza\/bro6-580x387\/\" rel=\"attachment wp-att-11199\"><img loading=\"lazy\" decoding=\"async\" aria-describedby=\"caption-attachment-11199\" class=\" wp-image-11199\" src=\"http:\/\/reteitalianaism.it\/reteism\/wp-content\/uploads\/2019\/04\/bro6-580x387-300x200.jpeg\" alt=\"\" width=\"468\" height=\"312\" srcset=\"https:\/\/reteitalianaism.it\/reteism\/wp-content\/uploads\/2019\/04\/bro6-580x387-300x200.jpeg 300w, https:\/\/reteitalianaism.it\/reteism\/wp-content\/uploads\/2019\/04\/bro6-580x387.jpeg 580w\" sizes=\"auto, (max-width: 468px) 100vw, 468px\" \/><\/a><p id=\"caption-attachment-11199\" class=\"wp-caption-text\">Ra&#8217;eesa e Mohammed Abu Jazar circondati dai figli. Foto di Mohammed Asad.<\/p><\/div>\n<p>Il padre dei figli, Mohammed, 59 anni, afferma di essere incapace di fermare il desiderio dei suoi figli di continuare a protestare.<\/p>\n<p>&#8220;Nessun potere potrebbe fermarli di nuovo&#8221;, ha detto. &#8220;Il loro impulso mi ricorda i sette anni della rivolta del 1987 (Intifada), quando siamo stati accusati di rabbia perch\u00e9 lanciavamo pietre contro i soldati israeliani &#8230; Quei giorni li abbiamo visti (i soldati) mentre i mostri irrompevano nelle nostre case e terre, uccidendo, arrestando e picchiandoci senza piet\u00e0 fino a spezzare le nostre ossa &#8230; Quindi la stessa sensazione interiore si presenta loro come manifestanti naturali contro l&#8217;ingiustizia &#8220;.<\/p>\n<p>I palestinesi di Gaza hanno dimostrato ieri per la 56a settimana di marcia a Gaza come parte della Grande Marcia di Ritorno, chiedendo la fine del paralizzante blocco di 12 anni sulla piccola enclave costiera e l&#8217;attuazione del diritto al ritorno per i rifugiati palestinesi le cui famiglie sono state sfollate durante la creazione dello stato di Israele nel 1948.<\/p>\n<p>Pi\u00f9 di 260 palestinesi sono stati uccisi dalle forze israeliane nel contesto della marcia e altri 16.650 sono stati feriti, secondo il ministero della salute di Gaza.<\/p>\n","protected":false},"excerpt":{"rendered":"<p>https:\/\/mondoweiss.net\/ 20 aprile 2019 In una stanza buia, in un edificio a due piani ad al-Shaboora, Rafah, il campo profughi pi\u00f9 povero nella striscia meridionale di Gaza, cinque fratelli della famiglia Abu Jazar ricordano i dettagli e le sofferenze delle &hellip; <a href=\"https:\/\/reteitalianaism.it\/reteism\/index.php\/2019\/04\/23\/i-cinque-fratelli-abu-jazar-feriti-nelle-proteste-di-gaza\/\">Continue reading <span class=\"meta-nav\">&rarr;<\/span><\/a><\/p>\n","protected":false},"author":2,"featured_media":0,"comment_status":"open","ping_status":"open","sticky":false,"template":"","format":"standard","meta":{"footnotes":""},"categories":[2,3],"tags":[24,165,116,150],"class_list":["post-11196","post","type-post","status-publish","format-standard","hentry","category-gaza-2","category-info","tag-diritto-al-ritorno","tag-gaza-sotto-assedio","tag-marcia-del-ritorno","tag-violenza-dellesercito"],"_links":{"self":[{"href":"https:\/\/reteitalianaism.it\/reteism\/index.php\/wp-json\/wp\/v2\/posts\/11196","targetHints":{"allow":["GET"]}}],"collection":[{"href":"https:\/\/reteitalianaism.it\/reteism\/index.php\/wp-json\/wp\/v2\/posts"}],"about":[{"href":"https:\/\/reteitalianaism.it\/reteism\/index.php\/wp-json\/wp\/v2\/types\/post"}],"author":[{"embeddable":true,"href":"https:\/\/reteitalianaism.it\/reteism\/index.php\/wp-json\/wp\/v2\/users\/2"}],"replies":[{"embeddable":true,"href":"https:\/\/reteitalianaism.it\/reteism\/index.php\/wp-json\/wp\/v2\/comments?post=11196"}],"version-history":[{"count":2,"href":"https:\/\/reteitalianaism.it\/reteism\/index.php\/wp-json\/wp\/v2\/posts\/11196\/revisions"}],"predecessor-version":[{"id":11204,"href":"https:\/\/reteitalianaism.it\/reteism\/index.php\/wp-json\/wp\/v2\/posts\/11196\/revisions\/11204"}],"wp:attachment":[{"href":"https:\/\/reteitalianaism.it\/reteism\/index.php\/wp-json\/wp\/v2\/media?parent=11196"}],"wp:term":[{"taxonomy":"category","embeddable":true,"href":"https:\/\/reteitalianaism.it\/reteism\/index.php\/wp-json\/wp\/v2\/categories?post=11196"},{"taxonomy":"post_tag","embeddable":true,"href":"https:\/\/reteitalianaism.it\/reteism\/index.php\/wp-json\/wp\/v2\/tags?post=11196"}],"curies":[{"name":"wp","href":"https:\/\/api.w.org\/{rel}","templated":true}]}}