{"id":11539,"date":"2019-06-28T22:08:23","date_gmt":"2019-06-28T20:08:23","guid":{"rendered":"http:\/\/reteitalianaism.it\/reteism\/?p=11539"},"modified":"2019-06-28T22:08:23","modified_gmt":"2019-06-28T20:08:23","slug":"soldati-israeliani-uccidono-un-palestinese-molti-altri-feriti-a-gerusalemme","status":"publish","type":"post","link":"https:\/\/reteitalianaism.it\/reteism\/index.php\/2019\/06\/28\/soldati-israeliani-uccidono-un-palestinese-molti-altri-feriti-a-gerusalemme\/","title":{"rendered":"Soldati israeliani uccidono un palestinese, molti altri feriti, a Gerusalemme"},"content":{"rendered":"<p><a href=\"https:\/\/imemc.org\/article\/israeli-soldiers-kill-one-palestinian-injure-many-in-jerusalem\/?fbclid=IwAR140Xsk1ZCAkw9_-N4CIYszVXvvXX4xgO8rRIzty6TFIugn82nGqlATjgk\">https:\/\/imemc.org\/<\/a><br \/>\n<strong>28 giugno 2019<\/strong><br \/>\nI soldati israeliani e la polizia hanno invaso, gioved\u00ec sera, la citt\u00e0 di al-&#8216;Isawiya, a nord della Gerusalemme est occupata, uccidendo un giovane palestinese e ferendo molti altri residenti, oltre a imporre un rigido assedio alla citt\u00e0.<a href=\"http:\/\/reteitalianaism.it\/reteism\/index.php\/2019\/06\/28\/soldati-israeliani-uccidono-un-palestinese-molti-altri-feriti-a-gerusalemme\/mohammadobeid-e1561675592758\/\" rel=\"attachment wp-att-11540\"><img loading=\"lazy\" decoding=\"async\" class=\"aligncenter  wp-image-11540\" src=\"http:\/\/reteitalianaism.it\/reteism\/wp-content\/uploads\/2019\/06\/MohammadObeid-e1561675592758-300x281.jpg\" alt=\"\" width=\"456\" height=\"427\" srcset=\"https:\/\/reteitalianaism.it\/reteism\/wp-content\/uploads\/2019\/06\/MohammadObeid-e1561675592758-300x281.jpg 300w, https:\/\/reteitalianaism.it\/reteism\/wp-content\/uploads\/2019\/06\/MohammadObeid-e1561675592758.jpg 380w\" sizes=\"auto, (max-width: 456px) 100vw, 456px\" \/><\/a>Fonti dei media hanno riferito che i soldati hanno invaso il quartiere di Obeid nella citt\u00e0 e hanno attaccato molti palestinesi mentre controllavano le loro carte d&#8217;identit\u00e0, oltre a perquisire case e negozi.<\/p>\n<p>Hanno aggiunto che i soldati hanno sparato molti proiettili veri, proiettili di acciaio rivestiti di gomma, bombe a gas e granate a concussione contro i giovani palestinesi che protestavano per l&#8217;invasione.<!--more--><\/p>\n<p>L&#8217;attivista locale nonviolento, Yousef Obeid, ha detto che i soldati hanno ucciso un ex prigioniero politico, identificato come Mohammad Samir Obeid, 21 anni, dopo averlo colpito con diversi proiettili, tra cui un colpo mortale al cuore.<\/p>\n<p>Ha aggiunto che i soldati hanno ferito anche altri quattro palestinesi, causando ferite lievi o moderate.<\/p>\n<p>Dopo aver ucciso il giovane, i soldati hanno portato via il suo corpo e aggredito diversi palestinesi con bastoni e manganelli.<\/p>\n<p>Inoltre, i soldati hanno imposto un severo assedio alla citt\u00e0 e hanno impedito ai residenti, comprese le ambulanze, di entrarvi o uscirne.<\/p>\n<p>Un testimone oculare, che era in piedi accanto al palestinese ucciso, ha detto che i soldati gli hanno sparato tre colpi da distanza ravvicinata, compreso il colpo fatale al cuore, e uno che lo ha colpito a una gamba, aggiungendo che i colpi non avevano alcuna causa o giustificazione, specialmente in quando sono successi un&#8217;ora dopo la fine della protesta nonviolenta.<\/p>\n<p>Le sue dichiarazioni, insieme ad altri testimoni, contraddicono le accuse della polizia secondo cui il giovane ucciso &#8220;sparava petardi in direzione della polizia&#8221;, \u200b\u200b&#8221;presumibilmente&#8221; mettendo in pericolo le loro vite. &#8221;<\/p>\n<p>Vale la pena ricordare che l&#8217;invasione e l&#8217;uccisione del giovane \u00e8 avvenuta dopo che l&#8217;esercito ha attaccato la processione nonviolenta tenuta dai locali contro le invasioni quotidiane e le perquisizioni violente di case e propriet\u00e0, eseguite dall&#8217;esercito israeliano e dalla polizia .<\/p>\n<p>L&#8217;uccisione del giovane ha anche provocato proteste nei quartieri e nelle citt\u00e0 di Wadi al-Jouz, al-Tour, al-&#8216;Isawiya, Shu&#8217;fat, nel campo profughi di Shu&#8217;fat e Abu Dis.<\/p>\n<p>Mohammad \u00e8 stato portato all&#8217;Hadassah Israeli Medical Center di Gerusalemme, dove la sua morte \u00e8 stata confermata da chirurghi e medici, tra cui un chirurgo palestinese, anch&#8217;egli di al-&#8216;Isawiya.<\/p>\n<p>Un testimone oculare, che \u00e8 stato anche ferito dopo che i soldati lo hanno attaccato, e si \u00e8 recato ad Hadassah, ha detto che il giovane \u00e8 stato colpito da un agente di polizia, con indosso un vestito corazzato e un elmetto, e ha usato una pistola per sparare e uccidere Mohammad Obeid.<\/p>\n<p>Il testimone oculare ha aggiunto che i soldati e la polizia, che si sono recati anche all&#8217;unit\u00e0 di cure urgenti dell&#8217;ospedale, hanno impedito alla famiglia e agli amici del palestinese ucciso di entrarvi, prima di aggredire molti palestinesi, compresa la sua famiglia, causando serie lacerazioni.<\/p>\n<p>Il giovane palestinese ucciso \u00e8 un ex prigioniero politico, che \u00e8 stato rilasciato solo un anno fa, dopo aver trascorso venti mesi in prigione.<\/p>\n<p>\u00c8 stato anche rapito e imprigionato pi\u00f9 volte da quando era un giovane adolescente, trascorrendo pi\u00f9 di quattro anni in prigione.<\/p>\n<p>Vale la pena ricordare che, il 25 marzo 2016, i soldati israeliani hanno rapito sua sorella, Sondos Obeid, 16 anni, dopo aver affermato che aveva un coltello; fu condannata a cinque mesi e una multa.<\/p>\n<p>Il loro padre \u00e8 un ex prigioniero politico, che \u00e8 stato rapito e detenuto diverse volte, tra cui la detenzione amministrativa, senza accuse n\u00e9 processo.<\/p>\n<p>Le proteste nonviolente ad al-&#8216;Isawiya sono in corso da pi\u00f9 di tre settimane, mentre la polizia e l&#8217;esercito continuano ad invadere case e negozi, oltre a imporre multe alte ai palestinesi e il frequente rapimento e imprigionamento di molti locali.<\/p>\n<p>Queste proteste sono organizzate dai residenti palestinesi locali della citt\u00e0, oltre agli attivisti pacifisti israeliani.<\/p>\n<p>Video di Silwanic (The Wadi Hilweh Information Center In Silwan)<\/p>\n","protected":false},"excerpt":{"rendered":"<p>https:\/\/imemc.org\/ 28 giugno 2019 I soldati israeliani e la polizia hanno invaso, gioved\u00ec sera, la citt\u00e0 di al-&#8216;Isawiya, a nord della Gerusalemme est occupata, uccidendo un giovane palestinese e ferendo molti altri residenti, oltre a imporre un rigido assedio alla &hellip; <a href=\"https:\/\/reteitalianaism.it\/reteism\/index.php\/2019\/06\/28\/soldati-israeliani-uccidono-un-palestinese-molti-altri-feriti-a-gerusalemme\/\">Continue reading <span class=\"meta-nav\">&rarr;<\/span><\/a><\/p>\n","protected":false},"author":2,"featured_media":0,"comment_status":"open","ping_status":"open","sticky":false,"template":"","format":"standard","meta":{"footnotes":""},"categories":[3],"tags":[82,41,83],"class_list":["post-11539","post","type-post","status-publish","format-standard","hentry","category-info","tag-gerusalemme-est","tag-pulizia-etnica","tag-violenza-dei-soldati"],"_links":{"self":[{"href":"https:\/\/reteitalianaism.it\/reteism\/index.php\/wp-json\/wp\/v2\/posts\/11539","targetHints":{"allow":["GET"]}}],"collection":[{"href":"https:\/\/reteitalianaism.it\/reteism\/index.php\/wp-json\/wp\/v2\/posts"}],"about":[{"href":"https:\/\/reteitalianaism.it\/reteism\/index.php\/wp-json\/wp\/v2\/types\/post"}],"author":[{"embeddable":true,"href":"https:\/\/reteitalianaism.it\/reteism\/index.php\/wp-json\/wp\/v2\/users\/2"}],"replies":[{"embeddable":true,"href":"https:\/\/reteitalianaism.it\/reteism\/index.php\/wp-json\/wp\/v2\/comments?post=11539"}],"version-history":[{"count":2,"href":"https:\/\/reteitalianaism.it\/reteism\/index.php\/wp-json\/wp\/v2\/posts\/11539\/revisions"}],"predecessor-version":[{"id":11542,"href":"https:\/\/reteitalianaism.it\/reteism\/index.php\/wp-json\/wp\/v2\/posts\/11539\/revisions\/11542"}],"wp:attachment":[{"href":"https:\/\/reteitalianaism.it\/reteism\/index.php\/wp-json\/wp\/v2\/media?parent=11539"}],"wp:term":[{"taxonomy":"category","embeddable":true,"href":"https:\/\/reteitalianaism.it\/reteism\/index.php\/wp-json\/wp\/v2\/categories?post=11539"},{"taxonomy":"post_tag","embeddable":true,"href":"https:\/\/reteitalianaism.it\/reteism\/index.php\/wp-json\/wp\/v2\/tags?post=11539"}],"curies":[{"name":"wp","href":"https:\/\/api.w.org\/{rel}","templated":true}]}}