{"id":11606,"date":"2019-07-11T11:48:50","date_gmt":"2019-07-11T09:48:50","guid":{"rendered":"http:\/\/reteitalianaism.it\/reteism\/?p=11606"},"modified":"2019-07-11T11:50:17","modified_gmt":"2019-07-11T09:50:17","slug":"16-bambini-palestinesi-uccisi-nei-primi-mesi-del-2019","status":"publish","type":"post","link":"https:\/\/reteitalianaism.it\/reteism\/index.php\/2019\/07\/11\/16-bambini-palestinesi-uccisi-nei-primi-mesi-del-2019\/","title":{"rendered":"16 bambini palestinesi uccisi nei primi mesi del 2019"},"content":{"rendered":"<p>10 luglio 2019<\/p>\n<p><a href=\"https:\/\/imemc.org\/article\/16-palestinian-children-killed-in-first-term-of-2019\/\">\u00a0https:\/\/imemc.org\/article\/16-palestinian-children-killed-in-first-term-of-2019\/<\/a><\/p>\n<p><a href=\"http:\/\/reteitalianaism.it\/reteism\/wp-content\/uploads\/2019\/07\/gaza-kids2-ALRAY-e1562789631599.jpg\"><img loading=\"lazy\" decoding=\"async\" class=\" wp-image-11607 aligncenter\" src=\"http:\/\/reteitalianaism.it\/reteism\/wp-content\/uploads\/2019\/07\/gaza-kids2-ALRAY-e1562789631599-300x138.jpg\" alt=\"\" width=\"446\" height=\"205\" srcset=\"https:\/\/reteitalianaism.it\/reteism\/wp-content\/uploads\/2019\/07\/gaza-kids2-ALRAY-e1562789631599-300x138.jpg 300w, https:\/\/reteitalianaism.it\/reteism\/wp-content\/uploads\/2019\/07\/gaza-kids2-ALRAY-e1562789631599-768x353.jpg 768w, https:\/\/reteitalianaism.it\/reteism\/wp-content\/uploads\/2019\/07\/gaza-kids2-ALRAY-e1562789631599.jpg 800w\" sizes=\"auto, (max-width: 446px) 100vw, 446px\" \/><\/a><\/p>\n<p>L&#8217;esercito di occupazione israeliano ha ucciso 16 bambini palestinesi nella Striscia di Gaza durante il primo mandato del 2019, secondo quanto riferito da Al-Mezan Center for Human Rights.<\/p>\n<p>Il centro ha detto, nel rapporto, che 1.233 bambini palestinesi sono stati feriti mentre partecipavano alla Grande Marcia di Ritorno, e altri 17 sono stati detenuti.<!--more--><\/p>\n<p>Il rapporto ha sottolineato che le forze di occupazione israeliane hanno continuato \u00a0ad effettuare sistematiche violazioni dei diritti umani dei palestinesi nella striscia di Gaza, in particolare sui bambini.<\/p>\n<p>Secondo il rapporto, i dati registrati indicavano un aumento del numero di bambini uccisi e feriti, cos\u00ec come il numero di detenzioni, ha ulteriormente Al Ray.<\/p>\n<p>Il centro ha condannato le restrizioni imposte al popolo di Gaza come parte di un blocco permanente e illegale che viola il diritto internazionale e i diritti umani della popolazione di Gaza.<\/p>\n<p>Ha osservato che i fatti indicano i bambini come il settore pi\u00f9 colpito delle aggressioni israeliane dirette e indirette.<\/p>\n<p>Il rapporto ha anche rilevato che la continua violazione di Israele del diritto internazionale e umanitario \u00e8 un riflesso naturale dell&#8217;incapacit\u00e0 della comunit\u00e0 internazionale di svolgere i suoi doveri morali e legali nei confronti dei civili nei territori palestinesi occupati, e in particolare nella Striscia di Gaza.<\/p>\n<p>Il centro ha invitato la comunit\u00e0 internazionale a un passo immediato per fermare queste violazioni.<\/p>\n<p>Ha anche chiesto a chi si occupa dell&#8217;amministrazione della giustizia nei territori palestinesi il perseguimento di tutti coloro che hanno commesso o ordinato queste violazioni e che vengano consegnati nelle mani della giustizia.<\/p>\n","protected":false},"excerpt":{"rendered":"<p>10 luglio 2019 \u00a0https:\/\/imemc.org\/article\/16-palestinian-children-killed-in-first-term-of-2019\/ L&#8217;esercito di occupazione israeliano ha ucciso 16 bambini palestinesi nella Striscia di Gaza durante il primo mandato del 2019, secondo quanto riferito da Al-Mezan Center for Human Rights. Il centro ha detto, nel rapporto, che 1.233 &hellip; <a href=\"https:\/\/reteitalianaism.it\/reteism\/index.php\/2019\/07\/11\/16-bambini-palestinesi-uccisi-nei-primi-mesi-del-2019\/\">Continue reading <span class=\"meta-nav\">&rarr;<\/span><\/a><\/p>\n","protected":false},"author":6,"featured_media":0,"comment_status":"open","ping_status":"open","sticky":false,"template":"","format":"standard","meta":{"footnotes":""},"categories":[2,3],"tags":[176,23,25,165,157,150,51,53,155],"class_list":["post-11606","post","type-post","status-publish","format-standard","hentry","category-gaza-2","category-info","tag-diritti-fondamentali","tag-diritti-umani","tag-gaza","tag-gaza-sotto-assedio","tag-striscia-di-gaza","tag-violenza-dellesercito","tag-violenza-sui-minori","tag-west-bank","tag-west-bank-occupata"],"_links":{"self":[{"href":"https:\/\/reteitalianaism.it\/reteism\/index.php\/wp-json\/wp\/v2\/posts\/11606","targetHints":{"allow":["GET"]}}],"collection":[{"href":"https:\/\/reteitalianaism.it\/reteism\/index.php\/wp-json\/wp\/v2\/posts"}],"about":[{"href":"https:\/\/reteitalianaism.it\/reteism\/index.php\/wp-json\/wp\/v2\/types\/post"}],"author":[{"embeddable":true,"href":"https:\/\/reteitalianaism.it\/reteism\/index.php\/wp-json\/wp\/v2\/users\/6"}],"replies":[{"embeddable":true,"href":"https:\/\/reteitalianaism.it\/reteism\/index.php\/wp-json\/wp\/v2\/comments?post=11606"}],"version-history":[{"count":1,"href":"https:\/\/reteitalianaism.it\/reteism\/index.php\/wp-json\/wp\/v2\/posts\/11606\/revisions"}],"predecessor-version":[{"id":11608,"href":"https:\/\/reteitalianaism.it\/reteism\/index.php\/wp-json\/wp\/v2\/posts\/11606\/revisions\/11608"}],"wp:attachment":[{"href":"https:\/\/reteitalianaism.it\/reteism\/index.php\/wp-json\/wp\/v2\/media?parent=11606"}],"wp:term":[{"taxonomy":"category","embeddable":true,"href":"https:\/\/reteitalianaism.it\/reteism\/index.php\/wp-json\/wp\/v2\/categories?post=11606"},{"taxonomy":"post_tag","embeddable":true,"href":"https:\/\/reteitalianaism.it\/reteism\/index.php\/wp-json\/wp\/v2\/tags?post=11606"}],"curies":[{"name":"wp","href":"https:\/\/api.w.org\/{rel}","templated":true}]}}