{"id":11778,"date":"2019-08-02T17:18:31","date_gmt":"2019-08-02T15:18:31","guid":{"rendered":"http:\/\/reteitalianaism.it\/reteism\/?p=11778"},"modified":"2019-08-02T17:18:31","modified_gmt":"2019-08-02T15:18:31","slug":"riflessioni-da-gaza-sul-linguaggio-antisemita","status":"publish","type":"post","link":"https:\/\/reteitalianaism.it\/reteism\/index.php\/2019\/08\/02\/riflessioni-da-gaza-sul-linguaggio-antisemita\/","title":{"rendered":"Riflessioni da Gaza sul linguaggio antisemita"},"content":{"rendered":"<p><a href=\"https:\/\/mondoweiss.net\/2019\/08\/reflections-semitic-language\/?utm_source=rss&amp;utm_medium=rss&amp;utm_campaign=reflections-semitic-language&amp;fbclid=IwAR1bvNAsR2bvqPpZS707Gyx2bTee9m7WZnmaCBGV1OkeOQacUotU9UVRPmc\">https:\/\/mondoweiss.net\/<\/a><br \/>\nHaidar Eid \u00a0 <strong>1 agosto 2019\u00a0<\/strong><\/p>\n<p>Una delle questioni pi\u00f9 controverse sollevate di recente a Gaza \u00e8 la relazione tra palestinesi ed ebrei, scatenata da un discorso improvvisato a luglio di un alto funzionario di Hamas che ha chiesto alla diaspora palestinese di &#8220;attaccare ogni ebreo nel mondo attraverso massacri e omicidi&#8221;. Il discorso ha inoltre affermato che Hamas ha una fabbrica che produce giubbotti esplosivi per le donne palestinesi che si fanno esplodere lungo il recinto di confine con Israele durante le proteste del venerd\u00ec.<\/p>\n<div id=\"attachment_11770\" style=\"width: 491px\" class=\"wp-caption aligncenter\"><a href=\"http:\/\/reteitalianaism.it\/reteism\/index.php\/2019\/08\/02\/riflessioni-da-gaza-sul-linguaggio-antisemita__trashed\/safe_image-php-8\/\" rel=\"attachment wp-att-11770\"><img loading=\"lazy\" decoding=\"async\" aria-describedby=\"caption-attachment-11770\" class=\" wp-image-11770\" src=\"http:\/\/reteitalianaism.it\/reteism\/wp-content\/uploads\/2019\/08\/safe_image.php-8-300x156.jpeg\" alt=\"\" width=\"481\" height=\"250\" srcset=\"https:\/\/reteitalianaism.it\/reteism\/wp-content\/uploads\/2019\/08\/safe_image.php-8-300x156.jpeg 300w, https:\/\/reteitalianaism.it\/reteism\/wp-content\/uploads\/2019\/08\/safe_image.php-8.jpeg 476w\" sizes=\"auto, (max-width: 481px) 100vw, 481px\" \/><\/a><p id=\"caption-attachment-11770\" class=\"wp-caption-text\">I manifestanti palestinesi si uniscono alla Grande Marcia del Ritorno al confine Israele-Gaza a Khan Younis nella Striscia di Gaza meridionale il 30 marzo 2019. (Foto: Ashraf Amra \/ Immagini APA)<\/p><\/div>\n<p>A suo merito, Hamas ha prontamente condannato il discorso in una dichiarazione che stabilisce che non ha &#8220;un conflitto con gli ebrei nel mondo o con l&#8217;ebraismo come religione&#8221;. Inoltre, alti funzionari di Hamas hanno aspramente criticato il discorso sui social media.<!--more--><\/p>\n<p>Circa due settimane dopo il discorso \u00e8 tornato in circolazione quando Ofir Gendelman, il portavoce per gli arabi del Primo Ministro israeliano Benjamin Netanyahu, ha twittato una serie di clip del video con sottotitoli in inglese.<\/p>\n<p>&#8220;Guarda: il senior leader di Hamas Fathi Hammad chiede a 7 milioni di palestinesi in tutto il mondo di assassinare ebrei, mostrando ancora una volta che Hamas \u00e8 un&#8217;organizzazione terroristica antisemita genocida&#8221;, ha scritto Gendelman il 15 luglio. &#8220;Hamas cerca di ingannare l&#8217;opinione pubblica. Fathi Hammad mostra i veri colori terroristici di Hamas &#8220;, ha detto nominando il funzionario di Hamas.<\/p>\n<p>L&#8217;attuale tweet messo da Gendelman \u00e8 il pi\u00f9 problematico, perch\u00e9 usa il discorso selvaggiamente impreciso e rinnegato di Fathi Hammad per giustificare le vere uccisioni e sparatorie di palestinesi nella Grande Marcia del Ritorno di Gaza. Gendelman ha scritto: &#8220;Ora sai perch\u00e9 proteggiamo il confine con Gaza da Hamas&#8221;.<\/p>\n<p>Uno sguardo pi\u00f9 attento mostrer\u00e0 che c&#8217;\u00e8 una macchina di propaganda in gioco. Nessun giubbotto suicida \u00e8 mai stato usato in queste proteste. Nel corso delle manifestazioni, le Nazioni Unite hanno riferito che le forze israeliane hanno ucciso 206 palestinesi e sparato a quasi 8.000 con munizioni vere.<\/p>\n<div id=\"attachment_11762\" style=\"width: 501px\" class=\"wp-caption aligncenter\"><a href=\"http:\/\/reteitalianaism.it\/reteism\/index.php\/2019\/08\/02\/riflessioni-da-gaza-sul-linguaggio-antisemita__trashed\/892a9197-580x387\/\" rel=\"attachment wp-att-11762\"><img loading=\"lazy\" decoding=\"async\" aria-describedby=\"caption-attachment-11762\" class=\" wp-image-11762\" src=\"http:\/\/reteitalianaism.it\/reteism\/wp-content\/uploads\/2019\/08\/892A9197-580x387-300x200.jpg\" alt=\"\" width=\"491\" height=\"327\" srcset=\"https:\/\/reteitalianaism.it\/reteism\/wp-content\/uploads\/2019\/08\/892A9197-580x387-300x200.jpg 300w, https:\/\/reteitalianaism.it\/reteism\/wp-content\/uploads\/2019\/08\/892A9197-580x387.jpg 580w\" sizes=\"auto, (max-width: 491px) 100vw, 491px\" \/><\/a><p id=\"caption-attachment-11762\" class=\"wp-caption-text\">Attivisti israeliani pubblicano foto sulla recinzione tra Israele e Gaza dei palestinesi che sono stati uccisi dai soldati israeliani mentre protestavano durante la Grande Marcia del Ritorno, giugno 2018. (Foto: Return)<\/p><\/div>\n<p>&nbsp;<\/p>\n<p>In effetti, la forma pi\u00f9 efficace di resistenza che \u00e8 riuscita a conquistare i cuori e le menti di tutti i palestinesi e l&#8217;approvazione della stragrande maggioranza della societ\u00e0 civile palestinese \u00e8 il movimento per il boicottaggio, il disinvestimento e le sanzioni contro Israele o BDS. Si basa sulla Dichiarazione universale dei diritti umani che stabilisce esplicitamente che tutti gli esseri umani sono uguali indipendentemente da razza, religione e sesso. Il Comitato Nazionale del Boicottaggio, noto come BNC, \u00e8 la pi\u00f9 grande coalizione dei settori e delle forze politiche della societ\u00e0 civile palestinese, ha sottolineato pi\u00f9 di una volta il suo rifiuto di tutte le forme di razzismo tra cui l&#8217;antisemitismo e l&#8217;islamofobia.<\/p>\n<p>Il popolo palestinese ha affrontato un sistema a pi\u00f9 livelli di oppressione orientalista, coloniale e imperialista nel corso di due secoli. Pertanto, come vittime, non possono adottare alcuna retorica immorale che flirta con l&#8217;antisemitismo poich\u00e9 la giustizia e l&#8217;uguaglianza sono due obiettivi centrali nella lotta nazionale palestinese. La grande maggioranza delle nostre fazioni, intellettuali, sindacati e campagne ha sottolineato nel secolo scorso che la nostra lotta non \u00e8 mai stata contro gli ebrei o l&#8217;ebraismo poich\u00e9 il sionismo insiste nel falsificarlo. Al contrario, la nostra lotta \u00e8 contro il sionismo come movimento coloniale europeo che mira a svuotare la terra della sua popolazione indigena e sostituirla con nuove societ\u00e0 europee.<\/p>\n<p>Qualsiasi linguaggio antisemita, quindi, manca della chiara visione della nostra lotta e va di pari passo con il colonialismo e l&#8217;imperialismo nel perpetuare la Nakba palestinese e, peggio ancora, ci nega la solidariet\u00e0 internazionale con la nostra giusta causa. Oltre alla sua immoralit\u00e0, il linguaggio antisemita oscura il ruolo fondamentale dell&#8217;imperialismo e del colonialismo nella distruzione della Palestina, nella pulizia etnica della sua gente e nel sostegno dell&#8217;attuale sistema di oppressione a pi\u00f9 livelli, vale a dire occupazione, apartheid e colonialismo coloniale &#8211; per non parlare del fatto che aliena i movimenti di solidariet\u00e0.<\/p>\n<p>I palestinesi hanno ripetutamente espresso apprezzamento per il ruolo molto importante svolto dagli ebrei progressisti e antisionisti nel sostenere la loro lotta per la libert\u00e0, la giustizia e l&#8217;uguaglianza. L&#8217;intervento di organizzazioni come Jewish Voice for Peace, International Jewish Anti-Sionist Network (IJAN) e Boicottaggio dall&#8217;interno non solo ha ascoltato la chiamata BDS fatta dalla societ\u00e0 civile palestinese, ma ha promosso attivamente il BDS ha toccato ogni cuore palestinese. La nostra lotta per la liberazione \u00e8 sempre stata inclusiva, e questo \u00e8 un principio che non cambier\u00e0 finch\u00e9 non avremo una societ\u00e0 egualitaria, dove tutti sono uguali, indipendentemente dalla razza, religione o sesso.<\/p>\n<p>&nbsp;<\/p>\n","protected":false},"excerpt":{"rendered":"<p>https:\/\/mondoweiss.net\/ Haidar Eid \u00a0 1 agosto 2019\u00a0 Una delle questioni pi\u00f9 controverse sollevate di recente a Gaza \u00e8 la relazione tra palestinesi ed ebrei, scatenata da un discorso improvvisato a luglio di un alto funzionario di Hamas che ha chiesto &hellip; <a href=\"https:\/\/reteitalianaism.it\/reteism\/index.php\/2019\/08\/02\/riflessioni-da-gaza-sul-linguaggio-antisemita\/\">Continue reading <span class=\"meta-nav\">&rarr;<\/span><\/a><\/p>\n","protected":false},"author":2,"featured_media":0,"comment_status":"open","ping_status":"open","sticky":false,"template":"","format":"standard","meta":{"footnotes":""},"categories":[2,68],"tags":[16,25,116,150],"class_list":["post-11778","post","type-post","status-publish","format-standard","hentry","category-gaza-2","category-opinioni","tag-campagna-bds","tag-gaza","tag-marcia-del-ritorno","tag-violenza-dellesercito"],"_links":{"self":[{"href":"https:\/\/reteitalianaism.it\/reteism\/index.php\/wp-json\/wp\/v2\/posts\/11778","targetHints":{"allow":["GET"]}}],"collection":[{"href":"https:\/\/reteitalianaism.it\/reteism\/index.php\/wp-json\/wp\/v2\/posts"}],"about":[{"href":"https:\/\/reteitalianaism.it\/reteism\/index.php\/wp-json\/wp\/v2\/types\/post"}],"author":[{"embeddable":true,"href":"https:\/\/reteitalianaism.it\/reteism\/index.php\/wp-json\/wp\/v2\/users\/2"}],"replies":[{"embeddable":true,"href":"https:\/\/reteitalianaism.it\/reteism\/index.php\/wp-json\/wp\/v2\/comments?post=11778"}],"version-history":[{"count":1,"href":"https:\/\/reteitalianaism.it\/reteism\/index.php\/wp-json\/wp\/v2\/posts\/11778\/revisions"}],"predecessor-version":[{"id":11779,"href":"https:\/\/reteitalianaism.it\/reteism\/index.php\/wp-json\/wp\/v2\/posts\/11778\/revisions\/11779"}],"wp:attachment":[{"href":"https:\/\/reteitalianaism.it\/reteism\/index.php\/wp-json\/wp\/v2\/media?parent=11778"}],"wp:term":[{"taxonomy":"category","embeddable":true,"href":"https:\/\/reteitalianaism.it\/reteism\/index.php\/wp-json\/wp\/v2\/categories?post=11778"},{"taxonomy":"post_tag","embeddable":true,"href":"https:\/\/reteitalianaism.it\/reteism\/index.php\/wp-json\/wp\/v2\/tags?post=11778"}],"curies":[{"name":"wp","href":"https:\/\/api.w.org\/{rel}","templated":true}]}}