{"id":11784,"date":"2019-08-04T22:07:37","date_gmt":"2019-08-04T20:07:37","guid":{"rendered":"http:\/\/reteitalianaism.it\/reteism\/?p=11784"},"modified":"2019-08-05T16:51:57","modified_gmt":"2019-08-05T14:51:57","slug":"opinioni-in-israele-lunica-destra-e-lestrema-destra","status":"publish","type":"post","link":"https:\/\/reteitalianaism.it\/reteism\/index.php\/2019\/08\/04\/opinioni-in-israele-lunica-destra-e-lestrema-destra\/","title":{"rendered":"Opinioni \/\/ In Israele l&#8217;unica destra \u00e8 l&#8217;estrema destra"},"content":{"rendered":"<p>di Gideon Levy<\/p>\n<p>4 agosto 2019<\/p>\n<p><a href=\"https:\/\/www.haaretz.com\/opinion\/.premium-in-israel-the-only-right-is-the-far-right-1.7617826?fbclid=IwAR02501y2GkQUwBTFEsfz6k9YfXtEzYcUhoA25K5iGnMH5E4sa77tNLo0hc\">https:\/\/www.haaretz.com<\/a><\/p>\n<div id=\"attachment_11785\" style=\"width: 437px\" class=\"wp-caption aligncenter\"><a href=\"http:\/\/reteitalianaism.it\/reteism\/wp-content\/uploads\/2019\/08\/Screen-Shot-2019-08-04-at-21.52.00.png\"><img loading=\"lazy\" decoding=\"async\" aria-describedby=\"caption-attachment-11785\" class=\" wp-image-11785\" src=\"http:\/\/reteitalianaism.it\/reteism\/wp-content\/uploads\/2019\/08\/Screen-Shot-2019-08-04-at-21.52.00-300x168.png\" alt=\"\" width=\"427\" height=\"239\" srcset=\"https:\/\/reteitalianaism.it\/reteism\/wp-content\/uploads\/2019\/08\/Screen-Shot-2019-08-04-at-21.52.00-300x168.png 300w, https:\/\/reteitalianaism.it\/reteism\/wp-content\/uploads\/2019\/08\/Screen-Shot-2019-08-04-at-21.52.00-768x431.png 768w, https:\/\/reteitalianaism.it\/reteism\/wp-content\/uploads\/2019\/08\/Screen-Shot-2019-08-04-at-21.52.00.png 857w\" sizes=\"auto, (max-width: 427px) 100vw, 427px\" \/><\/a><p id=\"caption-attachment-11785\" class=\"wp-caption-text\">Itamar Ben-Gvir di Otzma Yehudit parla ai giornalisti, 1 agosto 2019. Foto di Olivier Fitoussi<\/p><\/div>\n<p>Non esiste una destra non estremista in Israele. \u00c8 impossibile che vi sia. Quando l&#8217;occupazione \u00e8 ci\u00f2 che definisce i contorni &#8211; moralit\u00e0, legge, giustizia, democrazia, uguaglianza &#8211; cos\u00ec come l&#8217;immagine internazionale di Israele, non pu\u00f2 esserci una destra moderato. C&#8217;\u00e8 solo una destra estremista o una vera sinistra. Non c&#8217;\u00e8 via di mezzo. C&#8217;\u00e8 bianco o nero, non c&#8217;\u00e8 grigio.<!--more--><\/p>\n<p>Chiunque sostenga la perpetuazione dell&#8217;occupazione \u00e8 all&#8217;estrema destra. Nessuno \u00e8 pi\u00f9 a destra di cos\u00ec; cosa c&#8217;\u00e8 di pi\u00f9 estremo che sostenere una crudele dittatura militare che per decenni ha brutalizzato i membri di una nazione diversa e li ha privati dei loro diritti? Cosa c&#8217;\u00e8 di pi\u00f9 razzista che sostenere sistemi separati di diritti e valori per due popoli? E cosa c&#8217;\u00e8 di pi\u00f9 ultranazionalista della convinzione che uno di questi popoli sia superiore all&#8217;altro?<br \/>\nSolo qualcuno che rifiuta tutto questo ed \u00e8 disposto a fare qualsiasi cosa per porre fine a questa situazione immediatamente \u00e8 di sinistra. Tutto il resto sta ingannando se stesso e gli altri in uno sforzo santissimo di sentirsi meglio.<\/p>\n<p>Dopo 52 anni non rimangono pi\u00f9 sedativi. La farsa che l&#8217;occupazione \u00e8 temporanea \u00e8 finita, e con essa la possibilit\u00e0 di essere un liberale sostenendo l&#8217;occupazione. Non ci sono sostenitori illuminati dell&#8217;occupazione. Non esiste un approccio moderato all&#8217;occupazione perpetua.<br \/>\nUno pu\u00f2 essere scioccato dai Kahanisti, disgustato da Otzma Yehudit e desiderarne la sconfitta, ma la verit\u00e0 \u00e8 che, tranne per il loro stile schietto e brutale, non c&#8217;\u00e8 grande differenza tra loro e la maggior parte dei partiti. La destra israeliana ha ampi confini e comprende tutti i sostenitori dell&#8217;occupazione, attivi e passivi, entusiasti o apatici; in breve, la stragrande maggioranza degli israeliani.<br \/>\nMercoled\u00ec, il caso ha portato Benjamin Netanyahu e Benny Gantz in Cisgiordania. Quella mattina, il primo ministro ha incontrato i coloni di Efrat e ha promesso loro: &#8220;Nessuna comunit\u00e0 e nessun residente sar\u00e0 mai sradicato&#8221;.<\/p>\n<p>Poco dopo, a breve distanza in auto, il suo presunto principale concorrente della campagna dichiar\u00f2: &#8220;La Valle del Giordano rimarr\u00e0 per sempre sotto il controllo israeliano&#8221;. Individua le differenze. Non ce ne sono. Non c&#8217;\u00e8 fine all&#8217;occupazione con Efrat e non c&#8217;\u00e8 fine all&#8217;occupazione con la Valle del Giordano. Non esiste una soluzione a due stati senza un ritiro ai confini del 1967, il che significa che circa la met\u00e0 degli abitanti di questa terra ne ricever\u00e0 circa un quinto &#8211; senza un singolo insediamento, non in una valle e non su una montagna.<br \/>\nNon c&#8217;\u00e8 alcuna differenza tra Gantz, che rimane solo nella Valle del Giordano, e Netanyahu, che rimane a Efrat. Nessuno dei due vuole che l&#8217;occupazione finisca, n\u00e9 crede in una soluzione a due stati n\u00e9, naturalmente, in un singolo stato democratico. Per questo motivo, Gantz non \u00e8 il minore dei due mali, \u00e8 un malvagio, proprio come Netanyahu.<br \/>\n\u00c8 vero, gli elettori di Gantz si considerano pi\u00f9 illuminati e umani dei sostenitori di Netanyahu, ma non lo sono. Sono semplicemente pi\u00f9 eloquenti. Le uniche differenze riguardano questioni secondarie.<br \/>\nQuando Bezalel Smotrich ha dichiarato la scorsa settimana che i trasgressori ebrei e palestinesi non sono uguali davanti alla legge &#8211; &#8220;Non c&#8217;\u00e8 paragone tra un fratello e un nemico&#8221; &#8211; \u00e8 scoppiata una tempesta. Che il cielo ci protegga, piangevano i liberali, \u00e8 l&#8217;apartheid.<br \/>\nMa Smotrich il &#8220;razzista&#8221; (a differenza di tutti gli altri) ha semplicemente descritto una situazione che esiste da decenni sotto i governi della destra moderata, del centro e della sinistra &#8211; sotto il controllo dell&#8217;esercito, del servizio di sicurezza Shin Bet e dei sistemi giudiziari , gli eroi della nazione &#8211; e contrastati solo da una manciata di autentici uomini di sinistra. Smotrich dice ci\u00f2 che la maggior parte degli israeliani pensa, sia che sostengano, sia indifferente o cieco.<br \/>\nDopotutto, non siamo come quelle persone. E cos\u00ec abbiamo creato un modello concettuale per coprire la bruttezza. Ci sono insediamenti legali e ci sono avamposti illegali; se rimuoviamo solo gli avamposti saremo giusti. C&#8217;\u00e8 il terrore palestinese &#8211; senza motivo, senza contesto e senza alcuna giustificazione, ed \u00e8 per questo che ora non possiamo porre fine all&#8217;occupazione. Magari un altra volta. C&#8217;\u00e8 il diritto al ritorno per i rifugiati palestinesi, che \u00e8 l&#8217;antisemitismo, quindi \u00e8 per questo che non c&#8217;\u00e8 partner per i colloqui di pace e non c&#8217;\u00e8 nulla di cui parlare.<br \/>\nL&#8217;estrema destra non ha bisogno di tutte queste distrazioni. Tutti gli altri hanno bisogno di loro. E questa \u00e8 l&#8217;unica differenza tra le due parti &#8211; cos\u00ec piccola che \u00e8 difficile dire quale sia preferibile.<\/p>\n","protected":false},"excerpt":{"rendered":"<p>di Gideon Levy 4 agosto 2019 https:\/\/www.haaretz.com Non esiste una destra non estremista in Israele. \u00c8 impossibile che vi sia. Quando l&#8217;occupazione \u00e8 ci\u00f2 che definisce i contorni &#8211; moralit\u00e0, legge, giustizia, democrazia, uguaglianza &#8211; cos\u00ec come l&#8217;immagine internazionale di &hellip; <a href=\"https:\/\/reteitalianaism.it\/reteism\/index.php\/2019\/08\/04\/opinioni-in-israele-lunica-destra-e-lestrema-destra\/\">Continue reading <span class=\"meta-nav\">&rarr;<\/span><\/a><\/p>\n","protected":false},"author":6,"featured_media":0,"comment_status":"open","ping_status":"open","sticky":false,"template":"","format":"standard","meta":{"footnotes":""},"categories":[3],"tags":[9,176,23,24,190,37,53,155],"class_list":["post-11784","post","type-post","status-publish","format-standard","hentry","category-info","tag-apartheid","tag-diritti-fondamentali","tag-diritti-umani","tag-diritto-al-ritorno","tag-grande-marcia-del-ritorno","tag-occupazione","tag-west-bank","tag-west-bank-occupata"],"_links":{"self":[{"href":"https:\/\/reteitalianaism.it\/reteism\/index.php\/wp-json\/wp\/v2\/posts\/11784","targetHints":{"allow":["GET"]}}],"collection":[{"href":"https:\/\/reteitalianaism.it\/reteism\/index.php\/wp-json\/wp\/v2\/posts"}],"about":[{"href":"https:\/\/reteitalianaism.it\/reteism\/index.php\/wp-json\/wp\/v2\/types\/post"}],"author":[{"embeddable":true,"href":"https:\/\/reteitalianaism.it\/reteism\/index.php\/wp-json\/wp\/v2\/users\/6"}],"replies":[{"embeddable":true,"href":"https:\/\/reteitalianaism.it\/reteism\/index.php\/wp-json\/wp\/v2\/comments?post=11784"}],"version-history":[{"count":2,"href":"https:\/\/reteitalianaism.it\/reteism\/index.php\/wp-json\/wp\/v2\/posts\/11784\/revisions"}],"predecessor-version":[{"id":11796,"href":"https:\/\/reteitalianaism.it\/reteism\/index.php\/wp-json\/wp\/v2\/posts\/11784\/revisions\/11796"}],"wp:attachment":[{"href":"https:\/\/reteitalianaism.it\/reteism\/index.php\/wp-json\/wp\/v2\/media?parent=11784"}],"wp:term":[{"taxonomy":"category","embeddable":true,"href":"https:\/\/reteitalianaism.it\/reteism\/index.php\/wp-json\/wp\/v2\/categories?post=11784"},{"taxonomy":"post_tag","embeddable":true,"href":"https:\/\/reteitalianaism.it\/reteism\/index.php\/wp-json\/wp\/v2\/tags?post=11784"}],"curies":[{"name":"wp","href":"https:\/\/api.w.org\/{rel}","templated":true}]}}