{"id":11802,"date":"2019-08-07T21:44:25","date_gmt":"2019-08-07T19:44:25","guid":{"rendered":"http:\/\/reteitalianaism.it\/reteism\/?p=11802"},"modified":"2019-08-07T21:44:25","modified_gmt":"2019-08-07T19:44:25","slug":"ministero-della-pubblica-istruzione-la-detenzione-e-linterrogatorio-di-minori-e-un-crimine-contro-lumanita","status":"publish","type":"post","link":"https:\/\/reteitalianaism.it\/reteism\/index.php\/2019\/08\/07\/ministero-della-pubblica-istruzione-la-detenzione-e-linterrogatorio-di-minori-e-un-crimine-contro-lumanita\/","title":{"rendered":"Ministero della Pubblica Istruzione: la detenzione e l&#8217;interrogatorio di minori \u00e8 un crimine contro l&#8217;umanit\u00e0"},"content":{"rendered":"<p><a href=\"https:\/\/imemc.org\/article\/ministry-of-education-detention-interrogation-of-children-a-crimes-against-humanity\/\">https:\/\/imemc.org\/<\/a><br \/>\n<strong>6 agosto 2019<\/strong><br \/>\nLa detenzione israeliana in corso e l&#8217;interrogatorio di bambini palestinesi sono crimini contro l&#8217;umanit\u00e0, ha detto marted\u00ec il Ministero della Pubblica Istruzione (MoE).<a href=\"http:\/\/reteitalianaism.it\/reteism\/index.php\/2019\/08\/07\/ministero-della-pubblica-istruzione-la-detenzione-e-linterrogatorio-di-minori-e-un-crimine-contro-lumanita\/muhammad-elayyan-2019-pnn-e1565107077555\/\" rel=\"attachment wp-att-11803\"><img loading=\"lazy\" decoding=\"async\" class=\"aligncenter  wp-image-11803\" src=\"http:\/\/reteitalianaism.it\/reteism\/wp-content\/uploads\/2019\/08\/Muhammad-Elayyan-2019-PNN-e1565107077555-300x150.jpg\" alt=\"\" width=\"486\" height=\"243\" srcset=\"https:\/\/reteitalianaism.it\/reteism\/wp-content\/uploads\/2019\/08\/Muhammad-Elayyan-2019-PNN-e1565107077555-300x150.jpg 300w, https:\/\/reteitalianaism.it\/reteism\/wp-content\/uploads\/2019\/08\/Muhammad-Elayyan-2019-PNN-e1565107077555.jpg 450w\" sizes=\"auto, (max-width: 486px) 100vw, 486px\" \/><\/a>Il ministero ha condannato la continua occupazione in quanto usa misure repressive e sistematiche contro i bambini e gli studenti minori palestinesi, in particolare a Gerusalemme, sottolineando che queste pratiche sono crimini gravi e continui contro i bambini palestinesi.<!--more--><\/p>\n<p>Il ministero ha sottolineato che tali pratiche rappresentano una flagrante violazione delle convenzioni internazionali, in particolare l&#8217;articolo 16 della Convenzione sui diritti del fanciullo che stabilisce: \u201cNessun bambino deve essere soggetto a interferenze arbitrarie o illecite con la sua privacy, la sua famiglia, la sua casa , o corrispondenza, n\u00e9 ad attacchi illegali al suo onore e alla sua reputazione &#8220;.<\/p>\n<p>Il ministero ha aggiunto che la scena della convocazione del bambino Muhammad Elyyan, dalla citt\u00e0 di al-Eesawiyya, per un interrogatorio, \u00e8 vergognosa e riflette la brutalit\u00e0 dell&#8217;occupazione militare e rivela la sua palese violazione di tutti i diritti, convenzioni e valori umani.<\/p>\n<p>Ha inoltre attirato l&#8217;attenzione sui duri effetti psicologici di arresti e detenzioni di bambini in cattive condizioni di salute, sottolineando che le continue violazioni dell&#8217;occupazione israeliana, contro i bambini palestinesi, derivano dal silenzio internazionale su queste pratiche criminali.<\/p>\n<p>Il ministero ha rinnovato la sua richiesta che tutti i diritti umani locali e internazionali, insieme alle istituzioni umanitarie e ai media, abbiano la responsabilit\u00e0 di porre fine a queste violazioni e ritengano le autorit\u00e0 di occupazione responsabili dei crescenti crimini contro i bambini palestinesi.<\/p>\n","protected":false},"excerpt":{"rendered":"<p>https:\/\/imemc.org\/ 6 agosto 2019 La detenzione israeliana in corso e l&#8217;interrogatorio di bambini palestinesi sono crimini contro l&#8217;umanit\u00e0, ha detto marted\u00ec il Ministero della Pubblica Istruzione (MoE).Il ministero ha condannato la continua occupazione in quanto usa misure repressive e sistematiche &hellip; <a href=\"https:\/\/reteitalianaism.it\/reteism\/index.php\/2019\/08\/07\/ministero-della-pubblica-istruzione-la-detenzione-e-linterrogatorio-di-minori-e-un-crimine-contro-lumanita\/\">Continue reading <span class=\"meta-nav\">&rarr;<\/span><\/a><\/p>\n","protected":false},"author":2,"featured_media":0,"comment_status":"open","ping_status":"open","sticky":false,"template":"","format":"standard","meta":{"footnotes":""},"categories":[3],"tags":[23,37,83,51],"class_list":["post-11802","post","type-post","status-publish","format-standard","hentry","category-info","tag-diritti-umani","tag-occupazione","tag-violenza-dei-soldati","tag-violenza-sui-minori"],"_links":{"self":[{"href":"https:\/\/reteitalianaism.it\/reteism\/index.php\/wp-json\/wp\/v2\/posts\/11802","targetHints":{"allow":["GET"]}}],"collection":[{"href":"https:\/\/reteitalianaism.it\/reteism\/index.php\/wp-json\/wp\/v2\/posts"}],"about":[{"href":"https:\/\/reteitalianaism.it\/reteism\/index.php\/wp-json\/wp\/v2\/types\/post"}],"author":[{"embeddable":true,"href":"https:\/\/reteitalianaism.it\/reteism\/index.php\/wp-json\/wp\/v2\/users\/2"}],"replies":[{"embeddable":true,"href":"https:\/\/reteitalianaism.it\/reteism\/index.php\/wp-json\/wp\/v2\/comments?post=11802"}],"version-history":[{"count":2,"href":"https:\/\/reteitalianaism.it\/reteism\/index.php\/wp-json\/wp\/v2\/posts\/11802\/revisions"}],"predecessor-version":[{"id":11805,"href":"https:\/\/reteitalianaism.it\/reteism\/index.php\/wp-json\/wp\/v2\/posts\/11802\/revisions\/11805"}],"wp:attachment":[{"href":"https:\/\/reteitalianaism.it\/reteism\/index.php\/wp-json\/wp\/v2\/media?parent=11802"}],"wp:term":[{"taxonomy":"category","embeddable":true,"href":"https:\/\/reteitalianaism.it\/reteism\/index.php\/wp-json\/wp\/v2\/categories?post=11802"},{"taxonomy":"post_tag","embeddable":true,"href":"https:\/\/reteitalianaism.it\/reteism\/index.php\/wp-json\/wp\/v2\/tags?post=11802"}],"curies":[{"name":"wp","href":"https:\/\/api.w.org\/{rel}","templated":true}]}}