{"id":11924,"date":"2019-08-25T22:27:13","date_gmt":"2019-08-25T20:27:13","guid":{"rendered":"http:\/\/reteitalianaism.it\/reteism\/?p=11924"},"modified":"2019-10-19T22:27:48","modified_gmt":"2019-10-19T20:27:48","slug":"chiamata-per-i-volontari-raccolta-olive-2019","status":"publish","type":"post","link":"https:\/\/reteitalianaism.it\/reteism\/index.php\/2019\/08\/25\/chiamata-per-i-volontari-raccolta-olive-2019\/","title":{"rendered":"Chiamata per i volontari: Raccolta olive 2019"},"content":{"rendered":"<p><a href=\"https:\/\/palsolidarity.org\/2019\/08\/call-to-action-olive-harvest-2019\/\">https:\/\/palsolidarity.org\/<\/a><\/p>\n<p><strong>25 agosto 2019 | International Solidarity Movement | Palestina occupata<\/strong><\/p>\n<p>In un momento di regolare violenza da parte dei coloni in Cisgiordania, l&#8217;International Solidarity Movement (ISM) sta lanciando un invito urgente affinch\u00e9 i volontari si uniscano a noi per la campagna della raccolta delle olive del 2019 su invito delle comunit\u00e0 palestinesi.<a href=\"http:\/\/reteitalianaism.it\/reteism\/index.php\/2019\/08\/25\/chiamata-per-i-volontari-raccolta-olive-2019\/img_3997_800-600x399\/\" rel=\"attachment wp-att-11925\"><img loading=\"lazy\" decoding=\"async\" class=\"aligncenter  wp-image-11925\" src=\"http:\/\/reteitalianaism.it\/reteism\/wp-content\/uploads\/2019\/08\/img_3997_800-600x399-300x200.jpg\" alt=\"\" width=\"482\" height=\"321\" srcset=\"https:\/\/reteitalianaism.it\/reteism\/wp-content\/uploads\/2019\/08\/img_3997_800-600x399-300x200.jpg 300w, https:\/\/reteitalianaism.it\/reteism\/wp-content\/uploads\/2019\/08\/img_3997_800-600x399.jpg 600w\" sizes=\"auto, (max-width: 482px) 100vw, 482px\" \/><\/a><br \/>\nL&#8217;olivo \u00e8 un simbolo nazionale per i palestinesi. Dato che migliaia di ulivi sono stati demoliti, sradicati e bruciati dai coloni e dai militari israeliani &#8211; oltre mezzo milione di ulivi e alberi da frutto sono stati distrutti dal settembre 2000 &#8211; la raccolta \u00e8 diventata pi\u00f9 che una fonte di sostentamento; \u00e8 diventata una forma di resistenza.<br \/>\nNonostante gli sforzi dei coloni e dei soldati israeliani per impedire loro di accedere alla loro terra, le comunit\u00e0 palestinesi sono rimaste ferme nel rifiuto di rinunciare alla raccolta delle olive.<!--more--><br \/>\nI volontari dell&#8217;ISM si uniscono alle comunit\u00e0 agricole palestinesi ogni anno per raccogliere le olive, nelle aree in cui i palestinesi affrontano la violenza dei coloni e dei militari quando lavorano la loro terra. La tua presenza pu\u00f2 fare una grande differenza, con le comunit\u00e0 palestinesi che affermano che la presenza di volontari internazionali riduce il rischio di estrema violenza da parte dei coloni israeliani e dell&#8217;esercito israeliano.<\/p>\n<p><a href=\"http:\/\/reteitalianaism.it\/reteism\/index.php\/2019\/08\/25\/chiamata-per-i-volontari-raccolta-olive-2019\/olive-harvest14\/\" rel=\"attachment wp-att-11926\"><img loading=\"lazy\" decoding=\"async\" class=\"aligncenter  wp-image-11926\" src=\"http:\/\/reteitalianaism.it\/reteism\/wp-content\/uploads\/2019\/08\/olive-harvest14-300x210.jpg\" alt=\"\" width=\"479\" height=\"335\" srcset=\"https:\/\/reteitalianaism.it\/reteism\/wp-content\/uploads\/2019\/08\/olive-harvest14-300x210.jpg 300w, https:\/\/reteitalianaism.it\/reteism\/wp-content\/uploads\/2019\/08\/olive-harvest14.jpg 552w\" sizes=\"auto, (max-width: 479px) 100vw, 479px\" \/><\/a><\/p>\n<p>Sosteniamo l&#8217;affermazione dei palestinesi del loro diritto di guadagnarsi da vivere e di essere presenti nelle loro terre. Gli attivisti della solidariet\u00e0 internazionale si impegnano in interventi non violenti e nella documentazione come supporto pratico che consente a molte famiglie di raccogliere le loro olive.<br \/>\nLa raccolta inizier\u00e0 all&#8217;inizio di ottobre e durer\u00e0 fino a met\u00e0 novembre. Chiediamo un impegno minimo di 2 settimane, ma chiediamo che, se possibile, i volontari possano rimanere il pi\u00f9 a lungo possibile. Il nostro lavoro dipende dalle relazioni con le comunit\u00e0 palestinesi in cui lavoriamo e una presenza a lungo termine \u00e8 di grande aiuto a tal fine. Chiediamo gentilmente ai volontari di iniziare ad arrivare nella prima settimana di ottobre, quindi siamo pronti e quando inizia la raccolta.<br \/>\nOltre al raccolto, ci saranno opportunit\u00e0 di partecipare alla resistenza di base e non violenta in Palestina. Gli attivisti dell&#8217;ISM riceveranno una formazione, che si tiene normalmente il mercoled\u00ec e il gioved\u00ec all&#8217;inizio di ogni mese con informazioni su cosa aspettarsi e come agire in situazioni che possono essere intense. Le altre nostre azioni includono:<br \/>\n<strong>Anno scolastico:<\/strong><br \/>\nDomenica 25 agosto segna l&#8217;inizio dell&#8217;anno scolastico, e con esso maggiori minacce per insegnanti e bambini palestinesi. Pertanto, nei prossimi mesi, \u00e8 vitale che abbiamo volontari che siano in grado di camminare con i bambini verso le scuole, di documentare e servire come presenza protettiva contro le forze di occupazione israeliane e le molestie dei coloni, che include ritardi nei checkpoint. Si spera che la presenza di internazionali possa impedire gli attacchi dei coloni o almeno promuovere l&#8217;intervento dei soldati dove altrimenti non avverrebbero.<br \/>\nOltre agli accompagnamenti scolastici, ISM mantiene una presenza costante a Hebron (Al-Khalil), dove molestie e violenze dei coloni sono un evento normale. Ultimamente, la violenza dell&#8217;esercito israeliano \u00e8 aumentata per i palestinesi che vivono vicino all&#8217;insediamento illegale all&#8217;interno della citt\u00e0. Le forze israeliane hanno usato i quartieri palestinesi per l&#8217;addestramento militare e reprimono pesantemente qualsiasi forma di resistenza, rispondendo con punizioni collettive mentre lanciano dozzine di candelotti di gas lacrimogeni e granate stordenti sulla popolazione di Al-Khalil. Attraverso la documentazione e la resistenza non violenta, l&#8217;ISM tenta di alleviare parte della pressione esercitata sui residenti di Al-Khalil.<\/p>\n<div id=\"attachment_11927\" style=\"width: 504px\" class=\"wp-caption aligncenter\"><a href=\"http:\/\/reteitalianaism.it\/reteism\/index.php\/2019\/08\/25\/chiamata-per-i-volontari-raccolta-olive-2019\/salaymeh-logo4-600x400-2-2\/\" rel=\"attachment wp-att-11927\"><img loading=\"lazy\" decoding=\"async\" aria-describedby=\"caption-attachment-11927\" class=\"wp-image-11927\" src=\"http:\/\/reteitalianaism.it\/reteism\/wp-content\/uploads\/2019\/08\/salaymeh-logo4-600x400-2-300x200.jpg\" alt=\"\" width=\"494\" height=\"329\" srcset=\"https:\/\/reteitalianaism.it\/reteism\/wp-content\/uploads\/2019\/08\/salaymeh-logo4-600x400-2-300x200.jpg 300w, https:\/\/reteitalianaism.it\/reteism\/wp-content\/uploads\/2019\/08\/salaymeh-logo4-600x400-2.jpg 600w\" sizes=\"auto, (max-width: 494px) 100vw, 494px\" \/><\/a><p id=\"caption-attachment-11927\" class=\"wp-caption-text\">Soldato in piedi su un altro soldato che scatta foto all&#8217;interno di un cortile della scuola a Khalil<\/p><\/div>\n<p><strong>Presenza protettiva nelle proteste e nei raid della polizia<\/strong>:<br \/>\nOltre a queste attivit\u00e0, partecipiamo alle dimostrazioni settimanali a Kafr Qaddum e in altre aree in cui \u00e8 richiesta la nostra presenza e i manifestanti affrontano una forza eccessiva da parte dell&#8217;IOF. Di recente la polizia di Gerusalemme ha preso di mira la citt\u00e0 di Issawiya, nella Gerusalemme est, invadendo la zona ogni notte e arrestando bambini di appena 5 anni.C&#8217;\u00e8 bisogno che gli stranieri compiano pattuglie serali per documentare queste violazioni dei diritti umani e avere un effetto di mediazione sulle unit\u00e0 notoriamente brutali che operano nella Gerusalemme est occupata.<br \/>\nVivere la situazione per te \u00e8 di vitale importanza per comprendere appieno e in definitiva trasmettere la realt\u00e0 della vita in Palestina alle tue comunit\u00e0 di origine e per ri-inquadrare il dibattito in un modo che esporr\u00e0 le politiche di apartheid di Israele; strisciante pulizia etnica in Cisgiordania e Gerusalemme est occupata, nonch\u00e9 punizioni collettive e pratiche di genocidio a Gaza.<\/p>\n<div id=\"attachment_11928\" style=\"width: 487px\" class=\"wp-caption aligncenter\"><a href=\"http:\/\/reteitalianaism.it\/reteism\/index.php\/2019\/08\/25\/chiamata-per-i-volontari-raccolta-olive-2019\/whatsapp-image-2019-07-29-at-21-17-59-600x591-2\/\" rel=\"attachment wp-att-11928\"><img loading=\"lazy\" decoding=\"async\" aria-describedby=\"caption-attachment-11928\" class=\" wp-image-11928\" src=\"http:\/\/reteitalianaism.it\/reteism\/wp-content\/uploads\/2019\/08\/WhatsApp-Image-2019-07-29-at-21.17.59-600x591-2-300x296.jpg\" alt=\"\" width=\"477\" height=\"471\" srcset=\"https:\/\/reteitalianaism.it\/reteism\/wp-content\/uploads\/2019\/08\/WhatsApp-Image-2019-07-29-at-21.17.59-600x591-2-300x296.jpg 300w, https:\/\/reteitalianaism.it\/reteism\/wp-content\/uploads\/2019\/08\/WhatsApp-Image-2019-07-29-at-21.17.59-600x591-2.jpg 600w\" sizes=\"auto, (max-width: 477px) 100vw, 477px\" \/><\/a><p id=\"caption-attachment-11928\" class=\"wp-caption-text\">La polizia effettua controlli arbitrari sulle auto al di fuori del quartiere palestinese di Issawiya<\/p><\/div>\n<p><strong>Come fare domanda<\/strong>:<br \/>\nSi prega di inviare una mail a ismtraining@riseup.net delineando quali date si \u00e8 in grado di coprire, qualsiasi esperienza che hai con questo tipo di lavoro e perch\u00e9 vuoi fare volontariato in Palestina.<\/p>\n<p><strong>Altre opzioni per aiutare:<\/strong><br \/>\nDonazione: per coloro che non possono farcela in questo periodo e vogliono aiutare, puoi donare o aiutare nella raccolta fondi che verranno utilizzati per finanziare le campagne in corso dell&#8217;ISM.<br \/>\nIn solidariet\u00e0,<br \/>\nISM Palestine<\/p>\n","protected":false},"excerpt":{"rendered":"<p>https:\/\/palsolidarity.org\/ 25 agosto 2019 | International Solidarity Movement | Palestina occupata In un momento di regolare violenza da parte dei coloni in Cisgiordania, l&#8217;International Solidarity Movement (ISM) sta lanciando un invito urgente affinch\u00e9 i volontari si uniscano a noi per &hellip; <a href=\"https:\/\/reteitalianaism.it\/reteism\/index.php\/2019\/08\/25\/chiamata-per-i-volontari-raccolta-olive-2019\/\">Continue reading <span class=\"meta-nav\">&rarr;<\/span><\/a><\/p>\n","protected":false},"author":2,"featured_media":0,"comment_status":"open","ping_status":"open","sticky":false,"template":"","format":"standard","meta":{"footnotes":""},"categories":[3,4],"tags":[37,41,113,42],"class_list":["post-11924","post","type-post","status-publish","format-standard","hentry","category-info","category-training","tag-occupazione","tag-pulizia-etnica","tag-raccolta-olive","tag-resistenza"],"_links":{"self":[{"href":"https:\/\/reteitalianaism.it\/reteism\/index.php\/wp-json\/wp\/v2\/posts\/11924","targetHints":{"allow":["GET"]}}],"collection":[{"href":"https:\/\/reteitalianaism.it\/reteism\/index.php\/wp-json\/wp\/v2\/posts"}],"about":[{"href":"https:\/\/reteitalianaism.it\/reteism\/index.php\/wp-json\/wp\/v2\/types\/post"}],"author":[{"embeddable":true,"href":"https:\/\/reteitalianaism.it\/reteism\/index.php\/wp-json\/wp\/v2\/users\/2"}],"replies":[{"embeddable":true,"href":"https:\/\/reteitalianaism.it\/reteism\/index.php\/wp-json\/wp\/v2\/comments?post=11924"}],"version-history":[{"count":2,"href":"https:\/\/reteitalianaism.it\/reteism\/index.php\/wp-json\/wp\/v2\/posts\/11924\/revisions"}],"predecessor-version":[{"id":11930,"href":"https:\/\/reteitalianaism.it\/reteism\/index.php\/wp-json\/wp\/v2\/posts\/11924\/revisions\/11930"}],"wp:attachment":[{"href":"https:\/\/reteitalianaism.it\/reteism\/index.php\/wp-json\/wp\/v2\/media?parent=11924"}],"wp:term":[{"taxonomy":"category","embeddable":true,"href":"https:\/\/reteitalianaism.it\/reteism\/index.php\/wp-json\/wp\/v2\/categories?post=11924"},{"taxonomy":"post_tag","embeddable":true,"href":"https:\/\/reteitalianaism.it\/reteism\/index.php\/wp-json\/wp\/v2\/tags?post=11924"}],"curies":[{"name":"wp","href":"https:\/\/api.w.org\/{rel}","templated":true}]}}