{"id":12025,"date":"2019-09-13T21:41:58","date_gmt":"2019-09-13T19:41:58","guid":{"rendered":"http:\/\/reteitalianaism.it\/reteism\/?p=12025"},"modified":"2019-09-13T21:41:58","modified_gmt":"2019-09-13T19:41:58","slug":"120-detenuti-pronti-a-unirsi-allo-sciopero-della-fame-mentre-la-tensione-continua-a-salire","status":"publish","type":"post","link":"https:\/\/reteitalianaism.it\/reteism\/index.php\/2019\/09\/13\/120-detenuti-pronti-a-unirsi-allo-sciopero-della-fame-mentre-la-tensione-continua-a-salire\/","title":{"rendered":"120 detenuti pronti a unirsi allo sciopero della fame, mentre la tensione continua a salire"},"content":{"rendered":"<p><a href=\"https:\/\/imemc.org\/article\/120-detainees-to-join-hunger-strike-as-tension-continues-to-mount\/\">https:\/\/imemc.org\/<\/a><br \/>\n<strong>13 settembre 2019<\/strong><br \/>\nDue giorni dopo che 23 prigionieri politici palestinesi nelle carceri israeliane hanno iniziato uno sciopero della fame, altri 120 stanno pianificando di unirsi allo sciopero, soprattutto se l&#8217;autorit\u00e0 israeliana della prigione continua a ignorare le loro richieste, compresa l&#8217;attuazione di ci\u00f2 che ha concordato nell&#8217;aprile di quest&#8217;anno.<a href=\"http:\/\/reteitalianaism.it\/reteism\/index.php\/2019\/09\/13\/120-detenuti-pronti-a-unirsi-allo-sciopero-della-fame-mentre-la-tensione-continua-a-salire\/hunger-strike-1-e1471135656597\/\" rel=\"attachment wp-att-12026\"><img loading=\"lazy\" decoding=\"async\" class=\"aligncenter  wp-image-12026\" src=\"http:\/\/reteitalianaism.it\/reteism\/wp-content\/uploads\/2019\/09\/hunger-strike-1-e1471135656597-300x226.jpg\" alt=\"\" width=\"462\" height=\"348\" srcset=\"https:\/\/reteitalianaism.it\/reteism\/wp-content\/uploads\/2019\/09\/hunger-strike-1-e1471135656597-300x226.jpg 300w, https:\/\/reteitalianaism.it\/reteism\/wp-content\/uploads\/2019\/09\/hunger-strike-1-e1471135656597.jpg 420w\" sizes=\"auto, (max-width: 462px) 100vw, 462px\" \/><\/a><\/p>\n<p>I detenuti hanno affermato che l&#8217;autorit\u00e0 carceraria continua non solo a ignorare le loro richieste, ma sta anche rifiutando di attuare quanto concordato lo scorso aprile, dopo aver accettato di installare telefoni pubblici e di rimuovere i dispositivi di inceppamento del segnale telefonico, installato in varie carceri, che ha causato complicazioni alla salute di diversi detenuti.<!--more--><\/p>\n<p>La Palestinian Prisoners &#8216;Society (PPS) ha riferito, gioved\u00ec, che 23 detenuti hanno iniziato uno sciopero della fame a tempo indeterminato due giorni prima, dopo che \u00e8 diventato chiaro che Israele non \u00e8 interessato ad attuare l&#8217;accordo raggiunto dopo lo sciopero di aprile di questo anno.<\/p>\n<p>Il PPS ha aggiunto che \u00e8 improbabile che il servizio penitenziario accetti le richieste nelle prossime ore o giorni, soprattutto perch\u00e9 continua a intensificare le violazioni nei loro confronti, per costringerli a fermare lo sciopero.<\/p>\n<p>Mercoled\u00ec i detenuti hanno concesso all&#8217;autorit\u00e0 penitenziaria 24 ore per rispondere alle loro richieste, tra cui l&#8217;attivazione di telefoni pubblici per un periodo di prova di cinque giorni, oltre a rimuovere i dispositivi di rimescolamento del segnale.<\/p>\n<p>I detenuti chiedono anche il ritorno dei 23 detenuti che sono stati trasferiti dalla prigione di Ramon a Nafha, dopo aver iniziato uno sciopero della fame, e per fermare le provocatorie invasioni e le violente perquisizioni nelle loro stanze.<\/p>\n<p>Vale la pena ricordare che, nell&#8217;aprile di quest&#8217;anno, i detenuti hanno attuato una serie di misure di protesta, chiedendo a Israele di interrompere l&#8217;installazione dei dispositivi di danneggiamento e di avviare l&#8217;installazione di telefoni pubblici, e un accordo \u00e8 stato raggiunto al riguardo.<\/p>\n","protected":false},"excerpt":{"rendered":"<p>https:\/\/imemc.org\/ 13 settembre 2019 Due giorni dopo che 23 prigionieri politici palestinesi nelle carceri israeliane hanno iniziato uno sciopero della fame, altri 120 stanno pianificando di unirsi allo sciopero, soprattutto se l&#8217;autorit\u00e0 israeliana della prigione continua a ignorare le loro &hellip; <a href=\"https:\/\/reteitalianaism.it\/reteism\/index.php\/2019\/09\/13\/120-detenuti-pronti-a-unirsi-allo-sciopero-della-fame-mentre-la-tensione-continua-a-salire\/\">Continue reading <span class=\"meta-nav\">&rarr;<\/span><\/a><\/p>\n","protected":false},"author":2,"featured_media":0,"comment_status":"open","ping_status":"open","sticky":false,"template":"","format":"standard","meta":{"footnotes":""},"categories":[3,67],"tags":[22,42,44],"class_list":["post-12025","post","type-post","status-publish","format-standard","hentry","category-info","category-prigionieri","tag-diritti-prigionieri","tag-resistenza","tag-sciopero-della-fame-2"],"_links":{"self":[{"href":"https:\/\/reteitalianaism.it\/reteism\/index.php\/wp-json\/wp\/v2\/posts\/12025","targetHints":{"allow":["GET"]}}],"collection":[{"href":"https:\/\/reteitalianaism.it\/reteism\/index.php\/wp-json\/wp\/v2\/posts"}],"about":[{"href":"https:\/\/reteitalianaism.it\/reteism\/index.php\/wp-json\/wp\/v2\/types\/post"}],"author":[{"embeddable":true,"href":"https:\/\/reteitalianaism.it\/reteism\/index.php\/wp-json\/wp\/v2\/users\/2"}],"replies":[{"embeddable":true,"href":"https:\/\/reteitalianaism.it\/reteism\/index.php\/wp-json\/wp\/v2\/comments?post=12025"}],"version-history":[{"count":2,"href":"https:\/\/reteitalianaism.it\/reteism\/index.php\/wp-json\/wp\/v2\/posts\/12025\/revisions"}],"predecessor-version":[{"id":12028,"href":"https:\/\/reteitalianaism.it\/reteism\/index.php\/wp-json\/wp\/v2\/posts\/12025\/revisions\/12028"}],"wp:attachment":[{"href":"https:\/\/reteitalianaism.it\/reteism\/index.php\/wp-json\/wp\/v2\/media?parent=12025"}],"wp:term":[{"taxonomy":"category","embeddable":true,"href":"https:\/\/reteitalianaism.it\/reteism\/index.php\/wp-json\/wp\/v2\/categories?post=12025"},{"taxonomy":"post_tag","embeddable":true,"href":"https:\/\/reteitalianaism.it\/reteism\/index.php\/wp-json\/wp\/v2\/tags?post=12025"}],"curies":[{"name":"wp","href":"https:\/\/api.w.org\/{rel}","templated":true}]}}