{"id":12096,"date":"2019-09-25T17:47:12","date_gmt":"2019-09-25T15:47:12","guid":{"rendered":"http:\/\/reteitalianaism.it\/reteism\/?p=12096"},"modified":"2019-09-25T17:47:12","modified_gmt":"2019-09-25T15:47:12","slug":"quando-tornera-a-casa-papa","status":"publish","type":"post","link":"https:\/\/reteitalianaism.it\/reteism\/index.php\/2019\/09\/25\/quando-tornera-a-casa-papa\/","title":{"rendered":"Quando torner\u00e0 a casa pap\u00e0?"},"content":{"rendered":"<p><a href=\"https:\/\/electronicintifada.net\/content\/when-will-dad-come-home\/28491\">https:\/\/electronicintifada.net\/<\/a><\/p>\n<p><strong>24 settembre 2019<\/strong><\/p>\n<p>Sarah Algherbawi \u00a0 \u00a0 \u00a0The Electronic Intifada<\/p>\n<p>La bimba di due anni Mira al-Sultan continua a chiedere quando suo padre torner\u00e0 a casa. Purtroppo, l&#8217;uomo \u00e8 morto ma la madre di Mira non riesce ancora a trovare un modo per spiegarglielo.<\/p>\n<div id=\"attachment_12097\" style=\"width: 498px\" class=\"wp-caption aligncenter\"><a href=\"http:\/\/reteitalianaism.it\/reteism\/index.php\/2019\/09\/25\/quando-tornera-a-casa-papa\/dsc_3255\/\" rel=\"attachment wp-att-12097\"><img loading=\"lazy\" decoding=\"async\" aria-describedby=\"caption-attachment-12097\" class=\" wp-image-12097\" src=\"http:\/\/reteitalianaism.it\/reteism\/wp-content\/uploads\/2019\/09\/dsc_3255-300x200.jpg\" alt=\"\" width=\"488\" height=\"325\" srcset=\"https:\/\/reteitalianaism.it\/reteism\/wp-content\/uploads\/2019\/09\/dsc_3255-300x200.jpg 300w, https:\/\/reteitalianaism.it\/reteism\/wp-content\/uploads\/2019\/09\/dsc_3255-768x513.jpg 768w, https:\/\/reteitalianaism.it\/reteism\/wp-content\/uploads\/2019\/09\/dsc_3255.jpg 800w\" sizes=\"auto, (max-width: 488px) 100vw, 488px\" \/><\/a><p id=\"caption-attachment-12097\" class=\"wp-caption-text\">Marwa al-Sultan con sua figlia Mira e due figli. Alle loro spalle si vede un poster del defunto marito Tamer. Zaged Abed<\/p><\/div>\n<p>Tamer &#8211; il padre di Mira &#8211; ha lasciato Gaza nell&#8217;aprile di quest&#8217;anno. Il farmacista sperava di costruire una nuova vita per la sua famiglia in Europa.<\/p>\n<p>Dopo aver viaggiato via terra per la Turchia, Tamer si \u00e8 imbarcato su una nave affollata diretta verso la Grecia. Una volta arrivato in Grecia, ha intrapreso un viaggio tortuoso per evitare di essere fermato dalla polizia di frontiera.<!--more--><\/p>\n<p>Dalla Grecia, Tamer si \u00e8 avventurato attraverso l&#8217;Albania e la Serbia, principalmente a piedi. Il suo piano era di arrivare infine in Belgio, attraverso l&#8217;ex Jugoslavia e poi l&#8217;Italia e la Francia.<\/p>\n<p>L&#8217;11 agosto, Tamer ha telefonato a sua moglie Marwa. &#8220;Mi ha detto che sarebbe entrato nei boschi della Bosnia ed Erzegovina e avrebbe avuto bisogno di sei giorni per raggiungere la Croazia&#8221;, \u200b\u200bha detto Marwa. &#8220;\u00c8 stata l&#8217;ultima volta che ho sentito la sua voce.&#8221;<\/p>\n<p>Mentre camminava nei boschi bosniaci, Tamer si \u00e8 ferito a un braccio. Poich\u00e9 la ferita non \u00e8 stata curata abbastanza rapidamente, si \u00e8 ammalato gravemente.<\/p>\n<p>Pochi giorni dopo la famiglia di Tamer \u00e8 stata informata da un ospedale bosniaco che Tamer era morto per avvelenamento del sangue. Aveva 38 anni.<\/p>\n<p>Tamer possedeva una farmacia a Gaza. &#8220;Ma \u00e8 stato costretto a venderla perch\u00e9 la situazione economica \u00e8 peggiorata&#8221;, ha detto Marwa. &#8220;Ha deciso di emigrare e trovare un lavoro fuori Gaza.&#8221;<\/p>\n<p>Tamer era anche un attivista, aveva partecipato agli appelli per cancellare i debiti nei casi in cui le persone non potevano permettersi di rimborsarli. Nel marzo di quest&#8217;anno, \u00e8 stato arrestato dalla polizia di Gaza per aver preso parte alle proteste contro la carenza di elettricit\u00e0.<\/p>\n<p>Tamer era il padre di due ragazzi e una ragazza. Sua moglie Marwa \u00e8 incinta di un altro ragazzo.<\/p>\n<p>&#8220;Chiamer\u00f2 il bambino Tamer &#8211; come suo padre, che lui non conoscer\u00e0 mai&#8221;, ha detto.<\/p>\n<p>Prima di andarsene, Tamer ha piantato una vite. Ha chiesto che i suoi figli la proteggessero fino al suo ritorno.<\/p>\n<p>&#8220;Prover\u00f2 a prendermi cura dell&#8217;albero come mio padre ha chiesto&#8221;, ha detto il figlio Wisam di 9 anni. &#8220;Sono sicuro che pap\u00e0 sar\u00e0 felice di saperlo.&#8221;<\/p>\n<div id=\"attachment_12098\" style=\"width: 478px\" class=\"wp-caption aligncenter\"><a href=\"http:\/\/reteitalianaism.it\/reteism\/index.php\/2019\/09\/25\/quando-tornera-a-casa-papa\/dsc_3266\/\" rel=\"attachment wp-att-12098\"><img loading=\"lazy\" decoding=\"async\" aria-describedby=\"caption-attachment-12098\" class=\" wp-image-12098\" src=\"http:\/\/reteitalianaism.it\/reteism\/wp-content\/uploads\/2019\/09\/dsc_3266-300x200.jpg\" alt=\"\" width=\"468\" height=\"312\" srcset=\"https:\/\/reteitalianaism.it\/reteism\/wp-content\/uploads\/2019\/09\/dsc_3266-300x200.jpg 300w, https:\/\/reteitalianaism.it\/reteism\/wp-content\/uploads\/2019\/09\/dsc_3266-768x513.jpg 768w, https:\/\/reteitalianaism.it\/reteism\/wp-content\/uploads\/2019\/09\/dsc_3266.jpg 800w\" sizes=\"auto, (max-width: 468px) 100vw, 468px\" \/><\/a><p id=\"caption-attachment-12098\" class=\"wp-caption-text\">Wisam, tenendo un tubo accanto a suo fratello Fathi, annaffia la vite piantata da suo padre prima di lasciare Gaza. Zaged Abed<\/p><\/div>\n<p><strong>Partenza di massa<\/strong><br \/>\nPoco dopo la morte di Tamer, si \u00e8 saputo che Israele ha una politica deliberata di spingere le persone a lasciare Gaza in massa. Pi\u00f9 di 35.000 residenti di Gaza sono emigrati nel 2018.<\/p>\n<p>La partenza di massa \u00e8 stata facilitata dal blocco che Israele ha imposto a Gaza negli ultimi 12 anni.<\/p>\n<p>Le opportunit\u00e0 all&#8217;interno del territorio sono estremamente limitate. Circa il 52% della forza lavoro di Gaza era senza lavoro nel 2018.<\/p>\n<p>Il tasso di disoccupazione tra le persone di et\u00e0 compresa tra 18 e 29 anni \u00e8 particolarmente elevato. Secondo il Central Bureau of Statistics palestinese, \u00e8 passato dal 53% al 69% tra il 2008 e l&#8217;anno scorso.<\/p>\n<p>Ho condotto un sondaggio su 20 giovani, per lo pi\u00f9 laureati. Diciotto dei 20 hanno risposto che stavano progettando di lasciare Gaza nel prossimo futuro.<\/p>\n<p>Gli intervistati si sono arrabbiati quando hanno saputo che Israele sta spingendo i residenti di Gaza ad emigrare per motivi di politica.<\/p>\n<p>Nonostante sentissero che dovevano andarsene, non desideravano essere visti come graditi per questo a Israele in alcun modo. Come gesto simbolico, molti hanno giurato di non volare da Tel Aviv.<\/p>\n<p>Ahmad al-Hindi, un musicista disoccupato che si \u00e8 laureato presso l&#8217;Universit\u00e0 al-Azhar di Gaza nel 2016, \u00e8 tra quelli che si preparano a partire. &#8220;Ma preferirei morire piuttosto che emigrare attraverso un aeroporto israeliano&#8221;, ha detto.<\/p>\n<p><strong>&#8220;Grande prigione&#8221;<\/strong><br \/>\nMio cognato Muhammad Abu al-Tarabeesh \u00e8 emigrato da Gaza a settembre 2018.<\/p>\n<p>Muhammad aveva studiato contabilit\u00e0 all&#8217;Universit\u00e0 della Palestina di Gaza, ma ha dovuto ritirarsi dal suo corso perch\u00e9 la sua famiglia non poteva permettersi il suo costo.<\/p>\n<p>A 26 anni, Muhammad \u00e8 partito per l&#8217;Europa per cercare migliori opportunit\u00e0 l\u00e0. Ha viaggiato attraverso la Turchia per un mese e poi ha intrapreso un viaggio per mare in Grecia, che ha definito &#8220;terrificante&#8221;.<\/p>\n<p>Per gran parte dell&#8217;anno passato, Muhammad \u00e8 stato bloccato in una roulotte sull&#8217;isola greca di Leros. Vive in un campo gestito dall&#8217;UNHCR, l&#8217;agenzia delle Nazioni Unite per i rifugiati.<\/p>\n<p>Il campo \u00e8 stato celebrato come un &#8220;modello&#8221; dall&#8217;agenzia stessa.<\/p>\n<p>Muhammad ha una prospettiva diversa. &#8220;\u00c8 come una grande prigione con due porte, una per l&#8217;ingresso e l&#8217;altra per l&#8217;uscita&#8221;, ha detto. &#8220;C&#8217;\u00e8 un&#8217;alta sicurezza in ogni momento. Ci sono orari specifici per mangiare e dormire e ci trattano come se fossimo solo numeri. \u201d<\/p>\n<p>Ogni roulotte \u00e8 larga 3 metri e lunga 6 metri e ospita una media di 12 persone, secondo Muhammad.<\/p>\n<p>Deve aspettare a Leros fino a quando la sua domanda di asilo non sar\u00e0 processata. Non gli \u00e8 ancora stato detto se sono stati fatti progressi nella gestione del suo file.<\/p>\n<p>La nostra famiglia \u00e8 preoccupata per Muhammad. Ma possiamo consolarci nel sapere che \u00e8 vivo e &#8211; almeno per il momento &#8211; al sicuro.<\/p>\n<p><strong>Affogato<\/strong><\/p>\n<p>Lo stesso non si pu\u00f2 dire per molti altri emigranti.<\/p>\n<div id=\"attachment_12099\" style=\"width: 368px\" class=\"wp-caption aligncenter\"><a href=\"http:\/\/reteitalianaism.it\/reteism\/index.php\/2019\/09\/25\/quando-tornera-a-casa-papa\/img_6663\/\" rel=\"attachment wp-att-12099\"><img loading=\"lazy\" decoding=\"async\" aria-describedby=\"caption-attachment-12099\" class=\" wp-image-12099\" src=\"http:\/\/reteitalianaism.it\/reteism\/wp-content\/uploads\/2019\/09\/img_6663-256x300.jpg\" alt=\"\" width=\"358\" height=\"420\" srcset=\"https:\/\/reteitalianaism.it\/reteism\/wp-content\/uploads\/2019\/09\/img_6663-256x300.jpg 256w, https:\/\/reteitalianaism.it\/reteism\/wp-content\/uploads\/2019\/09\/img_6663.jpg 596w\" sizes=\"auto, (max-width: 358px) 100vw, 358px\" \/><\/a><p id=\"caption-attachment-12099\" class=\"wp-caption-text\">Saleh Hamad, con la maglietta nera con l&#8217;amico Moataz Abu Obeid, durante il loro viaggio attraverso i Balcani. (Immagine gentilmente concessa da Moataz Abu Obeid)<\/p><\/div>\n<p>Saleh Hamad &#8211; 22 anni &#8211; ha lasciato Gaza con la sua famiglia all&#8217;inizio di giugno di quest&#8217;anno. Si sono diretti verso la Turchia e, pi\u00f9 tardi nel mese, sono salpati per la Grecia.<\/p>\n<p>Ad agosto, Hamad \u00e8 partito per un viaggio con il suo amico Moataz Abu Obeid. Il loro piano era di viaggiare verso il Belgio.<\/p>\n<p>I due amici hanno cercato di entrare ripetutamente a piedi in Albania.<\/p>\n<p>In sei dei loro tentativi, sono stati catturati dalla polizia albanese, che li ha riportati al confine di quel paese con la Grecia. Al settimo tentativo, secondo Abu Obeid, sono arrivati \u200b\u200bin Albania senza essere scoperti e hanno iniziato a camminare in direzione della Serbia.<\/p>\n<p>Dopo essere arrivati in Serbia, i due uomini furono presi in custodia dalla polizia, ma rilasciati dopo sette ore. Si sono fatti strada attraverso la Serbia a piedi e dopo un paio di giorni hanno deciso di provare ad attraversare il fiume Drina in Bosnia.<\/p>\n<p>Era buio quando si sono avvicinati al fiume, quindi hanno accettato di aspettare fino al mattino successivo. Quella sera furono attaccati da animali selvatici, ma riuscirono comunque a scappare.<\/p>\n<p>La mattina seguente, i due uomini erano sulle rive del fiume quando Hamad ha perso l&#8217;equilibrio. Cadde nel fiume &#8211; che aveva una forte corrente &#8211; e inizi\u00f2 ad affogare.<\/p>\n<p>Nel frattempo, Abu Obeid \u00e8 svenuto dopo avere sbattuto contro un albero. Quando ha ripreso conoscenza, si \u00e8 ritrovato circondato dalla polizia serba.<\/p>\n<p>La polizia non \u00e8 stata d&#8217;aiuto. Secondo Abu Obeid, si sono rifiutati di organizzare una ricerca per Hamad, dicendogli che molti altri erano annegati mentre cercavano di attraversare il fiume.<\/p>\n<p>&#8220;La polizia avrebbe solo preso alcune informazioni su Salah e sui vestiti che indossava&#8221;, ha detto Abu Obeid.<\/p>\n<p>Il corpo di Hamad \u00e8 stato infine ritrovato a settembre &#8211; poche settimane dopo la sua scomparsa.<\/p>\n<p>Non \u00e8 stato il primo Gazawi a morire mentre cercava una vita migliore all&#8217;estero. Ed \u00e8 improbabile che sia l&#8217;ultimo.<\/p>\n<p>Sarah Algherbawi \u00e8 una scrittrice e traduttrice freelance di Gaza.<\/p>\n","protected":false},"excerpt":{"rendered":"<p>https:\/\/electronicintifada.net\/ 24 settembre 2019 Sarah Algherbawi \u00a0 \u00a0 \u00a0The Electronic Intifada La bimba di due anni Mira al-Sultan continua a chiedere quando suo padre torner\u00e0 a casa. Purtroppo, l&#8217;uomo \u00e8 morto ma la madre di Mira non riesce ancora a &hellip; <a href=\"https:\/\/reteitalianaism.it\/reteism\/index.php\/2019\/09\/25\/quando-tornera-a-casa-papa\/\">Continue reading <span class=\"meta-nav\">&rarr;<\/span><\/a><\/p>\n","protected":false},"author":2,"featured_media":0,"comment_status":"open","ping_status":"open","sticky":false,"template":"","format":"standard","meta":{"footnotes":""},"categories":[2,3],"tags":[23,165,41],"class_list":["post-12096","post","type-post","status-publish","format-standard","hentry","category-gaza-2","category-info","tag-diritti-umani","tag-gaza-sotto-assedio","tag-pulizia-etnica"],"_links":{"self":[{"href":"https:\/\/reteitalianaism.it\/reteism\/index.php\/wp-json\/wp\/v2\/posts\/12096","targetHints":{"allow":["GET"]}}],"collection":[{"href":"https:\/\/reteitalianaism.it\/reteism\/index.php\/wp-json\/wp\/v2\/posts"}],"about":[{"href":"https:\/\/reteitalianaism.it\/reteism\/index.php\/wp-json\/wp\/v2\/types\/post"}],"author":[{"embeddable":true,"href":"https:\/\/reteitalianaism.it\/reteism\/index.php\/wp-json\/wp\/v2\/users\/2"}],"replies":[{"embeddable":true,"href":"https:\/\/reteitalianaism.it\/reteism\/index.php\/wp-json\/wp\/v2\/comments?post=12096"}],"version-history":[{"count":2,"href":"https:\/\/reteitalianaism.it\/reteism\/index.php\/wp-json\/wp\/v2\/posts\/12096\/revisions"}],"predecessor-version":[{"id":12101,"href":"https:\/\/reteitalianaism.it\/reteism\/index.php\/wp-json\/wp\/v2\/posts\/12096\/revisions\/12101"}],"wp:attachment":[{"href":"https:\/\/reteitalianaism.it\/reteism\/index.php\/wp-json\/wp\/v2\/media?parent=12096"}],"wp:term":[{"taxonomy":"category","embeddable":true,"href":"https:\/\/reteitalianaism.it\/reteism\/index.php\/wp-json\/wp\/v2\/categories?post=12096"},{"taxonomy":"post_tag","embeddable":true,"href":"https:\/\/reteitalianaism.it\/reteism\/index.php\/wp-json\/wp\/v2\/tags?post=12096"}],"curies":[{"name":"wp","href":"https:\/\/api.w.org\/{rel}","templated":true}]}}