{"id":12210,"date":"2019-10-19T20:11:44","date_gmt":"2019-10-19T18:11:44","guid":{"rendered":"http:\/\/reteitalianaism.it\/reteism\/?p=12210"},"modified":"2019-10-23T19:22:19","modified_gmt":"2019-10-23T17:22:19","slug":"i-bambini-beduini-si-uniscono-allo-sciopero-globale-del-clima-nella-prima-protesta-di-extinction-rebellion-in-palestina","status":"publish","type":"post","link":"https:\/\/reteitalianaism.it\/reteism\/index.php\/2019\/10\/19\/i-bambini-beduini-si-uniscono-allo-sciopero-globale-del-clima-nella-prima-protesta-di-extinction-rebellion-in-palestina\/","title":{"rendered":"I bambini beduini si uniscono allo sciopero globale del clima nella prima protesta di extinction\/rebellion in Palestina"},"content":{"rendered":"<p>&nbsp;<\/p>\n<p><a href=\"https:\/\/palsolidarity.org\/2019\/10\/bedouin-kids-join-global-climate-strike-in-palestines-first-extinction-rebellion-protest\/\">https:\/\/palsolidarity.org\/2019\/<\/a><\/p>\n<p><strong>19 ottobre | International Solidarity Movement | Umm al-Khair, South Hebron Hill<\/strong><br \/>\nI bambini beduini in Cisgiordania hanno aderito ieri alle proteste climatiche globali, facendo valere il ruolo dell&#8217;occupazione israeliana nell&#8217;acuire gli effetti dei cambiamenti climatici sui palestinesi.<\/p>\n<div id=\"attachment_12211\" style=\"width: 505px\" class=\"wp-caption aligncenter\"><a href=\"http:\/\/reteitalianaism.it\/reteism\/index.php\/2019\/10\/19\/i-bambini-beduini-si-uniscono-allo-sciopero-globale-del-clima-nella-prima-protesta-di-extinction-rebellion-in-palestina\/whatsapp-image-2019-10-18-at-16-49-15\/\" rel=\"attachment wp-att-12211\"><img loading=\"lazy\" decoding=\"async\" aria-describedby=\"caption-attachment-12211\" class=\" wp-image-12211\" src=\"http:\/\/reteitalianaism.it\/reteism\/wp-content\/uploads\/2019\/10\/WhatsApp-Image-2019-10-18-at-16.49.15-300x225.jpeg\" alt=\"\" width=\"495\" height=\"371\" srcset=\"https:\/\/reteitalianaism.it\/reteism\/wp-content\/uploads\/2019\/10\/WhatsApp-Image-2019-10-18-at-16.49.15-300x225.jpeg 300w, https:\/\/reteitalianaism.it\/reteism\/wp-content\/uploads\/2019\/10\/WhatsApp-Image-2019-10-18-at-16.49.15-768x576.jpeg 768w, https:\/\/reteitalianaism.it\/reteism\/wp-content\/uploads\/2019\/10\/WhatsApp-Image-2019-10-18-at-16.49.15-1024x768.jpeg 1024w, https:\/\/reteitalianaism.it\/reteism\/wp-content\/uploads\/2019\/10\/WhatsApp-Image-2019-10-18-at-16.49.15.jpeg 1440w\" sizes=\"auto, (max-width: 495px) 100vw, 495px\" \/><\/a><p id=\"caption-attachment-12211\" class=\"wp-caption-text\">I bambini del villaggio di Umm al-Khair chiedono diritti ambientali e palestinesi durante lo sciopero climatico globale<\/p><\/div>\n<p>Oltre una dozzina di manifestanti del villaggio beduino di Umm al-Khair, nelle colline a sud di Hebron, sventolavano cartelli con la scritta &#8220;vivi con la terra, vivi come i beduini&#8221;, nella prima azione di extinction\/rebellion in Palestina.<!--more--><br \/>\nSebbene Israele e Palestina affrontino entrambe temperature in aumento e meno precipitazioni a causa dei cambiamenti climatici, \u00e8 probabile che i palestinesi ne subiscano gli effetti in modo pi\u00f9 grave. Ci\u00f2 \u00e8 in gran parte dovuto al fatto che Israele limita il loro accesso all&#8217;acqua, con meno del 15% di acqua proveniente dalle tre principali falde acquifere della regione assegnate ai palestinesi. Il resto rifornisce Israele e gli insediamenti israeliani illegali in Cisgiordania.<\/p>\n<div id=\"attachment_12212\" style=\"width: 486px\" class=\"wp-caption aligncenter\"><a href=\"http:\/\/reteitalianaism.it\/reteism\/index.php\/2019\/10\/19\/i-bambini-beduini-si-uniscono-allo-sciopero-globale-del-clima-nella-prima-protesta-di-extinction-rebellion-in-palestina\/whatsapp-image-2019-10-18-at-16-49-08\/\" rel=\"attachment wp-att-12212\"><img loading=\"lazy\" decoding=\"async\" aria-describedby=\"caption-attachment-12212\" class=\" wp-image-12212\" src=\"http:\/\/reteitalianaism.it\/reteism\/wp-content\/uploads\/2019\/10\/WhatsApp-Image-2019-10-18-at-16.49.08-300x225.jpeg\" alt=\"\" width=\"476\" height=\"357\" srcset=\"https:\/\/reteitalianaism.it\/reteism\/wp-content\/uploads\/2019\/10\/WhatsApp-Image-2019-10-18-at-16.49.08-300x225.jpeg 300w, https:\/\/reteitalianaism.it\/reteism\/wp-content\/uploads\/2019\/10\/WhatsApp-Image-2019-10-18-at-16.49.08-768x576.jpeg 768w, https:\/\/reteitalianaism.it\/reteism\/wp-content\/uploads\/2019\/10\/WhatsApp-Image-2019-10-18-at-16.49.08-1024x768.jpeg 1024w, https:\/\/reteitalianaism.it\/reteism\/wp-content\/uploads\/2019\/10\/WhatsApp-Image-2019-10-18-at-16.49.08.jpeg 1440w\" sizes=\"auto, (max-width: 476px) 100vw, 476px\" \/><\/a><p id=\"caption-attachment-12212\" class=\"wp-caption-text\">I palestinesi protestano contro i cambiamenti climatici nel villaggio di Umm al-Khair, di fronte all&#8217;insediamento israeliano illegale di Carmel che ruba il loro approvvigionamento idrico<\/p><\/div>\n<p>Ad Umm al-Khair, l&#8217;Autorit\u00e0 Palestinese per l&#8217;Acqua non \u00e8 autorizzata a costruire reti idriche per fornire acqua corrente al villaggio. E la gente non pu\u00f2 nemmeno costruire cisterne. Al contrario, Israele fornisce al vicino insediamento israeliano illegale di Carmel acqua corrente da condotte costruite sulla terra di Umm al-Khair. Invece, i beduini devono trasportare la loro acqua con i camion &#8211; un processo costoso &#8211; dando loro solo 15 litri di acqua al giorno. Questo \u00e8 di gran lunga inferiore alla raccomandazione minima dell&#8217;Organizzazione mondiale della sanit\u00e0 (OMS) di 100 litri al giorno e notevolmente inferiore a quella di cui godono i coloni israeliani, 300 litri al giorno. Con la previsione che le precipitazioni diminuiranno del 30% nei prossimi 50 anni, in che modo i palestinesi, in particolare quelli di Umm al-Khair che fanno affidamento quasi interamente sul loro bestiame, potranno andare avanti, se non riusciranno a porre fine alla loro brutale occupazione da parte di Israele?<br \/>\n&#8220;Il governo israeliano controlla la rete idrica e consente solo alla popolazione di Umm al-Khair di prendere un po &#8216;d&#8217;acqua&#8221;, afferma Awdah Hathaleen, residente di Umm al-Khair. \u201cQuest&#8217;anno sono morte oltre 5.000 piante di timo a causa di problemi idrici. Inoltre hanno sequestrato la terra e costruito fabbriche che inquinano tutto intorno e causano malattie. &#8221;<\/p>\n<div id=\"attachment_12213\" style=\"width: 495px\" class=\"wp-caption aligncenter\"><a href=\"http:\/\/reteitalianaism.it\/reteism\/index.php\/2019\/10\/19\/i-bambini-beduini-si-uniscono-allo-sciopero-globale-del-clima-nella-prima-protesta-di-extinction-rebellion-in-palestina\/whatsapp-image-2019-07-03-at-13-57-25\/\" rel=\"attachment wp-att-12213\"><img loading=\"lazy\" decoding=\"async\" aria-describedby=\"caption-attachment-12213\" class=\" wp-image-12213\" src=\"http:\/\/reteitalianaism.it\/reteism\/wp-content\/uploads\/2019\/10\/WhatsApp-Image-2019-07-03-at-13.57.25-300x200.jpg\" alt=\"\" width=\"485\" height=\"323\" srcset=\"https:\/\/reteitalianaism.it\/reteism\/wp-content\/uploads\/2019\/10\/WhatsApp-Image-2019-07-03-at-13.57.25-300x200.jpg 300w, https:\/\/reteitalianaism.it\/reteism\/wp-content\/uploads\/2019\/10\/WhatsApp-Image-2019-07-03-at-13.57.25-768x512.jpg 768w, https:\/\/reteitalianaism.it\/reteism\/wp-content\/uploads\/2019\/10\/WhatsApp-Image-2019-07-03-at-13.57.25-1024x682.jpg 1024w, https:\/\/reteitalianaism.it\/reteism\/wp-content\/uploads\/2019\/10\/WhatsApp-Image-2019-07-03-at-13.57.25.jpg 1600w\" sizes=\"auto, (max-width: 485px) 100vw, 485px\" \/><\/a><p id=\"caption-attachment-12213\" class=\"wp-caption-text\">Un ulivo sradicato dalle forze di occupazione israeliane in una riserva naturale vicino al villaggio di Umm al-Khair<\/p><\/div>\n<p>Hathaleen (nella foto sotto) ha anche sottolineato che, oltre a limitare l&#8217;accesso all&#8217;acqua, l&#8217;esercito israeliano distrugge regolarmente gli ulivi nella zona e demolisce reti idriche e case. \u201cE&#8217; quello che \u00e8 successo di recente con l&#8217;occupazione israeliana che ha sradicato pi\u00f9 di 40000 alberi vicino a Umm al-Khair. Non hanno piet\u00e0 per gli esseri umani, come potrebbero essere misericordiosi con l&#8217;ambiente? &#8221;<br \/>\nLa protesta di ieri aveva lo scopo di evidenziare il ruolo dell&#8217;occupazione nella vulnerabilit\u00e0 dei cambiamenti climatici in Palestina ed \u00e8 stata organizzata in collaborazione con il gruppo anti-insediamento \u00a0Good Shepherd Collective. Era una delle centinaia di proteste in tutto il mondo che chiedevano giustizia climatica da parte del gruppo ambientale Extinction Rebellion.<a href=\"http:\/\/reteitalianaism.it\/reteism\/index.php\/2019\/10\/19\/i-bambini-beduini-si-uniscono-allo-sciopero-globale-del-clima-nella-prima-protesta-di-extinction-rebellion-in-palestina\/whatsapp-image-2019-10-18-at-16-49-19\/\" rel=\"attachment wp-att-12214\"><img loading=\"lazy\" decoding=\"async\" class=\"aligncenter  wp-image-12214\" src=\"http:\/\/reteitalianaism.it\/reteism\/wp-content\/uploads\/2019\/10\/WhatsApp-Image-2019-10-18-at-16.49.19-300x225.jpeg\" alt=\"\" width=\"495\" height=\"371\" srcset=\"https:\/\/reteitalianaism.it\/reteism\/wp-content\/uploads\/2019\/10\/WhatsApp-Image-2019-10-18-at-16.49.19-300x225.jpeg 300w, https:\/\/reteitalianaism.it\/reteism\/wp-content\/uploads\/2019\/10\/WhatsApp-Image-2019-10-18-at-16.49.19-768x576.jpeg 768w, https:\/\/reteitalianaism.it\/reteism\/wp-content\/uploads\/2019\/10\/WhatsApp-Image-2019-10-18-at-16.49.19-1024x768.jpeg 1024w, https:\/\/reteitalianaism.it\/reteism\/wp-content\/uploads\/2019\/10\/WhatsApp-Image-2019-10-18-at-16.49.19.jpeg 1440w\" sizes=\"auto, (max-width: 495px) 100vw, 495px\" \/><\/a><\/p>\n","protected":false},"excerpt":{"rendered":"<p>&nbsp; https:\/\/palsolidarity.org\/2019\/ 19 ottobre | International Solidarity Movement | Umm al-Khair, South Hebron Hill I bambini beduini in Cisgiordania hanno aderito ieri alle proteste climatiche globali, facendo valere il ruolo dell&#8217;occupazione israeliana nell&#8217;acuire gli effetti dei cambiamenti climatici sui palestinesi. &hellip; <a href=\"https:\/\/reteitalianaism.it\/reteism\/index.php\/2019\/10\/19\/i-bambini-beduini-si-uniscono-allo-sciopero-globale-del-clima-nella-prima-protesta-di-extinction-rebellion-in-palestina\/\">Continue reading <span class=\"meta-nav\">&rarr;<\/span><\/a><\/p>\n","protected":false},"author":2,"featured_media":0,"comment_status":"open","ping_status":"open","sticky":false,"template":"","format":"standard","meta":{"footnotes":""},"categories":[3],"tags":[9,19,155],"class_list":["post-12210","post","type-post","status-publish","format-standard","hentry","category-info","tag-apartheid","tag-colline-a-sud-di-hebron","tag-west-bank-occupata"],"_links":{"self":[{"href":"https:\/\/reteitalianaism.it\/reteism\/index.php\/wp-json\/wp\/v2\/posts\/12210","targetHints":{"allow":["GET"]}}],"collection":[{"href":"https:\/\/reteitalianaism.it\/reteism\/index.php\/wp-json\/wp\/v2\/posts"}],"about":[{"href":"https:\/\/reteitalianaism.it\/reteism\/index.php\/wp-json\/wp\/v2\/types\/post"}],"author":[{"embeddable":true,"href":"https:\/\/reteitalianaism.it\/reteism\/index.php\/wp-json\/wp\/v2\/users\/2"}],"replies":[{"embeddable":true,"href":"https:\/\/reteitalianaism.it\/reteism\/index.php\/wp-json\/wp\/v2\/comments?post=12210"}],"version-history":[{"count":2,"href":"https:\/\/reteitalianaism.it\/reteism\/index.php\/wp-json\/wp\/v2\/posts\/12210\/revisions"}],"predecessor-version":[{"id":12216,"href":"https:\/\/reteitalianaism.it\/reteism\/index.php\/wp-json\/wp\/v2\/posts\/12210\/revisions\/12216"}],"wp:attachment":[{"href":"https:\/\/reteitalianaism.it\/reteism\/index.php\/wp-json\/wp\/v2\/media?parent=12210"}],"wp:term":[{"taxonomy":"category","embeddable":true,"href":"https:\/\/reteitalianaism.it\/reteism\/index.php\/wp-json\/wp\/v2\/categories?post=12210"},{"taxonomy":"post_tag","embeddable":true,"href":"https:\/\/reteitalianaism.it\/reteism\/index.php\/wp-json\/wp\/v2\/tags?post=12210"}],"curies":[{"name":"wp","href":"https:\/\/api.w.org\/{rel}","templated":true}]}}