{"id":12520,"date":"2019-12-15T19:14:17","date_gmt":"2019-12-15T18:14:17","guid":{"rendered":"http:\/\/reteitalianaism.it\/reteism\/?p=12520"},"modified":"2019-12-15T19:14:17","modified_gmt":"2019-12-15T18:14:17","slug":"coloni-israeliani-occupano-grotte-a-betlemme","status":"publish","type":"post","link":"https:\/\/reteitalianaism.it\/reteism\/index.php\/2019\/12\/15\/coloni-israeliani-occupano-grotte-a-betlemme\/","title":{"rendered":"Coloni israeliani occupano grotte a Betlemme"},"content":{"rendered":"<p><a href=\"http:\/\/qudsnen.co\/?p=9898\">http:\/\/qudsnen.co\/<\/a><\/p>\n<p><strong>15 dicembre 2019<\/strong><br \/>\nBetlemme occupata (QNN) &#8211; Oggi, domenica, un colono israeliano dell&#8217;insediamento illegale di Bat Ayin ha occupato una grotta nel villaggio di Jab\u2019a nella parte occidentale di Betlemme.\u00a0<a href=\"http:\/\/reteitalianaism.it\/reteism\/index.php\/2019\/12\/15\/coloni-israeliani-occupano-grotte-a-betlemme\/attachment\/06113387626837381623885231278683\/\" rel=\"attachment wp-att-12521\"><img loading=\"lazy\" decoding=\"async\" class=\"aligncenter  wp-image-12521\" src=\"http:\/\/reteitalianaism.it\/reteism\/wp-content\/uploads\/2019\/12\/06113387626837381623885231278683-300x157.jpg\" alt=\"\" width=\"485\" height=\"254\" srcset=\"https:\/\/reteitalianaism.it\/reteism\/wp-content\/uploads\/2019\/12\/06113387626837381623885231278683-300x157.jpg 300w, https:\/\/reteitalianaism.it\/reteism\/wp-content\/uploads\/2019\/12\/06113387626837381623885231278683.jpg 668w\" sizes=\"auto, (max-width: 485px) 100vw, 485px\" \/><\/a><\/p>\n<p>Muheeb Abu Luha, residente nel villaggio, ha detto a QNN che i coloni dell&#8217;insediamento illegale non hanno interrotto i loro assalti contro i nativi palestinesi. Uno di loro ha persino occupato una piccola grotta nel villaggio.<!--more--><\/p>\n<p>Ha detto che questa non \u00e8 la prima volta che i coloni fanno tali atti. Un altro colono israeliano ha precedentemente occupato la &#8220;grotta di Abu Kheish&#8221; nel villaggio.<\/p>\n<p>Abu Luha ha affermato che l&#8217;insediamento illegale di Bat Ayin si sta espandendo attraverso gli sforzi dei coloni per occupare le aree vicine, compresi i terreni agricoli.<\/p>\n<p>L&#8217;insediamento, che \u00e8 iniziato con una tenda, un colono e una pecora, \u00e8 diventato una &#8220;citt\u00e0&#8221; ora, secondo Abu Luha. I coloni stanno provando a farlo pi\u00f9 e pi\u00f9 volte, creando avamposti nelle aree circostanti e fondendoli tutti in un unico grande insediamento.<\/p>\n<p>Ieri i coloni israeliani hanno lanciato pietre contro i veicoli palestinesi sulla strada tra Etzion e Jab\u2019a. L&#8217;esercito israeliano si \u00e8 presentato e ha preso le dichiarazioni dei nativi palestinesi, ma non hanno arrestarto alcun colono.<\/p>\n<p>Il villaggio di Jab\u2019a \u00e8 stato un bersaglio degli attacchi dei coloni negli ultimi mesi. sono stati rubati i raccolti di olive, alberi sono stati spezzati e sradicati, raccolti sono stati danneggiati e veicoli attaccati.<\/p>\n","protected":false},"excerpt":{"rendered":"<p>http:\/\/qudsnen.co\/ 15 dicembre 2019 Betlemme occupata (QNN) &#8211; Oggi, domenica, un colono israeliano dell&#8217;insediamento illegale di Bat Ayin ha occupato una grotta nel villaggio di Jab\u2019a nella parte occidentale di Betlemme.\u00a0 Muheeb Abu Luha, residente nel villaggio, ha detto a &hellip; <a href=\"https:\/\/reteitalianaism.it\/reteism\/index.php\/2019\/12\/15\/coloni-israeliani-occupano-grotte-a-betlemme\/\">Continue reading <span class=\"meta-nav\">&rarr;<\/span><\/a><\/p>\n","protected":false},"author":2,"featured_media":0,"comment_status":"open","ping_status":"open","sticky":false,"template":"","format":"standard","meta":{"footnotes":""},"categories":[3],"tags":[152,37,50,155],"class_list":["post-12520","post","type-post","status-publish","format-standard","hentry","category-info","tag-insediamenti-illegali","tag-occupazione","tag-violenza-dei-coloni","tag-west-bank-occupata"],"_links":{"self":[{"href":"https:\/\/reteitalianaism.it\/reteism\/index.php\/wp-json\/wp\/v2\/posts\/12520","targetHints":{"allow":["GET"]}}],"collection":[{"href":"https:\/\/reteitalianaism.it\/reteism\/index.php\/wp-json\/wp\/v2\/posts"}],"about":[{"href":"https:\/\/reteitalianaism.it\/reteism\/index.php\/wp-json\/wp\/v2\/types\/post"}],"author":[{"embeddable":true,"href":"https:\/\/reteitalianaism.it\/reteism\/index.php\/wp-json\/wp\/v2\/users\/2"}],"replies":[{"embeddable":true,"href":"https:\/\/reteitalianaism.it\/reteism\/index.php\/wp-json\/wp\/v2\/comments?post=12520"}],"version-history":[{"count":2,"href":"https:\/\/reteitalianaism.it\/reteism\/index.php\/wp-json\/wp\/v2\/posts\/12520\/revisions"}],"predecessor-version":[{"id":12523,"href":"https:\/\/reteitalianaism.it\/reteism\/index.php\/wp-json\/wp\/v2\/posts\/12520\/revisions\/12523"}],"wp:attachment":[{"href":"https:\/\/reteitalianaism.it\/reteism\/index.php\/wp-json\/wp\/v2\/media?parent=12520"}],"wp:term":[{"taxonomy":"category","embeddable":true,"href":"https:\/\/reteitalianaism.it\/reteism\/index.php\/wp-json\/wp\/v2\/categories?post=12520"},{"taxonomy":"post_tag","embeddable":true,"href":"https:\/\/reteitalianaism.it\/reteism\/index.php\/wp-json\/wp\/v2\/tags?post=12520"}],"curies":[{"name":"wp","href":"https:\/\/api.w.org\/{rel}","templated":true}]}}