{"id":12812,"date":"2020-02-03T20:57:52","date_gmt":"2020-02-03T19:57:52","guid":{"rendered":"http:\/\/reteitalianaism.it\/reteism\/?p=12812"},"modified":"2020-02-03T20:57:52","modified_gmt":"2020-02-03T19:57:52","slug":"coloni-ebrei-picchiano-una-bambina-palestinese-di-3-anni-e-la-sua-famiglia-a-hebron","status":"publish","type":"post","link":"https:\/\/reteitalianaism.it\/reteism\/index.php\/2020\/02\/03\/coloni-ebrei-picchiano-una-bambina-palestinese-di-3-anni-e-la-sua-famiglia-a-hebron\/","title":{"rendered":"Coloni ebrei picchiano una bambina palestinese di 3 anni e la sua famiglia a Hebron"},"content":{"rendered":"<p><a href=\"http:\/\/www.palestinechronicle.com\/jewish-settlers-beat-3-year-old-palestinian-girl-and-her-family-in-hebron\/\">http:\/\/www.palestinechronicle.com<\/a><br \/>\n<strong>3 febbraio 2020\u00a0<\/strong><\/p>\n<p>I coloni ebrei oggi hanno picchiato una bambina di 3 anni e i suoi fratelli mentre erano a casa loro nel quartiere di Tel Rumeida a Hebron (Al-Khalil).<\/p>\n<div id=\"attachment_12814\" style=\"width: 497px\" class=\"wp-caption aligncenter\"><a href=\"http:\/\/reteitalianaism.it\/reteism\/index.php\/2020\/02\/03\/coloni-ebrei-picchiano-una-bambina-palestinese-di-3-anni-e-la-sua-famiglia-a-hebron\/settlers-attack-678x455\/\" rel=\"attachment wp-att-12814\"><img loading=\"lazy\" decoding=\"async\" aria-describedby=\"caption-attachment-12814\" class=\" wp-image-12814\" src=\"http:\/\/reteitalianaism.it\/reteism\/wp-content\/uploads\/2020\/02\/Settlers-attack-678x455-300x201.jpg\" alt=\"\" width=\"487\" height=\"326\" srcset=\"https:\/\/reteitalianaism.it\/reteism\/wp-content\/uploads\/2020\/02\/Settlers-attack-678x455-300x201.jpg 300w, https:\/\/reteitalianaism.it\/reteism\/wp-content\/uploads\/2020\/02\/Settlers-attack-678x455.jpg 678w\" sizes=\"auto, (max-width: 487px) 100vw, 487px\" \/><\/a><p id=\"caption-attachment-12814\" class=\"wp-caption-text\">Coloni ebrei, sostenuti da soldati israeliani, attaccano abitualmente i palestinesi a Hebron. (Foto: File)<\/p><\/div>\n<p>Il residente locale Ibrahim Ramadan ha affermato che i coloni hanno attaccato violentemente i suoi bambini mentre stavano giocando, causando lividi alla figlia di 3 anni e terrorizzando il resto dei bambini.<\/p>\n<p>Dozzine di coloni ebrei e soldati israeliani irrompono nel vecchio quartiere della citt\u00e0 di Hebron, a sud della Cisgiordania, oggi.<!--more--><\/p>\n<blockquote class=\"twitter-tweet\" data-width=\"550\" data-dnt=\"true\">\n<p lang=\"en\" dir=\"ltr\"><a href=\"https:\/\/twitter.com\/hashtag\/PalestineDealRejected?src=hash&amp;ref_src=twsrc%5Etfw\">#PalestineDealRejected<\/a><br \/>Dozens of Jewish settlers and Israeli soldiers break into the old city neighborhood in Hebron, south of the West Bank, today. <a href=\"https:\/\/t.co\/ILFcW3gzfD\">https:\/\/t.co\/ILFcW3gzfD<\/a><\/p>\n<p>&mdash; \ud83c\uddf5\ud83c\uddf0 \u0634\u06cc\u062e \u0633\u067e\u06cc\u0626\u0631 \ud83c\uddf5\ud83c\uddf0 (@Qamar5085) <a href=\"https:\/\/twitter.com\/Qamar5085\/status\/1222861955788148736?ref_src=twsrc%5Etfw\">January 30, 2020<\/a><\/p><\/blockquote>\n<p><script async src=\"https:\/\/platform.twitter.com\/widgets.js\" charset=\"utf-8\"><\/script><\/p>\n<p>Ramadan ha aggiunto che i coloni ebrei hanno attaccato la sua famiglia di fronte ai soldati israeliani, che a loro volta hanno impedito loro di lasciare la casa.<\/p>\n<p>La violenza dei coloni contro i palestinesi e le loro propriet\u00e0 \u00e8 di routine in Cisgiordania ed \u00e8 raramente perseguita dalle autorit\u00e0 israeliane.<\/p>\n<p>Come ha commentato la giornalista e autrice Ramzy Baroud:<\/p>\n<p>&#8220;La violenza dei coloni ebrei non dovrebbe essere analizzata separatamente dalla violenza provocata dall&#8217;esercito israeliano, ma vista nel pi\u00f9 ampio contesto della violenta ideologia sionista che governa interamente la societ\u00e0 israeliana&#8221;.<\/p>\n<p><a href=\"http:\/\/reteitalianaism.it\/reteism\/index.php\/2020\/02\/03\/coloni-ebrei-picchiano-una-bambina-palestinese-di-3-anni-e-la-sua-famiglia-a-hebron\/dld7xr8xcayhgtv\/\" rel=\"attachment wp-att-12813\"><img loading=\"lazy\" decoding=\"async\" class=\"aligncenter  wp-image-12813\" src=\"http:\/\/reteitalianaism.it\/reteism\/wp-content\/uploads\/2020\/02\/Dld7XR8XcAYHgTV-300x225.jpeg\" alt=\"\" width=\"488\" height=\"366\" srcset=\"https:\/\/reteitalianaism.it\/reteism\/wp-content\/uploads\/2020\/02\/Dld7XR8XcAYHgTV-300x225.jpeg 300w, https:\/\/reteitalianaism.it\/reteism\/wp-content\/uploads\/2020\/02\/Dld7XR8XcAYHgTV-768x576.jpeg 768w, https:\/\/reteitalianaism.it\/reteism\/wp-content\/uploads\/2020\/02\/Dld7XR8XcAYHgTV-1024x768.jpeg 1024w, https:\/\/reteitalianaism.it\/reteism\/wp-content\/uploads\/2020\/02\/Dld7XR8XcAYHgTV.jpeg 1536w\" sizes=\"auto, (max-width: 488px) 100vw, 488px\" \/><\/a> Ancora pi\u00f9 coloni a Hebron stanno preparando le armi ora grazie al passaggio di una nuova legge da parte di Israele che allenta ulteriormente le restrizioni del trasporto di armi aperte ai civili [solo israeliani]. Pi\u00f9 fucili significano pi\u00f9 apartheid e pi\u00f9 violenza. Questa \u00e8 la realt\u00e0 oggi.<\/p>\n<p>&#8220;La violenza dei coloni \u00e8 da tempo diventata parte della vita quotidiana dei palestinesi sotto occupazione&#8221;, secondo il gruppo B sui diritti umani. \u201cLe forze di sicurezza israeliane abilitano queste azioni, che provocano vittime palestinesi &#8211; feriti e morti &#8211; nonch\u00e9 danni a terra e propriet\u00e0. In alcuni casi, fungono persino da scorta armata o addirittura si uniscono agli attacchi \u201d.<\/p>\n<p>Tra 500.000 e 600.000 israeliani vivono in insediamenti per soli ebrei in Gerusalemme Est occupata e in Cisgiordania in violazione del diritto internazionale.<\/p>\n","protected":false},"excerpt":{"rendered":"<p>http:\/\/www.palestinechronicle.com 3 febbraio 2020\u00a0 I coloni ebrei oggi hanno picchiato una bambina di 3 anni e i suoi fratelli mentre erano a casa loro nel quartiere di Tel Rumeida a Hebron (Al-Khalil). Il residente locale Ibrahim Ramadan ha affermato che &hellip; <a href=\"https:\/\/reteitalianaism.it\/reteism\/index.php\/2020\/02\/03\/coloni-ebrei-picchiano-una-bambina-palestinese-di-3-anni-e-la-sua-famiglia-a-hebron\/\">Continue reading <span class=\"meta-nav\">&rarr;<\/span><\/a><\/p>\n","protected":false},"author":2,"featured_media":0,"comment_status":"open","ping_status":"open","sticky":false,"template":"","format":"standard","meta":{"footnotes":""},"categories":[3],"tags":[8,37,50,83,51],"class_list":["post-12812","post","type-post","status-publish","format-standard","hentry","category-info","tag-al-khalil","tag-occupazione","tag-violenza-dei-coloni","tag-violenza-dei-soldati","tag-violenza-sui-minori"],"_links":{"self":[{"href":"https:\/\/reteitalianaism.it\/reteism\/index.php\/wp-json\/wp\/v2\/posts\/12812","targetHints":{"allow":["GET"]}}],"collection":[{"href":"https:\/\/reteitalianaism.it\/reteism\/index.php\/wp-json\/wp\/v2\/posts"}],"about":[{"href":"https:\/\/reteitalianaism.it\/reteism\/index.php\/wp-json\/wp\/v2\/types\/post"}],"author":[{"embeddable":true,"href":"https:\/\/reteitalianaism.it\/reteism\/index.php\/wp-json\/wp\/v2\/users\/2"}],"replies":[{"embeddable":true,"href":"https:\/\/reteitalianaism.it\/reteism\/index.php\/wp-json\/wp\/v2\/comments?post=12812"}],"version-history":[{"count":2,"href":"https:\/\/reteitalianaism.it\/reteism\/index.php\/wp-json\/wp\/v2\/posts\/12812\/revisions"}],"predecessor-version":[{"id":12816,"href":"https:\/\/reteitalianaism.it\/reteism\/index.php\/wp-json\/wp\/v2\/posts\/12812\/revisions\/12816"}],"wp:attachment":[{"href":"https:\/\/reteitalianaism.it\/reteism\/index.php\/wp-json\/wp\/v2\/media?parent=12812"}],"wp:term":[{"taxonomy":"category","embeddable":true,"href":"https:\/\/reteitalianaism.it\/reteism\/index.php\/wp-json\/wp\/v2\/categories?post=12812"},{"taxonomy":"post_tag","embeddable":true,"href":"https:\/\/reteitalianaism.it\/reteism\/index.php\/wp-json\/wp\/v2\/tags?post=12812"}],"curies":[{"name":"wp","href":"https:\/\/api.w.org\/{rel}","templated":true}]}}