{"id":12817,"date":"2020-02-04T21:46:40","date_gmt":"2020-02-04T20:46:40","guid":{"rendered":"http:\/\/reteitalianaism.it\/reteism\/?p=12817"},"modified":"2020-02-04T21:46:40","modified_gmt":"2020-02-04T20:46:40","slug":"una-madre-di-quattro-figli-tra-i-12-palestinesi-detenuti-oggi-nelle-incursioni-in-cisgiordania","status":"publish","type":"post","link":"https:\/\/reteitalianaism.it\/reteism\/index.php\/2020\/02\/04\/una-madre-di-quattro-figli-tra-i-12-palestinesi-detenuti-oggi-nelle-incursioni-in-cisgiordania\/","title":{"rendered":"Una madre di quattro figli tra i 12 palestinesi detenuti oggi nelle incursioni in Cisgiordania"},"content":{"rendered":"<p><a href=\"https:\/\/daysofpalestine.com\/post\/13586\/mother-of-four-among-12-palestinians-detained-in-west-bank-raids\">https:\/\/daysofpalestine.com<\/a><br \/>\n<strong>04 febbraio 2020<\/strong><br \/>\nLe forze israeliane hanno arrestato 12 palestinesi, tra cui una madre di quattro figli, e ferito altri due in molteplici raid in Cisgiordania, ha affermato la Palestine Prisoner Society (PPS).<a href=\"http:\/\/reteitalianaism.it\/reteism\/index.php\/2020\/02\/04\/una-madre-di-quattro-figli-tra-i-12-palestinesi-detenuti-oggi-nelle-incursioni-in-cisgiordania\/1e7db90ab05bbcc6c1ddf65bd6387d85\/\" rel=\"attachment wp-att-12818\"><img loading=\"lazy\" decoding=\"async\" class=\"aligncenter  wp-image-12818\" src=\"http:\/\/reteitalianaism.it\/reteism\/wp-content\/uploads\/2020\/02\/1e7db90ab05bbcc6c1ddf65bd6387d85-300x158.jpeg\" alt=\"\" width=\"496\" height=\"261\" srcset=\"https:\/\/reteitalianaism.it\/reteism\/wp-content\/uploads\/2020\/02\/1e7db90ab05bbcc6c1ddf65bd6387d85-300x158.jpeg 300w, https:\/\/reteitalianaism.it\/reteism\/wp-content\/uploads\/2020\/02\/1e7db90ab05bbcc6c1ddf65bd6387d85-768x405.jpeg 768w, https:\/\/reteitalianaism.it\/reteism\/wp-content\/uploads\/2020\/02\/1e7db90ab05bbcc6c1ddf65bd6387d85.jpeg 947w\" sizes=\"auto, (max-width: 496px) 100vw, 496px\" \/><\/a><\/p>\n<p>Ha dichiarato in un comunicato stampa che le forze israeliane hanno fatto una retata con sei palestinesi dei distretti di Hebron nella Cisgiordania meridionale.<\/p>\n<p>Fonti di sicurezza palestinesi hanno affermato che uno dei sei detenuti, residente nella citt\u00e0 di Dura, \u00e8 un ex prigioniero che ha trascorso 10 anni dietro le sbarre israeliane.<!--more--><\/p>\n<p>Ne hanno identificato un altro come ufficiale delle forze di sicurezza nazionali della citt\u00e0 di Sair e un altra come madre di quattro figli della citt\u00e0 di Idna.<\/p>\n<p>Nel distretto di Betlemme, veicoli militari israeliani hanno preso d&#8217;assalto il campo profughi di Dheisheh, dove i soldati hanno arrestato un palestinese.<\/p>\n<p>Nel distretto di Ramallah, le forze israeliane hanno fatto irruzione nel villaggio di Beit Ur al-Tahta, a ovest di Ramallah, e hanno prelevato due palestinesi, tra cui un ex prigioniero.<\/p>\n<p>Nella Cisgiordania settentrionale, PPS ha riferito di un raid militare nel villaggio di Izbit al-Tayyah, a est della citt\u00e0 di Tulkarm, con conseguente detenzione di un palestinese.<\/p>\n<p>Un altro uomo \u00e8 stato catturato in un&#8217;incursione nella citt\u00e0 di Deir al-Ghusun, a nord della citt\u00e0 di Tulkarm.<\/p>\n<p>Nel distretto di Jenin, i soldati che gestiscono un posto di blocco vicino a Tubas si sono fermati e hanno aggredito brutalmente un palestinese, infliggendogli lividi alla testa e alla schiena. L&#8217;uomo \u00e8 stato identificato come residente nella citt\u00e0 di Qabatia.<\/p>\n<p>Nel frattempo, PPS ha affermato che un palestinese \u00e8 stato arrestato nell&#8217;antica citt\u00e0 di Gerico.<\/p>\n<p>PPS ha detto che il palestinese \u00e8 stato arrestato in un raid che ha innescato scontri nel campo profughi di Aqbat Jabr, a sud della citt\u00e0 di Gerico.<\/p>\n<p>Durante i successivi scontri, i soldati hanno aperto il fuoco contro i giovani locali bloccandone il passaggio, ferendo due manifestanti con proiettili d&#8217;acciaio rivestiti di gomma.<\/p>\n<p>Entrambe le vittime sono state portate di corsa in un ospedale vicino per cure.<\/p>\n","protected":false},"excerpt":{"rendered":"<p>https:\/\/daysofpalestine.com 04 febbraio 2020 Le forze israeliane hanno arrestato 12 palestinesi, tra cui una madre di quattro figli, e ferito altri due in molteplici raid in Cisgiordania, ha affermato la Palestine Prisoner Society (PPS). Ha dichiarato in un comunicato stampa &hellip; <a href=\"https:\/\/reteitalianaism.it\/reteism\/index.php\/2020\/02\/04\/una-madre-di-quattro-figli-tra-i-12-palestinesi-detenuti-oggi-nelle-incursioni-in-cisgiordania\/\">Continue reading <span class=\"meta-nav\">&rarr;<\/span><\/a><\/p>\n","protected":false},"author":2,"featured_media":0,"comment_status":"open","ping_status":"open","sticky":false,"template":"","format":"standard","meta":{"footnotes":""},"categories":[3,67],"tags":[10,41,155],"class_list":["post-12817","post","type-post","status-publish","format-standard","hentry","category-info","category-prigionieri","tag-arresti-inutili","tag-pulizia-etnica","tag-west-bank-occupata"],"_links":{"self":[{"href":"https:\/\/reteitalianaism.it\/reteism\/index.php\/wp-json\/wp\/v2\/posts\/12817","targetHints":{"allow":["GET"]}}],"collection":[{"href":"https:\/\/reteitalianaism.it\/reteism\/index.php\/wp-json\/wp\/v2\/posts"}],"about":[{"href":"https:\/\/reteitalianaism.it\/reteism\/index.php\/wp-json\/wp\/v2\/types\/post"}],"author":[{"embeddable":true,"href":"https:\/\/reteitalianaism.it\/reteism\/index.php\/wp-json\/wp\/v2\/users\/2"}],"replies":[{"embeddable":true,"href":"https:\/\/reteitalianaism.it\/reteism\/index.php\/wp-json\/wp\/v2\/comments?post=12817"}],"version-history":[{"count":2,"href":"https:\/\/reteitalianaism.it\/reteism\/index.php\/wp-json\/wp\/v2\/posts\/12817\/revisions"}],"predecessor-version":[{"id":12820,"href":"https:\/\/reteitalianaism.it\/reteism\/index.php\/wp-json\/wp\/v2\/posts\/12817\/revisions\/12820"}],"wp:attachment":[{"href":"https:\/\/reteitalianaism.it\/reteism\/index.php\/wp-json\/wp\/v2\/media?parent=12817"}],"wp:term":[{"taxonomy":"category","embeddable":true,"href":"https:\/\/reteitalianaism.it\/reteism\/index.php\/wp-json\/wp\/v2\/categories?post=12817"},{"taxonomy":"post_tag","embeddable":true,"href":"https:\/\/reteitalianaism.it\/reteism\/index.php\/wp-json\/wp\/v2\/tags?post=12817"}],"curies":[{"name":"wp","href":"https:\/\/api.w.org\/{rel}","templated":true}]}}