{"id":12821,"date":"2020-02-05T20:02:01","date_gmt":"2020-02-05T19:02:01","guid":{"rendered":"http:\/\/reteitalianaism.it\/reteism\/?p=12821"},"modified":"2020-02-05T20:58:05","modified_gmt":"2020-02-05T19:58:05","slug":"giovane-palestinese-ucciso-a-colpi-darma-da-fuoco-dalle-forze-israeliane-a-hebron","status":"publish","type":"post","link":"https:\/\/reteitalianaism.it\/reteism\/index.php\/2020\/02\/05\/giovane-palestinese-ucciso-a-colpi-darma-da-fuoco-dalle-forze-israeliane-a-hebron\/","title":{"rendered":"Giovane palestinese ucciso a colpi d&#8217;arma da fuoco dalle forze israeliane a Hebron"},"content":{"rendered":"<p><a href=\"https:\/\/www.middleeasteye.net\/news\/palestinian-shot-dead-israeli-forces-hebron-ministry?fbclid=IwAR0tc8xdkcdySh2lys5InVf7y1qWK5iLyFJkDXdPdLuVo_E1xgYxzR_a27A\">https:\/\/www.middleeasteye.net\/<\/a><\/p>\n<p><strong>5 febbraio 2020\u00a0<\/strong><\/p>\n<p>Mohammed al-Haddad, 17 anni, \u00e8 stato ucciso mentre protestava contro il controverso &#8220;affare del secolo&#8221; di Donald Trump. \u00a0 <em>(Video) (video del funerale serale)<\/em><\/p>\n<div id=\"attachment_12822\" style=\"width: 507px\" class=\"wp-caption aligncenter\"><a href=\"http:\/\/reteitalianaism.it\/reteism\/index.php\/2020\/02\/05\/giovane-palestinese-ucciso-a-colpi-darma-da-fuoco-dalle-forze-israeliane-a-hebron\/000_1op0x0\/\" rel=\"attachment wp-att-12822\"><img loading=\"lazy\" decoding=\"async\" aria-describedby=\"caption-attachment-12822\" class=\" wp-image-12822\" src=\"http:\/\/reteitalianaism.it\/reteism\/wp-content\/uploads\/2020\/02\/000_1op0x0-300x199.jpg\" alt=\"\" width=\"497\" height=\"330\" srcset=\"https:\/\/reteitalianaism.it\/reteism\/wp-content\/uploads\/2020\/02\/000_1op0x0-300x199.jpg 300w, https:\/\/reteitalianaism.it\/reteism\/wp-content\/uploads\/2020\/02\/000_1op0x0-768x509.jpg 768w, https:\/\/reteitalianaism.it\/reteism\/wp-content\/uploads\/2020\/02\/000_1op0x0-1024x679.jpg 1024w, https:\/\/reteitalianaism.it\/reteism\/wp-content\/uploads\/2020\/02\/000_1op0x0.jpg 1400w\" sizes=\"auto, (max-width: 497px) 100vw, 497px\" \/><\/a><p id=\"caption-attachment-12822\" class=\"wp-caption-text\">I manifestanti palestinesi lanciano pietre contro un checkpoint israeliano nel centro della citt\u00e0 di Hebron, nella Cisgiordania occupata (AFP)<\/p><\/div>\n<p>Un adolescente palestinese \u00e8 stato ucciso a colpi d&#8217;arma da fuoco israeliani durante una protesta in Cisgiordania occupata contro le proposte di &#8220;affare del secolo&#8221; di Donald Trump, ha detto il ministero della Sanit\u00e0 palestinese.<\/p>\n<p>&#8220;Mohammed al-Haddad, 17 anni, \u00e8 stato ucciso da un proiettile che gli \u00e8 penetrato nel cuore in scontri con le forze di occupazione nell&#8217;area di Bab al-Zawya a Hebron&#8221;, secondo il ministero.<!--more--><\/p>\n<p>L&#8217;esercito israeliano non ha avuto commenti immediati sull&#8217;incidente.<\/p>\n<p>Subito dopo che \u00e8 stato colpito:<\/p>\n<p><a href=\"https:\/\/www.facebook.com\/alhadathnews\/videos\/1794063514059991\/\">https:\/\/www.facebook.com\/alhadathnews\/videos\/1794063514059991\/<\/a><\/p>\n<p>Haddad \u00e8 stato dichiarato morto in un ospedale di Hebron, secondo un fotografo AFP.<\/p>\n<p>il funerale del ragazzo ucciso:<\/p>\n<p><a href=\"https:\/\/www.facebook.com\/727496507326993\/videos\/3057849374225737\/\">https:\/\/www.facebook.com\/727496507326993\/videos\/3057849374225737\/<\/a><\/p>\n<p>Una piccola protesta era stata organizzata in citt\u00e0 contro il controverso piano del presidente degli Stati Uniti per affrontare il conflitto israelo-palestinese.<\/p>\n<p>Testimoni hanno riferito che circa una dozzina di giovani hanno lanciato pietre contro le forze israeliane.<\/p>\n<p>La proposta di Trump, presentata alla fine del mese scorso, \u00e8 stata immediatamente respinta dai palestinesi, che la hanno dichiarata palesemente pro-israeliana.<\/p>\n<p>Il piano d\u00e0 a Israele il via libera per annettere la Valle del Giordano e allargare insediamenti\u00a0illegali in Cisgiordania, anche all&#8217;interno di Hebron, dove alcune centinaia di coloni ebrei vivono nel centro della citt\u00e0 palestinese di circa 200.000 abitanti.<\/p>\n<p>In risposta, l&#8217;Autorit\u00e0 Palestinese ha dichiarato che avrebbe tagliato tutti i legami con gli Stati Uniti e Israele.<\/p>\n<p>&#8220;Abbiamo informato la parte israeliana &#8230; che non ci saranno ulteriori relazioni con loro e con gli Stati Uniti, compresi i legami di sicurezza&#8221;, ha dichiarato il presidente dell&#8217;AP Mahmoud Abbas in una riunione straordinaria della Lega araba al Cairo in cui ha ribadito il suo Rifiuto &#8220;completo&#8221; del piano.<\/p>\n<p>I palestinesi in seguito hanno chiarito che ci\u00f2 significa che i legami sarebbero stati recisi in caso di annessione. \u00c8 probabile che tale mossa non accadr\u00e0 se non dopo le elezioni israeliane del 2 marzo.<\/p>\n<p>L&#8217;AP ha stretto legami di sicurezza con Israele, con cui collabora nelle aree di polizia della Cisgiordania che cadono sotto il controllo palestinese.<\/p>\n<p>Anche gli accordi di condivisione dell&#8217;intelligence stipulati dall&#8217;AP con la CIA potrebbero ora essere minacciati.<\/p>\n","protected":false},"excerpt":{"rendered":"<p>https:\/\/www.middleeasteye.net\/ 5 febbraio 2020\u00a0 Mohammed al-Haddad, 17 anni, \u00e8 stato ucciso mentre protestava contro il controverso &#8220;affare del secolo&#8221; di Donald Trump. \u00a0 (Video) (video del funerale serale) Un adolescente palestinese \u00e8 stato ucciso a colpi d&#8217;arma da fuoco israeliani &hellip; <a href=\"https:\/\/reteitalianaism.it\/reteism\/index.php\/2020\/02\/05\/giovane-palestinese-ucciso-a-colpi-darma-da-fuoco-dalle-forze-israeliane-a-hebron\/\">Continue reading <span class=\"meta-nav\">&rarr;<\/span><\/a><\/p>\n","protected":false},"author":2,"featured_media":0,"comment_status":"open","ping_status":"open","sticky":false,"template":"","format":"standard","meta":{"footnotes":""},"categories":[3],"tags":[274,8,150,51],"class_list":["post-12821","post","type-post","status-publish","format-standard","hentry","category-info","tag-affare-del-secolo","tag-al-khalil","tag-violenza-dellesercito","tag-violenza-sui-minori"],"_links":{"self":[{"href":"https:\/\/reteitalianaism.it\/reteism\/index.php\/wp-json\/wp\/v2\/posts\/12821","targetHints":{"allow":["GET"]}}],"collection":[{"href":"https:\/\/reteitalianaism.it\/reteism\/index.php\/wp-json\/wp\/v2\/posts"}],"about":[{"href":"https:\/\/reteitalianaism.it\/reteism\/index.php\/wp-json\/wp\/v2\/types\/post"}],"author":[{"embeddable":true,"href":"https:\/\/reteitalianaism.it\/reteism\/index.php\/wp-json\/wp\/v2\/users\/2"}],"replies":[{"embeddable":true,"href":"https:\/\/reteitalianaism.it\/reteism\/index.php\/wp-json\/wp\/v2\/comments?post=12821"}],"version-history":[{"count":4,"href":"https:\/\/reteitalianaism.it\/reteism\/index.php\/wp-json\/wp\/v2\/posts\/12821\/revisions"}],"predecessor-version":[{"id":12826,"href":"https:\/\/reteitalianaism.it\/reteism\/index.php\/wp-json\/wp\/v2\/posts\/12821\/revisions\/12826"}],"wp:attachment":[{"href":"https:\/\/reteitalianaism.it\/reteism\/index.php\/wp-json\/wp\/v2\/media?parent=12821"}],"wp:term":[{"taxonomy":"category","embeddable":true,"href":"https:\/\/reteitalianaism.it\/reteism\/index.php\/wp-json\/wp\/v2\/categories?post=12821"},{"taxonomy":"post_tag","embeddable":true,"href":"https:\/\/reteitalianaism.it\/reteism\/index.php\/wp-json\/wp\/v2\/tags?post=12821"}],"curies":[{"name":"wp","href":"https:\/\/api.w.org\/{rel}","templated":true}]}}