{"id":12833,"date":"2020-02-09T01:04:59","date_gmt":"2020-02-09T00:04:59","guid":{"rendered":"http:\/\/reteitalianaism.it\/reteism\/?p=12833"},"modified":"2020-02-09T01:04:59","modified_gmt":"2020-02-09T00:04:59","slug":"laffare-del-secolo-si-ritorce-contro-netanyahu","status":"publish","type":"post","link":"https:\/\/reteitalianaism.it\/reteism\/index.php\/2020\/02\/09\/laffare-del-secolo-si-ritorce-contro-netanyahu\/","title":{"rendered":"&#8220;L&#8217;affare del secolo&#8221; si ritorce contro Netanyahu"},"content":{"rendered":"<p><a href=\"https:\/\/www.middleeastmonitor.com\/20200203-deal-of-the-century-backfires-on-israels-netanyahu\/?fbclid=IwAR3XlHf2gNiHefq4AITHiWESv3gdw7e3FadZH4zFzFKh-SvsMZO-nw9tOAo\">https:\/\/www.middleeastmonitor.com\/<\/a><br \/>\n<strong>3 febbraio 2020\u00a0<\/strong><br \/>\n&#8220;L&#8217;accordo del secolo&#8221; del presidente degli Stati Uniti Donald Trump \u00e8 fallito con il primo ministro israeliano Benjamin Netanyahu, hanno detto gli analisti israeliani, sottolineando che ha spinto la causa palestinese in cima all&#8217;agenda internazionale, ha riferito ieri Al-Mesryoon.<\/p>\n<p><div id=\"attachment_12834\" style=\"width: 501px\" class=\"wp-caption aligncenter\"><a href=\"http:\/\/reteitalianaism.it\/reteism\/index.php\/2020\/02\/09\/laffare-del-secolo-si-ritorce-contro-netanyahu\/netanyahu20200127_2_40538858_51582272\/\" rel=\"attachment wp-att-12834\"><img loading=\"lazy\" decoding=\"async\" aria-describedby=\"caption-attachment-12834\" class=\" wp-image-12834\" src=\"http:\/\/reteitalianaism.it\/reteism\/wp-content\/uploads\/2020\/02\/Netanyahu20200127_2_40538858_51582272-300x200.jpg\" alt=\"\" width=\"491\" height=\"327\" srcset=\"https:\/\/reteitalianaism.it\/reteism\/wp-content\/uploads\/2020\/02\/Netanyahu20200127_2_40538858_51582272-300x200.jpg 300w, https:\/\/reteitalianaism.it\/reteism\/wp-content\/uploads\/2020\/02\/Netanyahu20200127_2_40538858_51582272-768x512.jpg 768w, https:\/\/reteitalianaism.it\/reteism\/wp-content\/uploads\/2020\/02\/Netanyahu20200127_2_40538858_51582272-1024x683.jpg 1024w, https:\/\/reteitalianaism.it\/reteism\/wp-content\/uploads\/2020\/02\/Netanyahu20200127_2_40538858_51582272.jpg 1200w\" sizes=\"auto, (max-width: 491px) 100vw, 491px\" \/><\/a><p id=\"caption-attachment-12834\" class=\"wp-caption-text\">Il presidente degli Stati Uniti Donald Trump incontra il Primo Ministro di Israele, Benjamin Netanyahu alla Casa Bianca il 27 gennaio 2020 a Washington, DC [Kobi Gideon \/ GPO \/ Anadolu Agency]<\/p><\/div>Secondo il quotidiano egiziano, l&#8217;analista israeliano Ehud Yaari ha dichiarato al canale 12 di Israele che &#8220;il presidente pi\u00f9 debole [Mahmoud Abbas] ha controllato i leader della regione [leader arabi] e li ha trascinati per rilasciare una dichiarazione [della Lega araba] che rifiuta l&#8217;accordo \u201c.<!--more--><\/p>\n<p>Ha aggiunto: \u201cQuesto \u00e8 uno schiaffo per Netanyahu. Questo \u00e8 un grande risultato a livello arabo perch\u00e9 la dichiarazione della Lega araba spianerebbe la strada all&#8217;OIC e alle Nazioni Unite per rilasciare una dichiarazione simile. Se ci\u00f2 accadesse, significherebbe l&#8217;aborto dell&#8217;accordo. &#8221;<\/p>\n<p>Altri analisti israeliani hanno affermato che l&#8217;accordo riflette &#8220;l&#8217;ignoranza&#8221; dei suoi produttori riguardo alla situazione sul terreno in relazione al conflitto arabo-israeliano, sottolineando che Netanyahu avrebbe perso le imminenti elezioni a seguito dell&#8217;accordo.<\/p>\n<p>L&#8217;analista militare Roni Daniel ha dichiarato: \u201cI miliardari americani sono venuti da noi, tentando di fare affari con noi pensando che siamo burattini. Hanno tentato di giocare d&#8217;azzardo con noi. &#8221;<\/p>\n<p>Ha aggiunto: \u201cL&#8217;affare del secolo \u00e8 fallito su Netanyahu. Loro [cittadini arabi in Israele] gli hanno detto di non annettere la Cisgiordania e i coloni hanno annunciato che non avrebbero dato il 70% della Cisgiordania ai palestinesi. Pertanto, perder\u00e0 i voti degli arabi e dei coloni. &#8221;<\/p>\n<p>Dana Vice, analista israeliana di affari politici, ha dichiarato: &#8220;Gli americani hanno aiutato gli arabi e Netanyahu non avr\u00e0 mai il coraggio di dire di no alla soluzione a due stati&#8221;.<\/p>\n","protected":false},"excerpt":{"rendered":"<p>https:\/\/www.middleeastmonitor.com\/ 3 febbraio 2020\u00a0 &#8220;L&#8217;accordo del secolo&#8221; del presidente degli Stati Uniti Donald Trump \u00e8 fallito con il primo ministro israeliano Benjamin Netanyahu, hanno detto gli analisti israeliani, sottolineando che ha spinto la causa palestinese in cima all&#8217;agenda internazionale, ha &hellip; <a href=\"https:\/\/reteitalianaism.it\/reteism\/index.php\/2020\/02\/09\/laffare-del-secolo-si-ritorce-contro-netanyahu\/\">Continue reading <span class=\"meta-nav\">&rarr;<\/span><\/a><\/p>\n","protected":false},"author":2,"featured_media":0,"comment_status":"open","ping_status":"open","sticky":false,"template":"","format":"standard","meta":{"footnotes":""},"categories":[3],"tags":[274,37,53],"class_list":["post-12833","post","type-post","status-publish","format-standard","hentry","category-info","tag-affare-del-secolo","tag-occupazione","tag-west-bank"],"_links":{"self":[{"href":"https:\/\/reteitalianaism.it\/reteism\/index.php\/wp-json\/wp\/v2\/posts\/12833","targetHints":{"allow":["GET"]}}],"collection":[{"href":"https:\/\/reteitalianaism.it\/reteism\/index.php\/wp-json\/wp\/v2\/posts"}],"about":[{"href":"https:\/\/reteitalianaism.it\/reteism\/index.php\/wp-json\/wp\/v2\/types\/post"}],"author":[{"embeddable":true,"href":"https:\/\/reteitalianaism.it\/reteism\/index.php\/wp-json\/wp\/v2\/users\/2"}],"replies":[{"embeddable":true,"href":"https:\/\/reteitalianaism.it\/reteism\/index.php\/wp-json\/wp\/v2\/comments?post=12833"}],"version-history":[{"count":2,"href":"https:\/\/reteitalianaism.it\/reteism\/index.php\/wp-json\/wp\/v2\/posts\/12833\/revisions"}],"predecessor-version":[{"id":12836,"href":"https:\/\/reteitalianaism.it\/reteism\/index.php\/wp-json\/wp\/v2\/posts\/12833\/revisions\/12836"}],"wp:attachment":[{"href":"https:\/\/reteitalianaism.it\/reteism\/index.php\/wp-json\/wp\/v2\/media?parent=12833"}],"wp:term":[{"taxonomy":"category","embeddable":true,"href":"https:\/\/reteitalianaism.it\/reteism\/index.php\/wp-json\/wp\/v2\/categories?post=12833"},{"taxonomy":"post_tag","embeddable":true,"href":"https:\/\/reteitalianaism.it\/reteism\/index.php\/wp-json\/wp\/v2\/tags?post=12833"}],"curies":[{"name":"wp","href":"https:\/\/api.w.org\/{rel}","templated":true}]}}