{"id":12983,"date":"2020-03-10T15:09:13","date_gmt":"2020-03-10T14:09:13","guid":{"rendered":"http:\/\/reteitalianaism.it\/reteism\/?p=12983"},"modified":"2020-04-16T19:12:59","modified_gmt":"2020-04-16T17:12:59","slug":"ism-meeting-e-training","status":"publish","type":"post","link":"https:\/\/reteitalianaism.it\/reteism\/index.php\/2020\/03\/10\/ism-meeting-e-training\/","title":{"rendered":"ISM: meeting e training"},"content":{"rendered":"<p><strong>10 marzo 2020<\/strong><\/p>\n<p>La solidariet\u00e0 internazionale nei confronti del popolo Palestinese e della lotta contro l\u2019occupazione a cui sono sottoposti da quasi un secolo \u00e8 uno degli strumenti pi\u00f9 effettivi contro il regime sionista. Delle diverse forme che pu\u00f2 prendere, la partecipazione alla resistenza sul campo \u00e8 importante per diverse ragioni.<a href=\"http:\/\/reteitalianaism.it\/reteism\/index.php\/2020\/03\/10\/ism-meeting-e-training\/palestinianchildresized_121\/\" rel=\"attachment wp-att-12984\"><img loading=\"lazy\" decoding=\"async\" class=\"aligncenter wp-image-12984\" src=\"http:\/\/reteitalianaism.it\/reteism\/wp-content\/uploads\/2020\/03\/palestinianchildresized_121-300x192.jpg\" alt=\"\" width=\"492\" height=\"315\" srcset=\"https:\/\/reteitalianaism.it\/reteism\/wp-content\/uploads\/2020\/03\/palestinianchildresized_121-300x192.jpg 300w, https:\/\/reteitalianaism.it\/reteism\/wp-content\/uploads\/2020\/03\/palestinianchildresized_121.jpg 625w\" sizes=\"auto, (max-width: 492px) 100vw, 492px\" \/><\/a> Se da un lato la presenza di internazionali agisce come forte deterrente contro le violenze perpetrate dalla forza occupante sui nativi Palestinesi, dall\u2019altro serve agli attivisti stessi per vedere con i propri occhi situazioni di vita quotidiana che nessun tipo di narrazione o documentazione audiovisiva potrebbero trasmettere in maniera efficace. Queste esperienze vissute nei territori Palestinesi servono altres\u00ec a rafforzare la convinzione personale ad intraprendere azioni solidali alla questione Palestinese una volta rientrati.<br \/>\nUna delle attivit\u00e0 pi\u00f9 utili svolta dagli internazionali \u00e8 la presenza durante il periodo della raccolta delle olive, in cui le forze di occupazione ed i coloni cercano in ogni modo di impedire alla popolazione locale di accedere ai propri uliveti. Tuttavia, la resistenza Palestinese continua al di fuori di questo periodo e la solidariet\u00e0 sul campo pu\u00f2 prendere forme molto diverse tra di loro.<\/p>\n<p><strong>Contattateci sul sito! saremo disponibili per cominciare a incontrarci in attesa del meeting\\training!<\/strong><\/p>\n<p><!--more--><\/p>\n<p>Negli ultimi anni, a causa di differenti fattori, avviene spesso di avere un numero di attivisti internazionali in Palestina molto ridotto al di fuori dei periodi pi\u00f9 frequentati. Specialmente in seguito all\u2019annuncio del cosiddetto \u201cDeal of the century\u201d, che a tutti gli effetti costituisce una provocazione da parte degli USA e degli oppressori sionisti al popolo Palestinese, una serie di manifestazioni ed azioni di protesta hanno avuto luogo in tutta la Palestina. La repressione delle forze di occupazione non si \u00e8 fatta attendere, lasciando decine di Palestinesi senza vita e ferendone in modo grave altre centinaia. Oggi pi\u00f9 che mai \u00e8 necessario mobilitarsi per mostrare al popolo Palestinese che non \u00e8 solo, e che un\u2019intera comunit\u00e0 di internazionali \u00e8 disposta ad attivarsi in solidariet\u00e0 alla loro causa.<\/p>\n<p>Come attivisti italiani dell\u2019 International Solidarity Movement (ISM), abbiamo deciso di organizzare <strong>un incontro nazionale<\/strong> per introdurre a chi non lo conoscesse il collettivo e per fare un punto sulla situazione in Palestina assieme a chi \u00e8 appena rientrato dall\u2019esperienza nei territori occupati. L\u2019incontro servir\u00e0 anche come <strong>training o formazione<\/strong> per chi sentir\u00e0 il bisogno di andare a toccare con mano le dinamiche figlie dell\u2019occupazione sionista; si affronteranno temi legati alle pratiche di nonviolenza, contestualizzandole rispetto alla resistenza Palestinese ed alla quotidiana violenza attuata dalla forza occupante, questioni legali riguardo l\u2019attivismo pro-Palestinese nei territori occupati e dinamiche tipiche delle manifestazioni o delle azioni di solidariet\u00e0.<span class=\"Apple-converted-space\">\u00a0<\/span><\/p>\n<p>A causa delle restrizioni territoriali vigenti in Italia l\u2019incontro avr\u00e0 luogo indicativamente ad <strong>inizio Giugno<\/strong>, in un luogo ancora da definire in base alle eventuali disponibilit\u00e0 donate da centri sociali o associazioni solidali.<\/p>\n<p><strong>Contattateci sul sito! saremo disponibili per cominciare a incontrarci in attesa del meeting\\training!<\/strong><\/p>\n","protected":false},"excerpt":{"rendered":"<p>10 marzo 2020 La solidariet\u00e0 internazionale nei confronti del popolo Palestinese e della lotta contro l\u2019occupazione a cui sono sottoposti da quasi un secolo \u00e8 uno degli strumenti pi\u00f9 effettivi contro il regime sionista. Delle diverse forme che pu\u00f2 prendere, &hellip; <a href=\"https:\/\/reteitalianaism.it\/reteism\/index.php\/2020\/03\/10\/ism-meeting-e-training\/\">Continue reading <span class=\"meta-nav\">&rarr;<\/span><\/a><\/p>\n","protected":false},"author":2,"featured_media":0,"comment_status":"closed","ping_status":"open","sticky":false,"template":"","format":"standard","meta":{"footnotes":""},"categories":[4],"tags":[96,128],"class_list":["post-12983","post","type-post","status-publish","format-standard","hentry","category-training","tag-training","tag-volontari"],"_links":{"self":[{"href":"https:\/\/reteitalianaism.it\/reteism\/index.php\/wp-json\/wp\/v2\/posts\/12983","targetHints":{"allow":["GET"]}}],"collection":[{"href":"https:\/\/reteitalianaism.it\/reteism\/index.php\/wp-json\/wp\/v2\/posts"}],"about":[{"href":"https:\/\/reteitalianaism.it\/reteism\/index.php\/wp-json\/wp\/v2\/types\/post"}],"author":[{"embeddable":true,"href":"https:\/\/reteitalianaism.it\/reteism\/index.php\/wp-json\/wp\/v2\/users\/2"}],"replies":[{"embeddable":true,"href":"https:\/\/reteitalianaism.it\/reteism\/index.php\/wp-json\/wp\/v2\/comments?post=12983"}],"version-history":[{"count":4,"href":"https:\/\/reteitalianaism.it\/reteism\/index.php\/wp-json\/wp\/v2\/posts\/12983\/revisions"}],"predecessor-version":[{"id":12988,"href":"https:\/\/reteitalianaism.it\/reteism\/index.php\/wp-json\/wp\/v2\/posts\/12983\/revisions\/12988"}],"wp:attachment":[{"href":"https:\/\/reteitalianaism.it\/reteism\/index.php\/wp-json\/wp\/v2\/media?parent=12983"}],"wp:term":[{"taxonomy":"category","embeddable":true,"href":"https:\/\/reteitalianaism.it\/reteism\/index.php\/wp-json\/wp\/v2\/categories?post=12983"},{"taxonomy":"post_tag","embeddable":true,"href":"https:\/\/reteitalianaism.it\/reteism\/index.php\/wp-json\/wp\/v2\/tags?post=12983"}],"curies":[{"name":"wp","href":"https:\/\/api.w.org\/{rel}","templated":true}]}}