{"id":13479,"date":"2020-06-12T19:24:49","date_gmt":"2020-06-12T17:24:49","guid":{"rendered":"http:\/\/reteitalianaism.it\/reteism\/?p=13479"},"modified":"2020-06-12T19:24:49","modified_gmt":"2020-06-12T17:24:49","slug":"la-corte-europea-sostiene-il-diritto-di-boicottare-israele","status":"publish","type":"post","link":"https:\/\/reteitalianaism.it\/reteism\/index.php\/2020\/06\/12\/la-corte-europea-sostiene-il-diritto-di-boicottare-israele\/","title":{"rendered":"La Corte europea sostiene il diritto di boicottare Israele"},"content":{"rendered":"<p><a href=\"https:\/\/electronicintifada.net\/blogs\/ali-abunimah\/european-court-upholds-right-boycott-israel\">https:\/\/electronicintifada.net\/<\/a><\/p>\n<p><em>Ali Abunimah<\/em> \u00a0<strong>11 giugno 2020<\/strong><\/p>\n<p>La Corte europea dei diritti umani ha colpito duramente gli sforzi di Israele di mettere a tacere i suoi critici gioved\u00ec, quando ha ribaltato le condanne penali contro 11 attivisti palestinesi per i diritti \u00a0umani in Francia.<\/p>\n<div id=\"attachment_13480\" style=\"width: 506px\" class=\"wp-caption aligncenter\"><a href=\"http:\/\/reteitalianaism.it\/reteism\/index.php\/2020\/06\/12\/la-corte-europea-sostiene-il-diritto-di-boicottare-israele\/sipa-00759052-000002\/\" rel=\"attachment wp-att-13480\"><img loading=\"lazy\" decoding=\"async\" aria-describedby=\"caption-attachment-13480\" class=\" wp-image-13480\" src=\"http:\/\/reteitalianaism.it\/reteism\/wp-content\/uploads\/2020\/06\/sipa-00759052-000002-300x199.jpg\" alt=\"\" width=\"496\" height=\"329\" srcset=\"https:\/\/reteitalianaism.it\/reteism\/wp-content\/uploads\/2020\/06\/sipa-00759052-000002-300x199.jpg 300w, https:\/\/reteitalianaism.it\/reteism\/wp-content\/uploads\/2020\/06\/sipa-00759052-000002-768x510.jpg 768w, https:\/\/reteitalianaism.it\/reteism\/wp-content\/uploads\/2020\/06\/sipa-00759052-000002.jpg 800w\" sizes=\"auto, (max-width: 496px) 100vw, 496px\" \/><\/a><p id=\"caption-attachment-13480\" class=\"wp-caption-text\">Un uomo si rivolge alla folla di manifestanti<br \/>Gli appelli al boicottaggio di Israele sono protetti dalla libert\u00e0 di parola, afferma la Corte europea dei diritti dell&#8217;uomo. Konrad K. SIPA<\/p><\/div>\n<p>La corte ha deciso all&#8217;unanimit\u00e0 che le condanne contro gli attivisti per aver invitato gli acquirenti a boicottare i beni israeliani hanno violato la garanzia della libert\u00e0 di espressione della Convenzione europea sui diritti umani.<\/p>\n<p>La corte ha ordinato al governo francese di pagare a ciascuno degli attivisti circa $ 8.000 in danni e ha assegnato loro le spese legali.<!--more--><\/p>\n<p>La sentenza \u00e8 una spinta significativa al movimento di boicottaggio, disinvestimento e sanzioni che mira a fare pressione su Israele affinch\u00e9 ponga fine ai suoi crimini contro i palestinesi e alle sue violazioni del diritto internazionale.<\/p>\n<p>&#8220;Questa importante sentenza della corte \u00e8 una vittoria decisiva per la libert\u00e0 di espressione, per i difensori dei diritti umani e per il movimento BDS per la libert\u00e0, la giustizia e l&#8217;uguaglianza palestinese&#8221;, ha dichiarato Rita Ahmad a nome del Comitato nazionale per boicottaggio, disinvestimento e sanzioni palestinese (BNC) .<\/p>\n<p>Il giudizio avr\u00e0 importanti implicazioni per la repressione statale del movimento BDS in tutta Europa, specialmente in Germania, dove &#8220;i sostenitori dei diritti dei palestinesi affrontano feroci restrizioni ai loro diritti civili&#8221;, ha aggiunto BNC.<\/p>\n<div class=\"css-1dbjc4n r-156q2ks\">\n<div class=\"css-901oao r-hkyrab r-1qd0xha r-1blvdjr r-16dba41 r-ad9z0x r-bcqeeo r-bnwqim r-qvutc0\" dir=\"auto\" lang=\"en\"><span class=\"css-901oao css-16my406 r-1qd0xha r-ad9z0x r-bcqeeo r-qvutc0\">BREAKING NEWS: European Court of Human Rights rules against French government &amp; for the right of citizens to call for a boycott of Israeli goods on the basis of Israel&#8217;s apartheid regime. This victory has major implications all across Europe! <\/span><span class=\"r-18u37iz\"><a class=\"css-4rbku5 css-18t94o4 css-901oao css-16my406 r-1n1174f r-1loqt21 r-1qd0xha r-ad9z0x r-bcqeeo r-qvutc0\" dir=\"ltr\" role=\"link\" href=\"https:\/\/twitter.com\/hashtag\/BDSIsrael?src=hashtag_click\" data-focusable=\"true\">#BDSIsrael<\/a><\/span><\/div>\n<\/div>\n<div class=\"css-1dbjc4n\">\n<div class=\"css-1dbjc4n r-156q2ks\">\n<div class=\"css-1dbjc4n r-9x6qib r-t23y2h r-1phboty r-rs99b7 r-1ny4l3l r-1udh08x r-o7ynqc r-6416eg\">\n<div class=\"css-1dbjc4n r-uvzvve r-pm2fo r-zmljjp r-rull8r r-qklmqi r-1adg3ll\" aria-hidden=\"true\">\n<div class=\"css-1dbjc4n r-1adg3ll r-1udh08x\">\n<div class=\"r-1adg3ll r-13qz1uu\"><\/div>\n<div class=\"r-1p0dtai r-1pi2tsx r-1d2f490 r-u8s1d r-ipm5af r-13qz1uu\">\n<div class=\"css-1dbjc4n r-1p0dtai r-1mlwlqe r-1d2f490 r-1mnahxq r-1udh08x r-u8s1d r-zchlnj r-ipm5af r-417010\" aria-label=\"\">\n<div class=\"css-1dbjc4n r-1niwhzg r-vvn4in r-u6sd8q r-4gszlv r-1p0dtai r-1pi2tsx r-1d2f490 r-u8s1d r-zchlnj r-ipm5af r-13qz1uu r-1wyyakw\"><\/div>\n<p><img decoding=\"async\" class=\"css-9pa8cd\" draggable=\"true\" src=\"https:\/\/pbs.twimg.com\/card_img\/1271002874429014016\/HH7XkTB5?format=jpg&amp;name=small\" alt=\"\" \/><\/div>\n<\/div>\n<\/div>\n<\/div>\n<div class=\"css-1dbjc4n\">\n<div class=\"css-1dbjc4n r-16y2uox r-1wbh5a2 r-1777fci r-1mi0q7o r-utggzx r-m611by\">\n<div class=\"css-1dbjc4n r-zl2h9q\">\n<div class=\"css-901oao css-bfa6kz r-hkyrab r-1qd0xha r-a023e6 r-16dba41 r-ad9z0x r-bcqeeo r-qvutc0\" dir=\"auto\"><span class=\"css-901oao css-16my406 r-1qd0xha r-ad9z0x r-bcqeeo r-qvutc0\">European Court of Human Rights deals major blow to Israel\u2019s war on<\/span><\/div>\n<\/div>\n<div class=\"css-1dbjc4n r-zl2h9q\">\n<div class=\"css-901oao css-cens5h r-1re7ezh r-1qd0xha r-a023e6 r-16dba41 r-ad9z0x r-bcqeeo r-qvutc0\" dir=\"auto\"><span class=\"css-901oao css-16my406 r-1qd0xha r-ad9z0x r-bcqeeo r-qvutc0\">ECHR rules unanimously that French highest court\u2019s criminal conviction of Israel boycott advocates violates the European Convention on Human Rights\u2019 freedom of expression article<\/span><\/div>\n<\/div>\n<div class=\"css-1dbjc4n\">\n<div class=\"css-901oao css-bfa6kz r-1re7ezh r-1qd0xha r-a023e6 r-16dba41 r-ad9z0x r-bcqeeo r-qvutc0\" dir=\"auto\"><span class=\"css-901oao css-16my406 r-1qd0xha r-ad9z0x r-bcqeeo r-qvutc0\">bdsmovement.net<\/span><\/div>\n<\/div>\n<\/div>\n<\/div>\n<\/div>\n<\/div>\n<\/div>\n<div class=\"css-1dbjc4n r-vpgt9t\">\n<div class=\"css-1dbjc4n r-1awozwy r-18u37iz r-1wtj0ep\">\n<div class=\"css-901oao r-1re7ezh r-1qd0xha r-a023e6 r-16dba41 r-ad9z0x r-zso239 r-bcqeeo r-qvutc0\" dir=\"auto\"><span class=\"css-901oao css-16my406 r-1qd0xha r-ad9z0x r-bcqeeo r-qvutc0\">10:54 AM \u00b7 11 giu 2020<\/span><span class=\"css-901oao css-16my406 r-1re7ezh r-1q142lx r-1qd0xha r-ad9z0x r-bcqeeo r-ou255f r-qvutc0\" aria-hidden=\"true\"><span class=\"css-901oao css-16my406 r-1qd0xha r-ad9z0x r-bcqeeo r-qvutc0\">\u00b7<\/span><\/span><a class=\"css-4rbku5 css-18t94o4 css-901oao css-16my406 r-1n1174f r-1loqt21 r-1qd0xha r-ad9z0x r-bcqeeo r-1jeg54m r-qvutc0\" role=\"link\" href=\"https:\/\/help.twitter.com\/using-twitter\/how-to-tweet#source-labels\" target=\"_blank\" rel=\"noopener noreferrer\" data-focusable=\"true\"><span class=\"css-901oao css-16my406 r-1qd0xha r-ad9z0x r-bcqeeo r-qvutc0\">Twitter Web App<\/span><\/a><\/div>\n<\/div>\n<\/div>\n<div class=\"css-1dbjc4n\">\n<div class=\"css-1dbjc4n r-1gkumvb r-1efd50x r-5kkj8d r-18u37iz r-tzz3ar r-ou255f r-9qu9m4\">\n<div class=\"css-1dbjc4n r-1mf7evn\">\n<div class=\"css-1dbjc4n\"><\/div>\n<\/div>\n<\/div>\n<\/div>\n<p>Negli ultimi anni Israele e la sua lobby hanno incoraggiato i governi di tutto il mondo a approvare leggi e politiche volte a mettere a tacere i sostenitori dei diritti dei palestinesi.<\/p>\n<p>Anche Amnesty International ha accolto con favore la sentenza.<\/p>\n<p>&#8220;La decisione storica di oggi stabilisce un precedente significativo che dovrebbe impedire l&#8217;uso improprio delle leggi antidiscriminazione per colpire gli attivisti che fanno campagna contro le violazioni dei diritti umani perpetrate da Israele contro i palestinesi&#8221;, ha affermato Marco Perolini, ricercatore del gruppo per i diritti umani in Francia.<\/p>\n<p>La sentenza arriva in un momento in cui Israele sta preparando i piani per l&#8217;annessione di gran parte della Cisgiordania occupata, senza dubbio incoraggiato dal fallimento dell&#8217;Unione Europea e dei suoi stati membri di intraprendere qualsiasi azione significativa per fermarlo.<\/p>\n<p><strong>Procedimento statale<\/strong><br \/>\nIl caso \u00e8 stato portato alla Corte europea dei diritti dell&#8217;uomo dagli attivisti membri del Collectif Palestine 68, un gruppo locale che sostiene la campagna di boicottaggio, disinvestimento e sanzioni guidata dai palestinesi.<\/p>\n<p>Il 26 settembre 2009 e il 22 maggio 2010, gli attivisti hanno preso parte alle azioni in un supermercato Carrefour a Illzach, una citt\u00e0 nella Francia nord-orientale.<\/p>\n<p>Indossavano magliette che dicevano &#8220;La Palestina vivr\u00e0&#8221; e &#8220;Boicotta Israele&#8221;. Hanno gridato slogan e distribuito volantini per sollecitare gli acquirenti a non comprare beni israeliani, al fine di spingere Israele a smettere di violare i diritti dei palestinesi.<\/p>\n<p>Hanno chiesto agli acquirenti di firmare una petizione per sollecitare la catena di supermercati a smettere di rifornirsi di merci israeliane. Erano azioni del tutto pacifiche.<\/p>\n<p>A seguito dell&#8217;azione del maggio 2010, un pubblico ministero ha accusato gli attivisti di incitare alla discriminazione, all&#8217;odio e alla violenza contro un gruppo di persone a causa della sua origine, razza, etnia o religione.<\/p>\n<p>Come prova, il foglio di accusa ha citato in particolare gli slogan delle loro campagne, compreso che &#8220;l&#8217;acquisto di prodotti israeliani legittima i crimini a Gaza&#8221;.<\/p>\n<p>La stessa catena di supermercati non ha presentato alcun reclamo legale contro gli attivisti.<\/p>\n<p>\u00c8 stato interamente un procedimento giudiziario statale, seguendo le istruzioni del ministro della giustizia francese che nel 2010 ha detto ai pubblici ministeri locali di dare la caccia agli attivisti del BDS.<\/p>\n<p>Nel dicembre 2011, il tribunale penale della citt\u00e0 di Mulhouse ha assolto gli attivisti.<\/p>\n<p>Il tribunale ha respinto le accuse secondo cui gli attivisti intendevano incitare all&#8217;odio o alla discriminazione invitando i consumatori a non acquistare beni israeliani.<\/p>\n<p>Ma a novembre 2013, una corte d&#8217;appello ha condannato gli attivisti. Li ha condannati a pagare multe e costi per un totale di decine di migliaia di dollari.<\/p>\n<p>Nell&#8217;ottobre 2015, la Corte di cassazione, il pi\u00f9 alto tribunale francese per i ricorsi penali, ha confermato le convinzioni in una sentenza che \u00e8 stata ampiamente considerata come una grave battuta d&#8217;arresto per la libert\u00e0 di parola.<\/p>\n<p><strong>Discorso protetto<\/strong><br \/>\nNella sentenza di gioved\u00ec, la Corte europea dei diritti dell&#8217;uomo ha affermato che &#8220;le azioni e le osservazioni attribuite ai richiedenti riguardavano un argomento di interesse pubblico&#8221; e &#8220;tali azioni e parole rientravano nell&#8217;ambito di espressione politica o militante&#8221;.<\/p>\n<p>Ha aggiunto che &#8220;era nella natura del discorso politico essere controverso e spesso virulento&#8221;.<\/p>\n<p>La sentenza vizia i tribunali francesi per non aver rispettato l&#8217;articolo 10 della Convenzione europea sui diritti umani &#8211; la garanzia della libert\u00e0 di espressione &#8211; e per non aver condotto &#8220;una valutazione adeguata dei fatti&#8221;.<\/p>\n<p>Il gruppo elettorale BDS France ha celebrato la vittoria della corte e ha promesso gioved\u00ec di &#8220;continuare le azioni di boicottaggio dei prodotti israeliani e delle societ\u00e0 multinazionali che sono complici dell&#8217;apartheid israeliano&#8221;<\/p>\n<p>&#8220;Chiediamo anche il boicottaggio delle universit\u00e0 e delle istituzioni israeliane complici, nonch\u00e9 di eventi culturali e sportivi che promuovono l&#8217;apartheid israeliano&#8221;, ha aggiunto il gruppo.<\/p>\n<p>&#8220;Israele, un paese dell&#8217;apartheid, non pu\u00f2 impedire per sempre il vero senso di giustizia e libert\u00e0 per il popolo palestinese&#8221;.<\/p>\n<p>&nbsp;<\/p>\n","protected":false},"excerpt":{"rendered":"<p>https:\/\/electronicintifada.net\/ Ali Abunimah \u00a011 giugno 2020 La Corte europea dei diritti umani ha colpito duramente gli sforzi di Israele di mettere a tacere i suoi critici gioved\u00ec, quando ha ribaltato le condanne penali contro 11 attivisti palestinesi per i diritti &hellip; <a href=\"https:\/\/reteitalianaism.it\/reteism\/index.php\/2020\/06\/12\/la-corte-europea-sostiene-il-diritto-di-boicottare-israele\/\">Continue reading <span class=\"meta-nav\">&rarr;<\/span><\/a><\/p>\n","protected":false},"author":2,"featured_media":0,"comment_status":"open","ping_status":"open","sticky":false,"template":"","format":"standard","meta":{"footnotes":""},"categories":[3,68],"tags":[16,176,23],"class_list":["post-13479","post","type-post","status-publish","format-standard","hentry","category-info","category-opinioni","tag-campagna-bds","tag-diritti-fondamentali","tag-diritti-umani"],"_links":{"self":[{"href":"https:\/\/reteitalianaism.it\/reteism\/index.php\/wp-json\/wp\/v2\/posts\/13479","targetHints":{"allow":["GET"]}}],"collection":[{"href":"https:\/\/reteitalianaism.it\/reteism\/index.php\/wp-json\/wp\/v2\/posts"}],"about":[{"href":"https:\/\/reteitalianaism.it\/reteism\/index.php\/wp-json\/wp\/v2\/types\/post"}],"author":[{"embeddable":true,"href":"https:\/\/reteitalianaism.it\/reteism\/index.php\/wp-json\/wp\/v2\/users\/2"}],"replies":[{"embeddable":true,"href":"https:\/\/reteitalianaism.it\/reteism\/index.php\/wp-json\/wp\/v2\/comments?post=13479"}],"version-history":[{"count":2,"href":"https:\/\/reteitalianaism.it\/reteism\/index.php\/wp-json\/wp\/v2\/posts\/13479\/revisions"}],"predecessor-version":[{"id":13482,"href":"https:\/\/reteitalianaism.it\/reteism\/index.php\/wp-json\/wp\/v2\/posts\/13479\/revisions\/13482"}],"wp:attachment":[{"href":"https:\/\/reteitalianaism.it\/reteism\/index.php\/wp-json\/wp\/v2\/media?parent=13479"}],"wp:term":[{"taxonomy":"category","embeddable":true,"href":"https:\/\/reteitalianaism.it\/reteism\/index.php\/wp-json\/wp\/v2\/categories?post=13479"},{"taxonomy":"post_tag","embeddable":true,"href":"https:\/\/reteitalianaism.it\/reteism\/index.php\/wp-json\/wp\/v2\/tags?post=13479"}],"curies":[{"name":"wp","href":"https:\/\/api.w.org\/{rel}","templated":true}]}}