{"id":13581,"date":"2020-07-01T16:23:08","date_gmt":"2020-07-01T14:23:08","guid":{"rendered":"http:\/\/reteitalianaism.it\/reteism\/?p=13581"},"modified":"2020-07-01T16:24:37","modified_gmt":"2020-07-01T14:24:37","slug":"linternational-solidarity-movement-chiede-al-consiglio-comunale-di-terlizzi-di-votare-a-favore-dellordine-del-giorno-che-si-oppone-allannessione-israeliana-di-parte-della-ci","status":"publish","type":"post","link":"https:\/\/reteitalianaism.it\/reteism\/index.php\/2020\/07\/01\/linternational-solidarity-movement-chiede-al-consiglio-comunale-di-terlizzi-di-votare-a-favore-dellordine-del-giorno-che-si-oppone-allannessione-israeliana-di-parte-della-ci\/","title":{"rendered":"L\u2019International Solidarity Movement chiede al consiglio comunale di Terlizzi di votare a favore dell\u2019ordine del giorno che si oppone all\u2019annessione Israeliana di parte della Cisgiordania, delle alture del Golan e di Gerusalemme Est\u00a0(Palestina)"},"content":{"rendered":"<h3 class=\"postcomments\"><a href=\"https:\/\/altraterlizzi.wordpress.com\/2020\/06\/30\/linternational-solidarity-movement-chiede-al-consiglio-comunale-di-terlizzi-di-votare-a-favore-dellordine-del-giorno-che-si-oppone-allannessione-israeliana-di-parte-della-cisgiorda\/\">https:\/\/altraterlizzi.wordpress.com\/<\/a><\/h3>\n<h3><strong>30 giugno 2020<\/strong><\/h3>\n<h3 class=\"postcomments\">L\u2019International Solidarity Movement interviene a sostegno del consigliere de La Corrente Giuseppe Volpe che a presentato l\u2019ordine del giorno<\/h3>\n<div class=\"entry\">\n<p data-adtags-visited=\"true\"><a href=\"http:\/\/reteitalianaism.it\/reteism\/index.php\/2020\/07\/01\/linternational-solidarity-movement-chiede-al-consiglio-comunale-di-terlizzi-di-votare-a-favore-dellordine-del-giorno-che-si-oppone-allannessione-israeliana-di-parte-della-ci\/schermata-2020-07-01-alle-16-21-07\/\" rel=\"attachment wp-att-13582\"><img loading=\"lazy\" decoding=\"async\" class=\"aligncenter wp-image-13582\" src=\"http:\/\/reteitalianaism.it\/reteism\/wp-content\/uploads\/2020\/07\/Schermata-2020-07-01-alle-16.21.07-300x220.png\" alt=\"\" width=\"455\" height=\"334\" srcset=\"https:\/\/reteitalianaism.it\/reteism\/wp-content\/uploads\/2020\/07\/Schermata-2020-07-01-alle-16.21.07-300x220.png 300w, https:\/\/reteitalianaism.it\/reteism\/wp-content\/uploads\/2020\/07\/Schermata-2020-07-01-alle-16.21.07.png 605w\" sizes=\"auto, (max-width: 455px) 100vw, 455px\" \/><\/a><\/p>\n<p data-adtags-visited=\"true\">L\u2019International Solidarity Movement interviene a sostegno dell\u2019ordine del giorno presentato dal consigliere di opposizione Giuseppe Volpe relativo alla contrariet\u00e0 in merito all\u2019annessione di parte della Cisgiordania, delle alture del Golan e di Gerusalemme Est (Palestina).<\/p>\n<p><iframe loading=\"lazy\" title=\"Bambino palestinese arrestato e strappato con violenza alla madre   YouTube\" width=\"640\" height=\"480\" src=\"https:\/\/www.youtube.com\/embed\/LHF3tG1YjdQ?feature=oembed\" frameborder=\"0\" allow=\"accelerometer; autoplay; clipboard-write; encrypted-media; gyroscope; picture-in-picture; web-share\" referrerpolicy=\"strict-origin-when-cross-origin\" allowfullscreen><\/iframe><\/p>\n<p data-adtags-visited=\"true\">Lo fa in un comunicato stampa in cui ringrazia il consigliere comunale per la sua sensibilit\u00e0 e chiede all\u2019intero consiglio comunale di Terlizzi di condannare l\u2019annessione prevista dal piano Trump, che in questo periodo ha ricevuto condanne unanimi da Onu, Unione Europea e Lega Araba.<\/p>\n<\/div>\n<p data-adtags-visited=\"true\"><!--more--><\/p>\n<p data-adtags-visited=\"true\">Lo fa ricordando che l\u2019AIA sta indagando sui crimini di guerra israeliani e che la stessa presidente della Corte Penale Internazionale ha ricevuto pressioni e minacce in merito.<\/p>\n<div class=\"entry\">\n<p data-adtags-visited=\"true\">Ricordiamo che lo stato Israeliano continua a violare 73 convenzioni internazionali e dimentica di ottemperare alla risoluzione ONU 194 che garantisce il diritto al ritorno dei palestinesi.<\/p>\n<p data-adtags-visited=\"true\">Lo stesso stato israeliano nel solo 2018 ha ricevuto 21 condanne ONU.<\/p>\n<p data-adtags-visited=\"true\">Negli ultimi giorni tra l\u2019altro Israele ha nuovamente bombardato la striscia di Gaza nel silenzio internazionale ed ha impedito ad un bambino di 8 mesi di avere cure mediche a causa di complicanze cardiache.<\/p>\n<p data-adtags-visited=\"true\">Il bambino di 8 mesi \u00e8 morto qualche giorno fa in un silenzio assordante, come assordante resta il fatto che oltre due milioni di civili siano rinchiusi in un lager a cielo aperto, con l\u2019ONU che continua a chiedere a gran voce il rispetto dei diritti umani.<\/p>\n<p data-adtags-visited=\"true\">Inoltre le forze internazionali del TIPH hanno ricevuto la sospensione del loro mandato poich\u00e9 in alcune relazioni rese pubbliche \u00e8 emerso che numerosi coloni israeliani hanno commesso violenze e\u00a0 omicidi, mentre l\u2019esercito israeliano ha omesso e coperto i medesimi reati.<\/p>\n<p><iframe loading=\"lazy\" title=\"Hebron, omicidio a sangue freddo di Abdel Fattah al-Sharif, giovane palestinese per la Liberazione\" width=\"640\" height=\"360\" src=\"https:\/\/www.youtube.com\/embed\/DvzQap5S9Zo?feature=oembed\" frameborder=\"0\" allow=\"accelerometer; autoplay; clipboard-write; encrypted-media; gyroscope; picture-in-picture; web-share\" referrerpolicy=\"strict-origin-when-cross-origin\" allowfullscreen><\/iframe><\/p>\n<p data-adtags-visited=\"true\">Al momento inoltre nelle carceri israeliane risultano illegalmente detenuti migliaia di minori che non hanno ricevuto nessun regolare processo e che rispondono molto spesso di reati inesistenti ad un tribunale militare legittimato dall\u2019occupazione israeliana.<\/p>\n<p><iframe loading=\"lazy\" title=\"&quot;Lanciava pietre&quot;, soldati israeliano fermano bimbo di 5 anni\" width=\"640\" height=\"360\" src=\"https:\/\/www.youtube.com\/embed\/3IPXqGRrO_I?feature=oembed\" frameborder=\"0\" allow=\"accelerometer; autoplay; clipboard-write; encrypted-media; gyroscope; picture-in-picture; web-share\" referrerpolicy=\"strict-origin-when-cross-origin\" allowfullscreen><\/iframe><\/p>\n<p data-adtags-visited=\"true\">Per queste ragioni se il consiglio comunale di Terlizzi non dovesse votare a favore dell\u2019ordine del giorno, si potrebbe creare un pericoloso precedente, poich\u00e9 non ci si pu\u00f2 schierare, n\u00e9 si pu\u00f2 assumere un atteggiamento tergiversante quando si parla di criminali di guerra e crimini di guerra.<\/p>\n<p data-adtags-visited=\"true\">Auspichiamo pertanto che i consiglieri effettuino una votazione che ponga la legalit\u00e0 internazionale come stato di diritto e confidiamo in una presa di coscienza forte di ogni singolo membro del consiglio comunale di Terlizzi.<\/p>\n<p><iframe loading=\"lazy\" title=\"intervista a un bambino palestinese prigioniero nelle carceri israeliane\" width=\"640\" height=\"360\" src=\"https:\/\/www.youtube.com\/embed\/LECQvjgvzOY?feature=oembed\" frameborder=\"0\" allow=\"accelerometer; autoplay; clipboard-write; encrypted-media; gyroscope; picture-in-picture; web-share\" referrerpolicy=\"strict-origin-when-cross-origin\" allowfullscreen><\/iframe><\/p>\n<div id=\"atatags-370373-5efc98e0a5585\"><\/div>\n<div id=\"atatags-26942-5efc98e0a55c1\" data-adtags-width=\"648\"><\/div>\n<\/div>\n<p>&nbsp;<\/p>\n","protected":false},"excerpt":{"rendered":"<p>https:\/\/altraterlizzi.wordpress.com\/ 30 giugno 2020 L\u2019International Solidarity Movement interviene a sostegno del consigliere de La Corrente Giuseppe Volpe che a presentato l\u2019ordine del giorno L\u2019International Solidarity Movement interviene a sostegno dell\u2019ordine del giorno presentato dal consigliere di opposizione Giuseppe Volpe relativo &hellip; <a href=\"https:\/\/reteitalianaism.it\/reteism\/index.php\/2020\/07\/01\/linternational-solidarity-movement-chiede-al-consiglio-comunale-di-terlizzi-di-votare-a-favore-dellordine-del-giorno-che-si-oppone-allannessione-israeliana-di-parte-della-ci\/\">Continue reading <span class=\"meta-nav\">&rarr;<\/span><\/a><\/p>\n","protected":false},"author":2,"featured_media":0,"comment_status":"open","ping_status":"open","sticky":false,"template":"","format":"standard","meta":{"footnotes":""},"categories":[3],"tags":[23,42],"class_list":["post-13581","post","type-post","status-publish","format-standard","hentry","category-info","tag-diritti-umani","tag-resistenza"],"_links":{"self":[{"href":"https:\/\/reteitalianaism.it\/reteism\/index.php\/wp-json\/wp\/v2\/posts\/13581","targetHints":{"allow":["GET"]}}],"collection":[{"href":"https:\/\/reteitalianaism.it\/reteism\/index.php\/wp-json\/wp\/v2\/posts"}],"about":[{"href":"https:\/\/reteitalianaism.it\/reteism\/index.php\/wp-json\/wp\/v2\/types\/post"}],"author":[{"embeddable":true,"href":"https:\/\/reteitalianaism.it\/reteism\/index.php\/wp-json\/wp\/v2\/users\/2"}],"replies":[{"embeddable":true,"href":"https:\/\/reteitalianaism.it\/reteism\/index.php\/wp-json\/wp\/v2\/comments?post=13581"}],"version-history":[{"count":3,"href":"https:\/\/reteitalianaism.it\/reteism\/index.php\/wp-json\/wp\/v2\/posts\/13581\/revisions"}],"predecessor-version":[{"id":13585,"href":"https:\/\/reteitalianaism.it\/reteism\/index.php\/wp-json\/wp\/v2\/posts\/13581\/revisions\/13585"}],"wp:attachment":[{"href":"https:\/\/reteitalianaism.it\/reteism\/index.php\/wp-json\/wp\/v2\/media?parent=13581"}],"wp:term":[{"taxonomy":"category","embeddable":true,"href":"https:\/\/reteitalianaism.it\/reteism\/index.php\/wp-json\/wp\/v2\/categories?post=13581"},{"taxonomy":"post_tag","embeddable":true,"href":"https:\/\/reteitalianaism.it\/reteism\/index.php\/wp-json\/wp\/v2\/tags?post=13581"}],"curies":[{"name":"wp","href":"https:\/\/api.w.org\/{rel}","templated":true}]}}