{"id":13924,"date":"2020-09-07T16:05:14","date_gmt":"2020-09-07T14:05:14","guid":{"rendered":"http:\/\/reteitalianaism.it\/reteism\/?p=13924"},"modified":"2020-09-07T16:05:14","modified_gmt":"2020-09-07T14:05:14","slug":"colono-israeliano-investe-un-bambino-ad-al-khalil","status":"publish","type":"post","link":"https:\/\/reteitalianaism.it\/reteism\/index.php\/2020\/09\/07\/colono-israeliano-investe-un-bambino-ad-al-khalil\/","title":{"rendered":"Colono israeliano investe un bambino ad al-Khalil"},"content":{"rendered":"<p><a href=\"https:\/\/english.palinfo.com\/news\/2020\/9\/7\/Israeli-settler-runs-over-a-child-in-al-Khalil\">https:\/\/english.palinfo.com\/<\/a><\/p>\n<p><strong>7 settembre 2020 \u00a0 \u00a0<\/strong> \u00a0 \u00a0 \u00a0 \u00a0 \u00a0 \u00a0 \u00a0 \u00a0 \u00a0 \u00a0 \u00a0 \u00a0 \u00a0\u00a0<em>AL-KHALIL, (PIC)\u00a0<\/em><br \/>\nUn colono israeliano ha investito domenica sera un bambino palestinese vicino all&#8217;insediamento di Kiryat Arba, costruito sulle terre di al-Khalil nella Cisgiordania occupata.<a href=\"http:\/\/reteitalianaism.it\/reteism\/index.php\/2020\/09\/07\/colono-israeliano-investe-un-bambino-ad-al-khalil\/attachment\/2094442936\/\" rel=\"attachment wp-att-13925\"><img loading=\"lazy\" decoding=\"async\" class=\"aligncenter  wp-image-13925\" src=\"http:\/\/reteitalianaism.it\/reteism\/wp-content\/uploads\/2020\/09\/2094442936-300x158.jpg\" alt=\"\" width=\"490\" height=\"258\" srcset=\"https:\/\/reteitalianaism.it\/reteism\/wp-content\/uploads\/2020\/09\/2094442936-300x158.jpg 300w, https:\/\/reteitalianaism.it\/reteism\/wp-content\/uploads\/2020\/09\/2094442936-768x405.jpg 768w, https:\/\/reteitalianaism.it\/reteism\/wp-content\/uploads\/2020\/09\/2094442936.jpg 947w\" sizes=\"auto, (max-width: 490px) 100vw, 490px\" \/><\/a><\/p>\n<p>Testimoni oculari hanno riferito che un colono ha investito il bambino con il suo veicolo, ferendolo moderatamente prima di fuggire dal posto verso l&#8217;insediamento di Kiryat Arba.<\/p>\n<p>Le \u00e9quipe mediche palestinesi hanno fornito il primo soccorso al bambino ferito prima di portarlo in ospedale per ulteriori cure.<\/p>\n<p>Le autorit\u00e0 di occupazione israeliane di solito negano la responsabilit\u00e0 di tali incidenti sia da parte di veicoli militari che di coloni e si rifiutano di fornire qualsiasi risarcimento ai feriti.<!--more--><\/p>\n<p>La citt\u00e0 di Al-Khalil e le citt\u00e0 di al-Zawiya e al-Lubban al-Sharqiyya vicino a Nablus sono le aree pi\u00f9 comuni per quanto riguarda tali incidenti e molti di questi incidenti provocano la morte o il ferimento di cittadini palestinesi e la maggior parte di loro sono registrati come dovuti a autori &#8220;sconosciuti&#8221;.<\/p>\n","protected":false},"excerpt":{"rendered":"<p>https:\/\/english.palinfo.com\/ 7 settembre 2020 \u00a0 \u00a0 \u00a0 \u00a0 \u00a0 \u00a0 \u00a0 \u00a0 \u00a0 \u00a0 \u00a0 \u00a0 \u00a0 \u00a0 \u00a0\u00a0AL-KHALIL, (PIC)\u00a0 Un colono israeliano ha investito domenica sera un bambino palestinese vicino all&#8217;insediamento di Kiryat Arba, costruito sulle terre di al-Khalil &hellip; <a href=\"https:\/\/reteitalianaism.it\/reteism\/index.php\/2020\/09\/07\/colono-israeliano-investe-un-bambino-ad-al-khalil\/\">Continue reading <span class=\"meta-nav\">&rarr;<\/span><\/a><\/p>\n","protected":false},"author":2,"featured_media":0,"comment_status":"open","ping_status":"open","sticky":false,"template":"","format":"standard","meta":{"footnotes":""},"categories":[3],"tags":[8,9,50,51],"class_list":["post-13924","post","type-post","status-publish","format-standard","hentry","category-info","tag-al-khalil","tag-apartheid","tag-violenza-dei-coloni","tag-violenza-sui-minori"],"_links":{"self":[{"href":"https:\/\/reteitalianaism.it\/reteism\/index.php\/wp-json\/wp\/v2\/posts\/13924","targetHints":{"allow":["GET"]}}],"collection":[{"href":"https:\/\/reteitalianaism.it\/reteism\/index.php\/wp-json\/wp\/v2\/posts"}],"about":[{"href":"https:\/\/reteitalianaism.it\/reteism\/index.php\/wp-json\/wp\/v2\/types\/post"}],"author":[{"embeddable":true,"href":"https:\/\/reteitalianaism.it\/reteism\/index.php\/wp-json\/wp\/v2\/users\/2"}],"replies":[{"embeddable":true,"href":"https:\/\/reteitalianaism.it\/reteism\/index.php\/wp-json\/wp\/v2\/comments?post=13924"}],"version-history":[{"count":2,"href":"https:\/\/reteitalianaism.it\/reteism\/index.php\/wp-json\/wp\/v2\/posts\/13924\/revisions"}],"predecessor-version":[{"id":13927,"href":"https:\/\/reteitalianaism.it\/reteism\/index.php\/wp-json\/wp\/v2\/posts\/13924\/revisions\/13927"}],"wp:attachment":[{"href":"https:\/\/reteitalianaism.it\/reteism\/index.php\/wp-json\/wp\/v2\/media?parent=13924"}],"wp:term":[{"taxonomy":"category","embeddable":true,"href":"https:\/\/reteitalianaism.it\/reteism\/index.php\/wp-json\/wp\/v2\/categories?post=13924"},{"taxonomy":"post_tag","embeddable":true,"href":"https:\/\/reteitalianaism.it\/reteism\/index.php\/wp-json\/wp\/v2\/tags?post=13924"}],"curies":[{"name":"wp","href":"https:\/\/api.w.org\/{rel}","templated":true}]}}