{"id":13941,"date":"2020-09-11T21:34:48","date_gmt":"2020-09-11T19:34:48","guid":{"rendered":"http:\/\/reteitalianaism.it\/reteism\/?p=13941"},"modified":"2020-09-11T21:34:48","modified_gmt":"2020-09-11T19:34:48","slug":"rivolta-palestinese-mentre-israele-mette-altoparlanti-nella-moschea-di-al-aqsa","status":"publish","type":"post","link":"https:\/\/reteitalianaism.it\/reteism\/index.php\/2020\/09\/11\/rivolta-palestinese-mentre-israele-mette-altoparlanti-nella-moschea-di-al-aqsa\/","title":{"rendered":"Rivolta palestinese mentre Israele mette altoparlanti nella moschea di Al-Aqsa"},"content":{"rendered":"<p><a href=\"https:\/\/www.middleeastmonitor.com\/20200911-palestinian-uproar-as-israel-puts-loudspeakers-in-al-aqsa-mosque\/\">https:\/\/www.middleeastmonitor.com<\/a><br \/>\n<strong>11 settembre 2020<\/strong><\/p>\n<p>Mercoled\u00ec, i soldati israeliani hanno installato altoparlanti sulle pareti settentrionale e occidentale del complesso della moschea di Al-Aqsa nella Gerusalemme est occupata.<\/p>\n<p><div id=\"attachment_13942\" style=\"width: 501px\" class=\"wp-caption aligncenter\"><a href=\"http:\/\/reteitalianaism.it\/reteism\/index.php\/2020\/09\/11\/rivolta-palestinese-mentre-israele-mette-altoparlanti-nella-moschea-di-al-aqsa\/al-aqsa-speakers\/\" rel=\"attachment wp-att-13942\"><img loading=\"lazy\" decoding=\"async\" aria-describedby=\"caption-attachment-13942\" class=\" wp-image-13942\" src=\"http:\/\/reteitalianaism.it\/reteism\/wp-content\/uploads\/2020\/09\/Al-Aqsa-speakers-300x200.jpg\" alt=\"\" width=\"491\" height=\"327\" srcset=\"https:\/\/reteitalianaism.it\/reteism\/wp-content\/uploads\/2020\/09\/Al-Aqsa-speakers-300x200.jpg 300w, https:\/\/reteitalianaism.it\/reteism\/wp-content\/uploads\/2020\/09\/Al-Aqsa-speakers-768x512.jpg 768w, https:\/\/reteitalianaism.it\/reteism\/wp-content\/uploads\/2020\/09\/Al-Aqsa-speakers-1024x683.jpg 1024w, https:\/\/reteitalianaism.it\/reteism\/wp-content\/uploads\/2020\/09\/Al-Aqsa-speakers.jpg 1200w\" sizes=\"auto, (max-width: 491px) 100vw, 491px\" \/><\/a><p id=\"caption-attachment-13942\" class=\"wp-caption-text\">La polizia israeliana sale una scala per installare altoparlanti e dispositivi elettronici sul muro settentrionale alla Moschea di Al-Aqsa a Gerusalemme il 6 settembre 2020 [Agenzia Mostafa Alkharouf \/ Anadolu]<\/p><\/div>Il sistema di altoparlanti consente alle forze israeliane di disturbare e violare ulteriormente i fedeli musulmani nella moschea facendo annunci e dando istruzioni a coloro che si trovano nel complesso.<\/p>\n<p>\u00c8 il terzo set di altoparlanti che le autorit\u00e0 israeliane hanno installato dal 2017, consentendo loro di trasmettere sul lato settentrionale del complesso della moschea di Al-Aqsa dall&#8217;interno e dall&#8217;esterno, parallelamente a quello gestito dall&#8217;Islam Waqf (in dotazione) \u00a0responsabile del sito religioso.<!--more--><\/p>\n<p>La Giordania ha condannato la mossa come parte di ci\u00f2 che ha descritto come &#8220;continue violazioni israeliane&#8221;.<\/p>\n<p>Il portavoce del ministero degli Esteri, Deifallah Fayez, ha detto che le &#8220;pratiche assurde&#8221; delle forze israeliane presso il sito del patrimonio mondiale dell&#8217;UNESCO sono &#8220;irresponsabili e costituiscono una provocazione contro i sentimenti dei musulmani di tutto il mondo&#8221;.<\/p>\n<p>Ha esortato la comunit\u00e0 internazionale ad assumersi le proprie responsabilit\u00e0 ed esercitare pressioni su Israele affinch\u00e9 fermi i suoi attacchi che violano il diritto internazionale.<\/p>\n<p>L&#8217;ex gran mufti della moschea di Al-Aqsa, Ekrima Sabri, ha detto a Middle East Eye che Israele cerca di imporre la sua sovranit\u00e0 sulla moschea e minare il Waqf islamico.<\/p>\n<p>Ha detto: &#8220;Le misure dell&#8217;occupazione contro Al-Aqsa non sono valide e illegali. Non le riconosciamo. Riteniamo il governo israeliano responsabile della violazione della santit\u00e0 di Al-Aqsa, perch\u00e9 \u00e8 direttamente responsabile di qualsiasi aggressione ed \u00e8 quello che protegge i coloni che assaltano il sito, incoraggiandoli ad aumentare il loro numero &#8220;.<\/p>\n<p>La moschea di Al-Aqsa \u00e8 il terzo sito pi\u00f9 sacro al mondo per i musulmani. Gli ebrei chiamano l&#8217;area il Monte del Tempio, sostenendo che nei tempi antichi era il sito di due templi ebraici.<\/p>\n<p>Israele ha occupato Gerusalemme Est, dove si trova Al-Aqsa, durante la guerra arabo-israeliana del 1967. Ha annesso l&#8217;intera citt\u00e0 nel 1980 con una mossa mai riconosciuta dalla comunit\u00e0 internazionale.<\/p>\n","protected":false},"excerpt":{"rendered":"<p>https:\/\/www.middleeastmonitor.com 11 settembre 2020 Mercoled\u00ec, i soldati israeliani hanno installato altoparlanti sulle pareti settentrionale e occidentale del complesso della moschea di Al-Aqsa nella Gerusalemme est occupata. Il sistema di altoparlanti consente alle forze israeliane di disturbare e violare ulteriormente i &hellip; <a href=\"https:\/\/reteitalianaism.it\/reteism\/index.php\/2020\/09\/11\/rivolta-palestinese-mentre-israele-mette-altoparlanti-nella-moschea-di-al-aqsa\/\">Continue reading <span class=\"meta-nav\">&rarr;<\/span><\/a><\/p>\n","protected":false},"author":2,"featured_media":0,"comment_status":"open","ping_status":"open","sticky":false,"template":"","format":"standard","meta":{"footnotes":""},"categories":[3],"tags":[80,82,37],"class_list":["post-13941","post","type-post","status-publish","format-standard","hentry","category-info","tag-al-aqsa","tag-gerusalemme-est","tag-occupazione"],"_links":{"self":[{"href":"https:\/\/reteitalianaism.it\/reteism\/index.php\/wp-json\/wp\/v2\/posts\/13941","targetHints":{"allow":["GET"]}}],"collection":[{"href":"https:\/\/reteitalianaism.it\/reteism\/index.php\/wp-json\/wp\/v2\/posts"}],"about":[{"href":"https:\/\/reteitalianaism.it\/reteism\/index.php\/wp-json\/wp\/v2\/types\/post"}],"author":[{"embeddable":true,"href":"https:\/\/reteitalianaism.it\/reteism\/index.php\/wp-json\/wp\/v2\/users\/2"}],"replies":[{"embeddable":true,"href":"https:\/\/reteitalianaism.it\/reteism\/index.php\/wp-json\/wp\/v2\/comments?post=13941"}],"version-history":[{"count":2,"href":"https:\/\/reteitalianaism.it\/reteism\/index.php\/wp-json\/wp\/v2\/posts\/13941\/revisions"}],"predecessor-version":[{"id":13944,"href":"https:\/\/reteitalianaism.it\/reteism\/index.php\/wp-json\/wp\/v2\/posts\/13941\/revisions\/13944"}],"wp:attachment":[{"href":"https:\/\/reteitalianaism.it\/reteism\/index.php\/wp-json\/wp\/v2\/media?parent=13941"}],"wp:term":[{"taxonomy":"category","embeddable":true,"href":"https:\/\/reteitalianaism.it\/reteism\/index.php\/wp-json\/wp\/v2\/categories?post=13941"},{"taxonomy":"post_tag","embeddable":true,"href":"https:\/\/reteitalianaism.it\/reteism\/index.php\/wp-json\/wp\/v2\/tags?post=13941"}],"curies":[{"name":"wp","href":"https:\/\/api.w.org\/{rel}","templated":true}]}}