{"id":13983,"date":"2020-09-16T23:20:08","date_gmt":"2020-09-16T21:20:08","guid":{"rendered":"http:\/\/reteitalianaism.it\/reteism\/?p=13983"},"modified":"2020-09-16T23:22:52","modified_gmt":"2020-09-16T21:22:52","slug":"oltre-un-milione-di-persone-hanno-firmato-la-carta-palestinese-contro-la-normalizzazione","status":"publish","type":"post","link":"https:\/\/reteitalianaism.it\/reteism\/index.php\/2020\/09\/16\/oltre-un-milione-di-persone-hanno-firmato-la-carta-palestinese-contro-la-normalizzazione\/","title":{"rendered":"Oltre un milione di persone hanno firmato la &#8220;Carta Palestinese&#8221; contro la normalizzazione"},"content":{"rendered":"<p>16 settembre 2020<\/p>\n<p><a href=\"https:\/\/english.palinfo.com\/news\/2020\/9\/16\/Over-one-million-people-sign-Palestine-Charter-against-normalization\">https:\/\/english.palinfo.com\/news\/2020\/9\/16\/Over-one-million-people-sign-Palestine-Charter-against-normalization<\/a><\/p>\n<p><a href=\"http:\/\/reteitalianaism.it\/reteism\/wp-content\/uploads\/2020\/09\/2013898497.jpg\"><img loading=\"lazy\" decoding=\"async\" class=\" wp-image-13984 aligncenter\" src=\"http:\/\/reteitalianaism.it\/reteism\/wp-content\/uploads\/2020\/09\/2013898497-300x158.jpg\" alt=\"\" width=\"454\" height=\"239\" srcset=\"https:\/\/reteitalianaism.it\/reteism\/wp-content\/uploads\/2020\/09\/2013898497-300x158.jpg 300w, https:\/\/reteitalianaism.it\/reteism\/wp-content\/uploads\/2020\/09\/2013898497-768x405.jpg 768w, https:\/\/reteitalianaism.it\/reteism\/wp-content\/uploads\/2020\/09\/2013898497.jpg 947w\" sizes=\"auto, (max-width: 454px) 100vw, 454px\" \/><\/a><\/p>\n<p>Pi\u00f9 di 1.000.000 di persone, inclusi attivisti filo-palestinesi, personalit\u00e0 dei media e accademici, hanno firmato &#8211; in meno di 20 ore &#8211; la &#8220;Carta della Palestina&#8221;, un documento che rifiuta la normalizzazione delle relazioni degli stati arabi con lo stato di occupazione israeliano.<\/p>\n<p>Gli Emirati Arabi Uniti (EAU) ei ministri degli esteri del Bahrain hanno firmato marted\u00ec un accordo di normalizzazione con Israele alla Casa Bianca marted\u00ec, stabilendo legami pieni in violazione dell&#8217;Iniziativa di pace araba.<!--more--><\/p>\n<p>Il testo della Carta &#8211; pubblicato su <a href=\"https:\/\/charterofpalestine.com\/campaign_en\">\u201ccharterofpalestine.com\/campaign\u201d<\/a> &#8211; afferma: <em>&#8220;Credendo nella giustizia della causa palestinese e seguendo la mia responsabilit\u00e0 nei suoi confronti, sono onorato di firmare la Carta della Palestina, in base alla quale affermo che la Palestina \u00e8 uno stato arabo occupato e la sua liberazione \u00e8 un dovere &#8220;.<\/em><\/p>\n<p><em>&#8220;L&#8217;entit\u00e0 sionista \u00e8 un&#8217;entit\u00e0 occupante e razzista e un usurpatore della nostra moschea di Aqsa e della terra di Palestina, e tutte le forme di normalizzazione sono un tradimento&#8221;<\/em>, si legge ulteriormente nel testo.<\/p>\n<p>La carta \u00e8 stata approvata da molte organizzazioni filo-palestinesi, tra cui il movimento BDS, la Coalizione del Golfo contro la normalizzazione e la Lega degli Emirati contro la normalizzazione.<\/p>\n<p>L&#8217;hashtag #Palestine_Charter in arabo sta circolando anche su Twitter, condannando gli accordi di normalizzazione mediati dagli Stati Uniti.<\/p>\n<p>&nbsp;<\/p>\n","protected":false},"excerpt":{"rendered":"<p>16 settembre 2020 https:\/\/english.palinfo.com\/news\/2020\/9\/16\/Over-one-million-people-sign-Palestine-Charter-against-normalization Pi\u00f9 di 1.000.000 di persone, inclusi attivisti filo-palestinesi, personalit\u00e0 dei media e accademici, hanno firmato &#8211; in meno di 20 ore &#8211; la &#8220;Carta della Palestina&#8221;, un documento che rifiuta la normalizzazione delle relazioni degli stati &hellip; <a href=\"https:\/\/reteitalianaism.it\/reteism\/index.php\/2020\/09\/16\/oltre-un-milione-di-persone-hanno-firmato-la-carta-palestinese-contro-la-normalizzazione\/\">Continue reading <span class=\"meta-nav\">&rarr;<\/span><\/a><\/p>\n","protected":false},"author":6,"featured_media":0,"comment_status":"open","ping_status":"open","sticky":false,"template":"","format":"standard","meta":{"footnotes":""},"categories":[3],"tags":[37,138],"class_list":["post-13983","post","type-post","status-publish","format-standard","hentry","category-info","tag-occupazione","tag-violazioni-del-diritto-internazionale"],"_links":{"self":[{"href":"https:\/\/reteitalianaism.it\/reteism\/index.php\/wp-json\/wp\/v2\/posts\/13983","targetHints":{"allow":["GET"]}}],"collection":[{"href":"https:\/\/reteitalianaism.it\/reteism\/index.php\/wp-json\/wp\/v2\/posts"}],"about":[{"href":"https:\/\/reteitalianaism.it\/reteism\/index.php\/wp-json\/wp\/v2\/types\/post"}],"author":[{"embeddable":true,"href":"https:\/\/reteitalianaism.it\/reteism\/index.php\/wp-json\/wp\/v2\/users\/6"}],"replies":[{"embeddable":true,"href":"https:\/\/reteitalianaism.it\/reteism\/index.php\/wp-json\/wp\/v2\/comments?post=13983"}],"version-history":[{"count":1,"href":"https:\/\/reteitalianaism.it\/reteism\/index.php\/wp-json\/wp\/v2\/posts\/13983\/revisions"}],"predecessor-version":[{"id":13985,"href":"https:\/\/reteitalianaism.it\/reteism\/index.php\/wp-json\/wp\/v2\/posts\/13983\/revisions\/13985"}],"wp:attachment":[{"href":"https:\/\/reteitalianaism.it\/reteism\/index.php\/wp-json\/wp\/v2\/media?parent=13983"}],"wp:term":[{"taxonomy":"category","embeddable":true,"href":"https:\/\/reteitalianaism.it\/reteism\/index.php\/wp-json\/wp\/v2\/categories?post=13983"},{"taxonomy":"post_tag","embeddable":true,"href":"https:\/\/reteitalianaism.it\/reteism\/index.php\/wp-json\/wp\/v2\/tags?post=13983"}],"curies":[{"name":"wp","href":"https:\/\/api.w.org\/{rel}","templated":true}]}}