{"id":13986,"date":"2020-09-17T16:44:56","date_gmt":"2020-09-17T14:44:56","guid":{"rendered":"http:\/\/reteitalianaism.it\/reteism\/?p=13986"},"modified":"2020-09-17T16:45:32","modified_gmt":"2020-09-17T14:45:32","slug":"le-truppe-israeliane-fanno-irruzione-nelle-celle-assaltano-i-prigionieri-palestinesi-a-megiddo","status":"publish","type":"post","link":"https:\/\/reteitalianaism.it\/reteism\/index.php\/2020\/09\/17\/le-truppe-israeliane-fanno-irruzione-nelle-celle-assaltano-i-prigionieri-palestinesi-a-megiddo\/","title":{"rendered":"Le truppe israeliane fanno irruzione nelle celle, assaltano i prigionieri palestinesi a Megiddo"},"content":{"rendered":"<p><a href=\"https:\/\/www.palestinechronicle.com\/israeli-troops-raid-cells-assault-palestinian-prisoners-in-megiddo\/\">https:\/\/www.palestinechronicle.com\/<\/a><br \/>\n<strong>17 settembre 2020<\/strong><\/p>\n<p>La scorsa notte le forze di occupazione israeliane hanno fatto irruzione in celle di prigionieri palestinesi e hanno aggredito e ferito molti di loro nella prigione israeliana di Megiddo, ha detto la Palestinian Prisoner\u2019s Society (PPS).<\/p>\n<div id=\"attachment_13987\" style=\"width: 494px\" class=\"wp-caption aligncenter\"><a href=\"http:\/\/reteitalianaism.it\/reteism\/index.php\/2020\/09\/17\/le-truppe-israeliane-fanno-irruzione-nelle-celle-assaltano-i-prigionieri-palestinesi-a-megiddo\/megiddo-678x455\/\" rel=\"attachment wp-att-13987\"><img loading=\"lazy\" decoding=\"async\" aria-describedby=\"caption-attachment-13987\" class=\" wp-image-13987\" src=\"http:\/\/reteitalianaism.it\/reteism\/wp-content\/uploads\/2020\/09\/Megiddo-678x455-300x201.jpg\" alt=\"\" width=\"484\" height=\"324\" srcset=\"https:\/\/reteitalianaism.it\/reteism\/wp-content\/uploads\/2020\/09\/Megiddo-678x455-300x201.jpg 300w, https:\/\/reteitalianaism.it\/reteism\/wp-content\/uploads\/2020\/09\/Megiddo-678x455.jpg 678w\" sizes=\"auto, (max-width: 484px) 100vw, 484px\" \/><\/a><p id=\"caption-attachment-13987\" class=\"wp-caption-text\">La prigione israeliana di Megiddo. (Foto: file)<\/p><\/div>\n<p>Secondo la PPS, il raid \u00e8 avvenuto dopo che un folto gruppo di prigionieri \u00e8 stato spostato con la forza dalle autorit\u00e0 di occupazione dalla prigione di Gilboa alla prigione di Megiddo. Durante lo spostamneto il direttore della prigione di Megiddo ha avuto un alterco con uno dei prigionieri. Secondo quanto riferito, il problema \u00e8 degenerato in un raid su larga scala da parte delle forze speciali della prigione e dei commando.<!--more--><\/p>\n<p>Il servizio carcerario israeliano (IPS) ha recentemente intensificato i suoi attacchi \u00a0aggressivi contro prigionieri palestinesi, in particolare nelle carceri di Ofer, Megiddo e Gilboa. Inoltre, le autorit\u00e0 carcerarie israeliane hanno intensificato la politica di spostare i prigionieri da una prigione all&#8217;altra.<\/p>\n<p>Domenica scorsa, commandos israeliani accompagnati da cani da attacco hanno fatto irruzione nelle celle dei detenuti politici palestinesi nel centro di detenzione di Ofer, a sud-ovest di Ramallah, nella Cisgiordania occupata, e hanno aggredito e ferito molti di loro.<\/p>\n<p><iframe loading=\"lazy\" title=\"\u2018These Chains Will Be Broken\u2019: Delving into the Heart of Palestinian Resistance\" width=\"640\" height=\"360\" src=\"https:\/\/www.youtube.com\/embed\/B2asYP8J0Co?feature=oembed\" frameborder=\"0\" allow=\"accelerometer; autoplay; clipboard-write; encrypted-media; gyroscope; picture-in-picture; web-share\" referrerpolicy=\"strict-origin-when-cross-origin\" allowfullscreen><\/iframe><\/p>\n<p>Il PPS ha affermato che il trasferimento sistematico dei detenuti tra le carceri mira a mantenere i detenuti in uno stato di caos e instabilit\u00e0, nonch\u00e9 a tenerli sempre sotto pressione.<\/p>\n<p>Circa 5.700 palestinesi, tra cui numerose donne e bambini, sono attualmente detenuti nelle carceri israeliane.<\/p>\n","protected":false},"excerpt":{"rendered":"<p>https:\/\/www.palestinechronicle.com\/ 17 settembre 2020 La scorsa notte le forze di occupazione israeliane hanno fatto irruzione in celle di prigionieri palestinesi e hanno aggredito e ferito molti di loro nella prigione israeliana di Megiddo, ha detto la Palestinian Prisoner\u2019s Society (PPS). &hellip; <a href=\"https:\/\/reteitalianaism.it\/reteism\/index.php\/2020\/09\/17\/le-truppe-israeliane-fanno-irruzione-nelle-celle-assaltano-i-prigionieri-palestinesi-a-megiddo\/\">Continue reading <span class=\"meta-nav\">&rarr;<\/span><\/a><\/p>\n","protected":false},"author":2,"featured_media":0,"comment_status":"open","ping_status":"open","sticky":false,"template":"","format":"standard","meta":{"footnotes":""},"categories":[3],"tags":[22,23,150],"class_list":["post-13986","post","type-post","status-publish","format-standard","hentry","category-info","tag-diritti-prigionieri","tag-diritti-umani","tag-violenza-dellesercito"],"_links":{"self":[{"href":"https:\/\/reteitalianaism.it\/reteism\/index.php\/wp-json\/wp\/v2\/posts\/13986","targetHints":{"allow":["GET"]}}],"collection":[{"href":"https:\/\/reteitalianaism.it\/reteism\/index.php\/wp-json\/wp\/v2\/posts"}],"about":[{"href":"https:\/\/reteitalianaism.it\/reteism\/index.php\/wp-json\/wp\/v2\/types\/post"}],"author":[{"embeddable":true,"href":"https:\/\/reteitalianaism.it\/reteism\/index.php\/wp-json\/wp\/v2\/users\/2"}],"replies":[{"embeddable":true,"href":"https:\/\/reteitalianaism.it\/reteism\/index.php\/wp-json\/wp\/v2\/comments?post=13986"}],"version-history":[{"count":2,"href":"https:\/\/reteitalianaism.it\/reteism\/index.php\/wp-json\/wp\/v2\/posts\/13986\/revisions"}],"predecessor-version":[{"id":13989,"href":"https:\/\/reteitalianaism.it\/reteism\/index.php\/wp-json\/wp\/v2\/posts\/13986\/revisions\/13989"}],"wp:attachment":[{"href":"https:\/\/reteitalianaism.it\/reteism\/index.php\/wp-json\/wp\/v2\/media?parent=13986"}],"wp:term":[{"taxonomy":"category","embeddable":true,"href":"https:\/\/reteitalianaism.it\/reteism\/index.php\/wp-json\/wp\/v2\/categories?post=13986"},{"taxonomy":"post_tag","embeddable":true,"href":"https:\/\/reteitalianaism.it\/reteism\/index.php\/wp-json\/wp\/v2\/tags?post=13986"}],"curies":[{"name":"wp","href":"https:\/\/api.w.org\/{rel}","templated":true}]}}