{"id":13991,"date":"2020-09-18T21:52:43","date_gmt":"2020-09-18T19:52:43","guid":{"rendered":"http:\/\/reteitalianaism.it\/reteism\/?p=13991"},"modified":"2020-09-18T21:58:03","modified_gmt":"2020-09-18T19:58:03","slug":"il-disastro-nelloscurita-di-gaza","status":"publish","type":"post","link":"https:\/\/reteitalianaism.it\/reteism\/index.php\/2020\/09\/18\/il-disastro-nelloscurita-di-gaza\/","title":{"rendered":"Il disastro nell&#8217;oscurit\u00e0 di Gaza"},"content":{"rendered":"<p>18 settembre 2020<\/p>\n<p><a href=\"https:\/\/electronicintifada.net\/content\/disaster-gazas-darkness\/31236\">https:\/\/electronicintifada.net\/content\/disaster-gazas-darkness\/31236<\/a><\/p>\n<p>di <strong><a href=\"https:\/\/electronicintifada.net\/people\/ola-mousa\">Ola Mousa<\/a><\/strong><\/p>\n<p><div id=\"attachment_13992\" style=\"width: 496px\" class=\"wp-caption aligncenter\"><a href=\"http:\/\/reteitalianaism.it\/reteism\/wp-content\/uploads\/2020\/09\/020920_ash_00_19.jpg\"><img loading=\"lazy\" decoding=\"async\" aria-describedby=\"caption-attachment-13992\" class=\" wp-image-13992\" src=\"http:\/\/reteitalianaism.it\/reteism\/wp-content\/uploads\/2020\/09\/020920_ash_00_19-300x202.jpg\" alt=\"\" width=\"486\" height=\"327\" srcset=\"https:\/\/reteitalianaism.it\/reteism\/wp-content\/uploads\/2020\/09\/020920_ash_00_19-300x202.jpg 300w, https:\/\/reteitalianaism.it\/reteism\/wp-content\/uploads\/2020\/09\/020920_ash_00_19-768x516.jpg 768w, https:\/\/reteitalianaism.it\/reteism\/wp-content\/uploads\/2020\/09\/020920_ash_00_19.jpg 800w\" sizes=\"auto, (max-width: 486px) 100vw, 486px\" \/><\/a><p id=\"caption-attachment-13992\" class=\"wp-caption-text\">Tutti e tre i figli di Omar Huzeen sono stati uccisi in un incendio il 1\u00b0 settembre. [Ashraf Amra APA immagini]<\/p><\/div>Ogni mattina, nelle ultime due settimane, Omar Huzeen si \u00e8 seduto fuori ci\u00f2 che resta della sua casa. Pensa costantemente all&#8217;incendio che ha ucciso tutti e tre i suoi figli.<\/p>\n<p>I tre bambini avevano trascorso il 1\u00b0 settembre con il nonno. Quando sono tornati dai genitori quella sera, la famiglia ha cenato, dopodich\u00e9 Muhammad, di 2 anni, ha chiesto un bicchiere di latte.<\/p>\n<p>Non c&#8217;era latte a casa, cos\u00ec Omar \u00e8 andato a cercarne un po&#8217;.<\/p>\n<p><em>&#8220;Ho messo una candela accanto alla finestra per illuminare la stanza e sono andato da mia madre&#8221;<\/em>, ha detto Omar. <em>&#8220;Ma lei non aveva latte a casa sua e la maggior parte dei supermercati erano chiusi a causa del blocco. Alla fine sono riuscito a comprare del latte e sono tornato a casa. Quando sono tornato, la nostra casa era in fiamme.&#8221;<\/em><\/p>\n<p>Muhammad ei suoi fratelli Yusif e Mahmoud &#8211; rispettivamente di 5 e 4 anni &#8211; sono rimasti intrappolati nelle fiamme.<!--more--><\/p>\n<p>La loro madre, Khuloud, era a casa quando \u00e8 scoppiato l&#8217;incendio. E&#8217; riuscita a scappare dalla casa, ma non \u00e8 stata in grado di entrare nella camera dei suoi figli.<\/p>\n<p>Quando Omar \u00e8 tornato, ha cercato di rompere le finestre e abbattere la porta della casa con il tetto di amianto nel tentativo di salvare i suoi figli.<\/p>\n<p>I suoi vicini hanno chiamato il servizio di protezione civile. Con Gaza sotto il coprifuoco a causa di un&#8217;epidemia di COVID-19, ci sono voluti 45 minuti prima che arrivassero i vigili del fuoco.<\/p>\n<p>Era troppo tardi. Quando i tre bambini sono stati portati all&#8217;ospedale di al-Aqsa nel centro di Gaza, sono stati dichiarati morti.<\/p>\n<p>Si ritiene che il fuoco sia stato appiccato dalla candela che Omar aveva acceso.<\/p>\n<p><strong>Crescere con i blackout<\/strong><br \/>\nNessuno nel campo profughi di Nuseirat &#8211; dove vive la famiglia Huzeen &#8211; vede l&#8217;incendio come una tragedia isolata. \u00c8 avvenuto in un momento in cui Israele aveva rafforzato il suo assedio di Gaza.<\/p>\n<p>La candela doveva essere accesa poich\u00e9 l&#8217;unica alternativa era l&#8217;oscurit\u00e0. Nuseirat &#8211; come altre parti di Gaza &#8211; aveva solo poche ore di elettricit\u00e0 al giorno all&#8217;inizio di settembre.<\/p>\n<p>Israele aveva causato gravi interruzioni di corrente vietando le consegne di carburante all&#8217;unica centrale elettrica di Gaza ad agosto. Il divieto \u00e8 stato presentato come una risposta ai palloncini incendiari che alcuni palestinesi stavano facendo volare verso il sud di Israele.<\/p>\n<p>Ancora una volta, Israele aveva deciso di violare il diritto internazionale sottoponendo tutti a Gaza a punizioni collettive.<\/p>\n<p>Omar Huzeen ha acquistato la candela che probabilmente ha appiccato il fuoco la mattina del 1\u00b0 settembre.<\/p>\n<p>Aveva bisogno di candele perch\u00e9 le batterie delle luci LED di casa sua continuavano a scaricarsi. Senza una fornitura regolare di elettricit\u00e0, era impossibile ricaricare le batterie sufficientemente spesso.<\/p>\n<p>Omar stava cercando di provvedere alla sua famiglia con risorse molto scarse.<\/p>\n<p>In precedenza aveva trovato lavoro come bracciante agricolo e nei cantieri, ma era rimasto disoccupato negli ultimi tre mesi.<\/p>\n<p><em>&#8220;Immagina che i bambini di tutto il mondo crescano giocando con i giocattoli e mangiando cibo delizioso&#8221;<\/em>, ha detto Omar. <em>\u201cI miei figli sono cresciuti con blackout elettrici. Yusif pensava che le interruzioni di corrente si verificassero in ogni paese. I bambini non si rendevano conto di essere nati in una situazione in cui erano privati \u200b\u200bdei diritti fondamentali&#8221;<\/em>.<\/p>\n<p>La madre dei ragazzi, Khuloud, non riesce a capacitarsi di quello che \u00e8 successo alla sua famiglia. Ha ricordato che Yusif non vedeva l&#8217;ora di iniziare la scuola.<\/p>\n<p><em>&#8220;La sua felicit\u00e0 non \u00e8 durata a lungo&#8221;<\/em>, ha detto Khuloud. <em>\u201cLe scuole qui sono state chiuse dallo scoppio del coronavirus. E ora Yusif ei suoi due fratelli sono morti bruciati.&#8221;<\/em><\/p>\n<p>Mahmoud, il nonno dei bambini, ha osservato che i residenti di Nuseirat erano <em>&#8220;scioccati dal fatto che accendere una candela potesse portare alla morte&#8221;.<\/em><\/p>\n<p><em>&#8220;Tutti i paesi del mondo stanno sviluppando energia solare e nucleare<\/em>&#8220;, ha aggiunto Mahmoud. <em>&#8220;Eppure stiamo lottando per avere l&#8217;elettricit\u00e0.&#8221;<\/em><\/p>\n<p><strong>Un meccanismo che si ripete<\/strong><br \/>\nNon \u00e8 stato il primo incendio mortale nel Nuseirat quest&#8217;anno.<\/p>\n<p>A marzo, un incendio ha travolto il mercato del quartiere, 22 persone hanno perso la vita.<\/p>\n<p>\u00c8 avvenuto anche in un contesto di penuria di carburante.<\/p>\n<p>Le carenze sono ampiamente considerate come un fattore determinante.<\/p>\n<p>Il disastro che ha colpito la famiglia Huzeen ricorda stranamente un incendio dell&#8217;aprile 2012 scoppiato a Deir al-Balah, a pochi chilometri da Nuseirat.<\/p>\n<p>Quel fuoco \u00e8 stato analogamente attribuito a una candela che era stata accesa a causa di un&#8217;interruzione di corrente. L&#8217;incendio ha anche causato la morte di tre giovani fratelli.<\/p>\n<p>Il gruppo per i diritti umani con sede a Gaza Al Mezan ha documentato un modello di tali incidenti. Ha calcolato che 35 palestinesi, inclusi 28 bambini, sono morti in circostanze simili dal 2010.<\/p>\n<p>Il direttore di Al Mezan, Issam Younis, ha sottolineato che le interruzioni di corrente sono state una conseguenza regolare dell&#8217;assedio di Israele su Gaza. Le famiglie in condizioni di estrema povert\u00e0 sono particolarmente a rischio quando cercano di illuminare le loro case.<\/p>\n<p><em>&#8220;Se la crisi dell&#8217;elettricit\u00e0 continua, i problemi peggioreranno&#8221;,<\/em> ha detto Younis. <em>&#8220;E il numero delle vittime aumenter\u00e0&#8221;<\/em>.<\/p>\n<p><em>Ola Mousa \u00e8 un&#8217;artista e scrittrice di Gaza.<\/em><\/p>\n<p>&nbsp;<\/p>\n","protected":false},"excerpt":{"rendered":"<p>18 settembre 2020 https:\/\/electronicintifada.net\/content\/disaster-gazas-darkness\/31236 di Ola Mousa Ogni mattina, nelle ultime due settimane, Omar Huzeen si \u00e8 seduto fuori ci\u00f2 che resta della sua casa. Pensa costantemente all&#8217;incendio che ha ucciso tutti e tre i suoi figli. I tre bambini &hellip; <a href=\"https:\/\/reteitalianaism.it\/reteism\/index.php\/2020\/09\/18\/il-disastro-nelloscurita-di-gaza\/\">Continue reading <span class=\"meta-nav\">&rarr;<\/span><\/a><\/p>\n","protected":false},"author":6,"featured_media":0,"comment_status":"open","ping_status":"open","sticky":false,"template":"","format":"standard","meta":{"footnotes":""},"categories":[2,3],"tags":[156,25,165,37,157],"class_list":["post-13991","post","type-post","status-publish","format-standard","hentry","category-gaza-2","category-info","tag-assedio-di-gaza","tag-gaza","tag-gaza-sotto-assedio","tag-occupazione","tag-striscia-di-gaza"],"_links":{"self":[{"href":"https:\/\/reteitalianaism.it\/reteism\/index.php\/wp-json\/wp\/v2\/posts\/13991","targetHints":{"allow":["GET"]}}],"collection":[{"href":"https:\/\/reteitalianaism.it\/reteism\/index.php\/wp-json\/wp\/v2\/posts"}],"about":[{"href":"https:\/\/reteitalianaism.it\/reteism\/index.php\/wp-json\/wp\/v2\/types\/post"}],"author":[{"embeddable":true,"href":"https:\/\/reteitalianaism.it\/reteism\/index.php\/wp-json\/wp\/v2\/users\/6"}],"replies":[{"embeddable":true,"href":"https:\/\/reteitalianaism.it\/reteism\/index.php\/wp-json\/wp\/v2\/comments?post=13991"}],"version-history":[{"count":1,"href":"https:\/\/reteitalianaism.it\/reteism\/index.php\/wp-json\/wp\/v2\/posts\/13991\/revisions"}],"predecessor-version":[{"id":13993,"href":"https:\/\/reteitalianaism.it\/reteism\/index.php\/wp-json\/wp\/v2\/posts\/13991\/revisions\/13993"}],"wp:attachment":[{"href":"https:\/\/reteitalianaism.it\/reteism\/index.php\/wp-json\/wp\/v2\/media?parent=13991"}],"wp:term":[{"taxonomy":"category","embeddable":true,"href":"https:\/\/reteitalianaism.it\/reteism\/index.php\/wp-json\/wp\/v2\/categories?post=13991"},{"taxonomy":"post_tag","embeddable":true,"href":"https:\/\/reteitalianaism.it\/reteism\/index.php\/wp-json\/wp\/v2\/tags?post=13991"}],"curies":[{"name":"wp","href":"https:\/\/api.w.org\/{rel}","templated":true}]}}