{"id":14169,"date":"2020-10-29T12:11:18","date_gmt":"2020-10-29T11:11:18","guid":{"rendered":"http:\/\/reteitalianaism.it\/reteism\/?p=14169"},"modified":"2020-10-29T12:11:18","modified_gmt":"2020-10-29T11:11:18","slug":"4-prigionieri-palestinesi-in-sciopero-della-fame-nelle-carceri-israeliane","status":"publish","type":"post","link":"https:\/\/reteitalianaism.it\/reteism\/index.php\/2020\/10\/29\/4-prigionieri-palestinesi-in-sciopero-della-fame-nelle-carceri-israeliane\/","title":{"rendered":"4 prigionieri palestinesi in sciopero della fame nelle carceri israeliane"},"content":{"rendered":"<p><a href=\"https:\/\/www.middleeastmonitor.com\/20201029-4-palestinian-prisoners-on-hunger-strike-in-israel-jails\/\">https:\/\/www.middleeastmonitor.com\/<\/a><br \/>\n<strong>29 ottobre 2020<\/strong><br \/>\nTre prigionieri palestinesi sono in sciopero della fame insieme a Maher Al-Akhras, che si \u00e8 astenuto dal cibo per 95 giorni, per protestare contro le misure illegali israeliane contro di loro, ha riferito ieri la Palestine Prisoners \u2019Society (PPS).<\/p>\n<p><div id=\"attachment_14170\" style=\"width: 507px\" class=\"wp-caption aligncenter\"><a href=\"http:\/\/reteitalianaism.it\/reteism\/index.php\/2020\/10\/29\/4-prigionieri-palestinesi-in-sciopero-della-fame-nelle-carceri-israeliane\/20201018_2_44893241_58994533\/\" rel=\"attachment wp-att-14170\"><img loading=\"lazy\" decoding=\"async\" aria-describedby=\"caption-attachment-14170\" class=\" wp-image-14170\" src=\"http:\/\/reteitalianaism.it\/reteism\/wp-content\/uploads\/2020\/10\/20201018_2_44893241_58994533-300x200.jpg\" alt=\"\" width=\"497\" height=\"331\" srcset=\"https:\/\/reteitalianaism.it\/reteism\/wp-content\/uploads\/2020\/10\/20201018_2_44893241_58994533-300x200.jpg 300w, https:\/\/reteitalianaism.it\/reteism\/wp-content\/uploads\/2020\/10\/20201018_2_44893241_58994533-768x512.jpg 768w, https:\/\/reteitalianaism.it\/reteism\/wp-content\/uploads\/2020\/10\/20201018_2_44893241_58994533-1024x683.jpg 1024w, https:\/\/reteitalianaism.it\/reteism\/wp-content\/uploads\/2020\/10\/20201018_2_44893241_58994533.jpg 1200w\" sizes=\"auto, (max-width: 497px) 100vw, 497px\" \/><\/a><p id=\"caption-attachment-14170\" class=\"wp-caption-text\">Un dipinto murale mostra il prigioniero palestinese \u00a0Maher Al-Akhras, che ha fatto uno sciopero della fame per 84 giorni, rifiutando il cibo, al campo profughi di Nuseirat a Gaza City, Gaza, il 18 ottobre 2020. [Mustafa Hassona &#8211; Agenzia Anadolu]<\/p><\/div>Il PPS ha affermato che Al-Akhras sta affrontando un pericoloso deterioramento della sua salute, rilevando che l&#8217;occupazione israeliana non sta rispondendo alla sua richiesta di porre fine alla sua detenzione amministrativa, cio\u00e8 prigione senza accusa o processo.<\/p>\n<p>L&#8217;avvocato di Maher, Ahlam Haddad, ha detto di aver presentato un appello marted\u00ec alla Corte Suprema israeliana a Gerusalemme, chiedendo l&#8217;immediato rilascio del suo cliente e il trasporto in un ospedale nella Cisgiordania occupata.<!--more--><\/p>\n<p>Al-Akhras ha rifiutato di sottoporsi a qualsiasi controllo sanitario nel suo 95 \u00b0 giorno consecutivo senza cibo. Allo stesso tempo, non sono disponibili referti medici sulle condizioni dei suoi organi vitali, ha detto il PPS.<\/p>\n<p>Parlando con Anadolu, la moglie di Maher, Taghreed Al-Akhras, ha detto che le sue condizioni erano sempre pi\u00f9 in pericolo, soffriva di gravi crampi al petto, aggiungendo che stava perdendo l&#8217;equilibrio e la capacit\u00e0 di parlare insieme alla pressione nelle orecchie.<\/p>\n<p>&#8220;Qualche giorno fa, un gruppo di coloni estremisti nei corridoi dell&#8217;ospedale ci ha aggrediti con commenti razzisti: io, la madre di Maher e i miei figli. Ci hanno minacciati in modo aggressivo &#8220;, ha aggiunto.<\/p>\n<p>Da allora altri tre prigionieri hanno avviato uno sciopero della fame; Mohammed Al-Zagheer che \u00e8 in sciopero da 11 giorni, Mahmoud Al-Saadi che \u00e8 il dodicesimo giorno della sua protesta e Basil Al-Rimawi che \u00e8 entrato nel decimo giorno del suo sciopero, ha detto il PPS, sottolineando che i tre scioperanti della fame sono detenuti nella prigione di Al-Naqab.<\/p>\n<p>Al-Akhras, 49 anni, padre di sei figli di Jenin, \u00e8 stato incarcerato dal 27 luglio. Al-Zagheer, trentatr\u00e9 anni, di Hebron, \u00e8 in prigione dal 19 aprile. \u00c8 padre di tre figli.<\/p>\n<p>Al-Saadi, 40 anni, di Jenin, \u00e8 in prigione dal 20 maggio. \u00c8 padre di otto figli. Soffre di dolori ai reni. Al-Rimawi, 24 anni, di Ramallah, \u00e8 in detenzione da febbraio.<\/p>\n","protected":false},"excerpt":{"rendered":"<p>https:\/\/www.middleeastmonitor.com\/ 29 ottobre 2020 Tre prigionieri palestinesi sono in sciopero della fame insieme a Maher Al-Akhras, che si \u00e8 astenuto dal cibo per 95 giorni, per protestare contro le misure illegali israeliane contro di loro, ha riferito ieri la Palestine &hellip; <a href=\"https:\/\/reteitalianaism.it\/reteism\/index.php\/2020\/10\/29\/4-prigionieri-palestinesi-in-sciopero-della-fame-nelle-carceri-israeliane\/\">Continue reading <span class=\"meta-nav\">&rarr;<\/span><\/a><\/p>\n","protected":false},"author":2,"featured_media":0,"comment_status":"open","ping_status":"open","sticky":false,"template":"","format":"standard","meta":{"footnotes":""},"categories":[3,67],"tags":[22,37,150],"class_list":["post-14169","post","type-post","status-publish","format-standard","hentry","category-info","category-prigionieri","tag-diritti-prigionieri","tag-occupazione","tag-violenza-dellesercito"],"_links":{"self":[{"href":"https:\/\/reteitalianaism.it\/reteism\/index.php\/wp-json\/wp\/v2\/posts\/14169","targetHints":{"allow":["GET"]}}],"collection":[{"href":"https:\/\/reteitalianaism.it\/reteism\/index.php\/wp-json\/wp\/v2\/posts"}],"about":[{"href":"https:\/\/reteitalianaism.it\/reteism\/index.php\/wp-json\/wp\/v2\/types\/post"}],"author":[{"embeddable":true,"href":"https:\/\/reteitalianaism.it\/reteism\/index.php\/wp-json\/wp\/v2\/users\/2"}],"replies":[{"embeddable":true,"href":"https:\/\/reteitalianaism.it\/reteism\/index.php\/wp-json\/wp\/v2\/comments?post=14169"}],"version-history":[{"count":2,"href":"https:\/\/reteitalianaism.it\/reteism\/index.php\/wp-json\/wp\/v2\/posts\/14169\/revisions"}],"predecessor-version":[{"id":14172,"href":"https:\/\/reteitalianaism.it\/reteism\/index.php\/wp-json\/wp\/v2\/posts\/14169\/revisions\/14172"}],"wp:attachment":[{"href":"https:\/\/reteitalianaism.it\/reteism\/index.php\/wp-json\/wp\/v2\/media?parent=14169"}],"wp:term":[{"taxonomy":"category","embeddable":true,"href":"https:\/\/reteitalianaism.it\/reteism\/index.php\/wp-json\/wp\/v2\/categories?post=14169"},{"taxonomy":"post_tag","embeddable":true,"href":"https:\/\/reteitalianaism.it\/reteism\/index.php\/wp-json\/wp\/v2\/tags?post=14169"}],"curies":[{"name":"wp","href":"https:\/\/api.w.org\/{rel}","templated":true}]}}