{"id":14262,"date":"2020-11-15T11:46:21","date_gmt":"2020-11-15T10:46:21","guid":{"rendered":"http:\/\/reteitalianaism.it\/reteism\/?p=14262"},"modified":"2020-11-18T21:34:03","modified_gmt":"2020-11-18T20:34:03","slug":"raccolta-delle-olive-in-palestina-i-contadini-sotto-assedio","status":"publish","type":"post","link":"https:\/\/reteitalianaism.it\/reteism\/index.php\/2020\/11\/15\/raccolta-delle-olive-in-palestina-i-contadini-sotto-assedio\/","title":{"rendered":"Raccolta delle olive in Palestina: i contadini sotto assedio"},"content":{"rendered":"<p>13 novembre 2020 | di <a href=\"https:\/\/mondoweiss.net\/author\/yumnapatel\/\">Yumna Patel<\/a><\/p>\n<p><a href=\"https:\/\/mondoweiss.net\/2020\/11\/palestines-olive-harvest-farmers-under-attack\/\">https:\/\/mondoweiss.net\/2020\/11\/palestines-olive-harvest-farmers-under-attack\/<\/a><\/p>\n<p><em>I coloni israeliani nel distretto di Nablus sono notoriamente violenti e vengono regolarmente registrati attacchi da parte loro ai palestinesi e alle loro propriet\u00e0 durante tutto l&#8217;anno. Ma una volta arrivato il tempo della raccolta delle olive ogni anno, i coloni si concentrano in genere sugli agricoltori palestinesi e sui loro ulivi.<\/em><\/p>\n<p><iframe loading=\"lazy\" title=\"Palestine&#039;s Olive Harvest: Farmers Under Attack\" width=\"640\" height=\"360\" src=\"https:\/\/www.youtube.com\/embed\/_erZKKUq2hU?feature=oembed\" frameborder=\"0\" allow=\"accelerometer; autoplay; clipboard-write; encrypted-media; gyroscope; picture-in-picture; web-share\" referrerpolicy=\"strict-origin-when-cross-origin\" allowfullscreen><\/iframe><\/p>\n<p>La raccolta delle olive palestinesi \u00e8 un rituale sacro amato dai palestinesi di ogni estrazione sociale.<\/p>\n<p>Ma ogni anno, la bellezza della raccolta delle olive \u00e8 inevitabilmente rovinata dalla violenza e dallo spargimento di sangue mentre i coloni israeliani intraprendono feroci attacchi contro i contadini palestinesi nella Cisgiordania occupata.<\/p>\n<p>Siamo andati nel distretto di Nablus nel nord della Cisgiordania occupata, che ospita dozzine di villaggi rurali palestinesi, come la citt\u00e0 di Burin, che \u00e8 circondata da una serie di insediamenti israeliani illegali.<!--more--><\/p>\n<p>I coloni israeliani nel distretto di Nablus sono notoriamente violenti e vengono regolarmente registrati attacchi da parte loro ai palestinesi e alle loro propriet\u00e0 durante tutto l&#8217;anno. Ma una volta arrivato il tempo della raccolta delle olive ogni anno, i coloni si concentrano in genere sugli agricoltori palestinesi e sui loro ulivi.<\/p>\n<p><em>&#8220;I coloni tengono d&#8217;occhio i contadini [palestinesi] quando sono soli, stanno all&#8217;erta cos\u00ec possono andare a rubare i raccolti [dei contadini]&#8221;<\/em>, ha detto a Mondoweiss l&#8217;attivista locale Ayman Gharib.<\/p>\n<p><em>&#8220;\u00c8 una tragedia. Per tutto l&#8217;anno l&#8217;agricoltore prepara i suoi raccolti, annaffia i suoi alberi e si prende cura di loro. Fa tutto questo lavoro e alla fine un colono viene qui comodamente, ruba le olive, fugge e torna all&#8217;insediamento&#8221;<\/em>, ha detto Gharib, indicando la cima della collina alla periferia di Burin, dove si trova un insediamento illegale.<\/p>\n<p><em>&#8220;I coloni sono sempre armati e sempre protetti dall&#8217;esercito&#8221;,<\/em> ha detto.<\/p>\n<p>Dopo anni passati a testimoniare la violenza dei coloni nelle loro citt\u00e0, Gharib e altri attivisti hanno deciso di formare un gruppo di volontari sotto il nome di <em>&#8220;Faz3a&#8221;<\/em>, che accompagna gli olivicoltori palestinesi nelle loro terre per aiutarli a raccogliere le olive e difenderli nel caso di attacchi di coloni.<\/p>\n<p><em>\u201cDifenderemo ogni granello di terreno su queste montagne. Raggiungeremo questi ulivi e raggiungeremo tutti gli ulivi in \u200b\u200bPalestina&#8221;<\/em>, ha detto Gharib. <em>&#8220;E raccoglieremo ogni oliva e la daremo agli agricoltori&#8221;<\/em>.<\/p>\n<p><em>\u201cCi difenderemo con tutte le nostre forze. Siamo pronti. Come popolo palestinese, siamo pronti a pagare il prezzo: da essere arrestati, ad essere colpiti da colpi di arma da fuoco, gas lacrimogeni, a tutte le forme di repressione, distruzione e terrorismo. Siamo abituati&#8221;<\/em>, ha detto Gharib.<\/p>\n<p>Pochi giorni dopo l&#8217;inizio della raccolta delle olive quest&#8217;anno, il gruppo Faz3a \u00e8 stato chiamato sul luogo di un violento attacco contro un gruppo di agricoltori palestinesi nella vicina citt\u00e0 di Huwwara.<\/p>\n<p>Ci siamo recati sul luogo dell&#8217;attacco, dove un gruppo di gente del posto stava raccogliendo le olive. Ci hanno detto di non avvicinarci di pi\u00f9 a quella collina per paura che i coloni scendessero e li attaccassero di nuovo.<\/p>\n<p>Solo un giorno prima, dopo che un gruppo di contadini palestinesi era venuto a raccogliere le loro olive, un gruppo di coloni israeliani armati era sceso dalla collina ed aveva iniziato subito ad attaccare i contadini e bruciare i loro raccolti.<\/p>\n<p><em>&#8220;All&#8217;inizio c&#8217;erano 20 di loro [coloni], poi sono diventati 30, e poi 40&#8221;<\/em>, ha detto a Mondoweiss fuori da casa sua Sabe \u2019Odeh, vittima dell&#8217;attacco dei coloni a Huwwara.<\/p>\n<p><em>\u201cI soldati delle forze di occupazione mi stavano sparando. Ci hanno sparato lacrimogeni, bombe sonore. Ci hanno sparato [addosso] perch\u00e9 abbiamo detto loro &#8216;non lasciate che i coloni ci lancino le pietre&#8217;. Perch\u00e9 ci lanciavano le pietre?<\/em>&#8221; si chiedeva.<\/p>\n<p>Indicando lo schermo del suo telefono mentre scorreva i video dell&#8217;attacco, Odeh ci ha indicato i coloni mascherati mentre sollevavano un&#8217;enorme roccia, pochi istanti prima di lanciargliela.<\/p>\n<p><em>&#8220;La roccia pesava pi\u00f9 di 5 o 6 chili. Loro [i coloni] mi stavano colpendo con quella pietra mentre ero a terra&#8221;<\/em>, ha detto.<\/p>\n<p><em>&#8220;Ho una ferita qui&#8221;<\/em>, ha detto, indicando il suo braccio. <em>\u201cHo una ferita alla gamba, una all&#8217;avambraccio, una sulla mano, sulla schiena e sulla testa&#8221;<\/em>.<\/p>\n<p><em>&#8220;La mia unica colpa era di voler andare nella mia terra, la terra che un tempo mio padre e mio nonno coltivavano&#8221;<\/em>, ha detto Odeh.<\/p>\n<p>I gruppi per la difesa dei diritti dicono che i coloni israeliani sono motivati \u200b\u200bda cause ultranazionaliste e di destra e credono di avere il diritto di rivendicare la terra della Cisgiordania con tutti i mezzi, inclusa la violenza.<\/p>\n<p>Il pi\u00f9 delle volte, i coloni sono armati e operano sotto la piena protezione dell&#8217;esercito israeliano,<\/p>\n<p><em>&#8220;L&#8217;esercito israeliano di occupazione, sfortunatamente, \u00e8 quello che d\u00e0 loro [i coloni] il via libera per attaccarci, picchiarci e distruggerci, anche fino alla morte&#8221;<\/em>, ha detto Odeh a Mondoweiss.<\/p>\n<p><em>\u201cIeri [i coloni] mi hanno attaccato. Solo Dio mi ha salvato dalle loro mani. Altrimenti mi avrebbero ucciso.&#8221;<\/em><\/p>\n<p><em>&#8220;Non siamo criminali&#8221;<\/em>, ha continuato Odeh. <em>\u201cVogliamo solo andare a raccogliere le nostre olive. Raccogliamo le olive per i nostri figli. Questo \u00e8 ci\u00f2 che accade ogni giorno in Palestina su tutta la terra del popolo palestinese&#8221;.<\/em><\/p>\n<p>Nonostante la costante minaccia di violenza che affrontano in Palestina, gli agricoltori e gli attivisti dicono che non c&#8217;\u00e8 niente al mondo, nemmeno la possibilit\u00e0 della morte, che possa impedire loro di raccogliere le olive o impedire loro di mantenere viva la tradizione della raccolta delle olive palestinesi .<\/p>\n<p><em>\u201cSiamo pronti per tutti gli scenari della vita. Siamo su questa terra e non la lasceremo. Restiamo su questa terra, non cambiamo, non la scambieremo con nulla&#8221;<\/em>. Gharib ha detto a Mondoweiss.<\/p>\n<p><em>&#8220;Ogni generazione che cresce [qui] sa che questa \u00e8 la sua terra, questa \u00e8 la nostra casa, questa \u00e8 la nostra terra, dai tempi dei nostri antenati.&#8221;<\/em><\/p>\n<p>Ode ha detto a Mondoweiss che il suo messaggio al mondo \u00e8 <em>&#8220;se non accettate l&#8217;oppressione per voi stessi, non dovreste accettarla neanche per me&#8221;<\/em>.<\/p>\n","protected":false},"excerpt":{"rendered":"<p>13 novembre 2020 | di Yumna Patel https:\/\/mondoweiss.net\/2020\/11\/palestines-olive-harvest-farmers-under-attack\/ I coloni israeliani nel distretto di Nablus sono notoriamente violenti e vengono regolarmente registrati attacchi da parte loro ai palestinesi e alle loro propriet\u00e0 durante tutto l&#8217;anno. Ma una volta arrivato il &hellip; <a href=\"https:\/\/reteitalianaism.it\/reteism\/index.php\/2020\/11\/15\/raccolta-delle-olive-in-palestina-i-contadini-sotto-assedio\/\">Continue reading <span class=\"meta-nav\">&rarr;<\/span><\/a><\/p>\n","protected":false},"author":6,"featured_media":0,"comment_status":"open","ping_status":"open","sticky":false,"template":"","format":"standard","meta":{"footnotes":""},"categories":[3],"tags":[158,34,37,159,50,292,53,155],"class_list":["post-14262","post","type-post","status-publish","format-standard","hentry","category-info","tag-campagna-delle-olive","tag-nablus","tag-occupazione","tag-raccolta-delle-olive","tag-violenza-dei-coloni","tag-violenza-delle-iof","tag-west-bank","tag-west-bank-occupata"],"_links":{"self":[{"href":"https:\/\/reteitalianaism.it\/reteism\/index.php\/wp-json\/wp\/v2\/posts\/14262","targetHints":{"allow":["GET"]}}],"collection":[{"href":"https:\/\/reteitalianaism.it\/reteism\/index.php\/wp-json\/wp\/v2\/posts"}],"about":[{"href":"https:\/\/reteitalianaism.it\/reteism\/index.php\/wp-json\/wp\/v2\/types\/post"}],"author":[{"embeddable":true,"href":"https:\/\/reteitalianaism.it\/reteism\/index.php\/wp-json\/wp\/v2\/users\/6"}],"replies":[{"embeddable":true,"href":"https:\/\/reteitalianaism.it\/reteism\/index.php\/wp-json\/wp\/v2\/comments?post=14262"}],"version-history":[{"count":1,"href":"https:\/\/reteitalianaism.it\/reteism\/index.php\/wp-json\/wp\/v2\/posts\/14262\/revisions"}],"predecessor-version":[{"id":14263,"href":"https:\/\/reteitalianaism.it\/reteism\/index.php\/wp-json\/wp\/v2\/posts\/14262\/revisions\/14263"}],"wp:attachment":[{"href":"https:\/\/reteitalianaism.it\/reteism\/index.php\/wp-json\/wp\/v2\/media?parent=14262"}],"wp:term":[{"taxonomy":"category","embeddable":true,"href":"https:\/\/reteitalianaism.it\/reteism\/index.php\/wp-json\/wp\/v2\/categories?post=14262"},{"taxonomy":"post_tag","embeddable":true,"href":"https:\/\/reteitalianaism.it\/reteism\/index.php\/wp-json\/wp\/v2\/tags?post=14262"}],"curies":[{"name":"wp","href":"https:\/\/api.w.org\/{rel}","templated":true}]}}