{"id":14349,"date":"2020-12-03T10:30:52","date_gmt":"2020-12-03T09:30:52","guid":{"rendered":"http:\/\/reteitalianaism.it\/reteism\/?p=14349"},"modified":"2020-12-03T10:38:16","modified_gmt":"2020-12-03T09:38:16","slug":"la-germania-includera-israele-nel-programma-di-vaccini-dellue-ma-non-i-palestinesi","status":"publish","type":"post","link":"https:\/\/reteitalianaism.it\/reteism\/index.php\/2020\/12\/03\/la-germania-includera-israele-nel-programma-di-vaccini-dellue-ma-non-i-palestinesi\/","title":{"rendered":"La Germania includer\u00e0 Israele nel programma di vaccini dell&#8217;UE, ma non i palestinesi"},"content":{"rendered":"<p>02 dicembre 2020<\/p>\n<p><a href=\"https:\/\/www.trtworld.com\/magazine\/germany-will-include-israel-in-eu-vaccine-programme-but-not-palestinians-41972\/amp?__twitter_impression=true&amp;s=04&amp;fbclid=IwAR2Q0GvCt9xP3S2gYvUAGyNEmdodFiBVCmCY3JHbpDvuXbO_7EUHepNqAAA\">https:\/\/www.trtworld.com<\/a><\/p>\n<div id=\"attachment_14350\" style=\"width: 500px\" class=\"wp-caption aligncenter\"><a href=\"http:\/\/reteitalianaism.it\/reteism\/wp-content\/uploads\/2020\/12\/93542_000_7Z27K_1606835074755.jpg\"><img loading=\"lazy\" decoding=\"async\" aria-describedby=\"caption-attachment-14350\" class=\" wp-image-14350\" src=\"http:\/\/reteitalianaism.it\/reteism\/wp-content\/uploads\/2020\/12\/93542_000_7Z27K_1606835074755-300x169.jpg\" alt=\"\" width=\"490\" height=\"276\" srcset=\"https:\/\/reteitalianaism.it\/reteism\/wp-content\/uploads\/2020\/12\/93542_000_7Z27K_1606835074755-300x169.jpg 300w, https:\/\/reteitalianaism.it\/reteism\/wp-content\/uploads\/2020\/12\/93542_000_7Z27K_1606835074755-768x432.jpg 768w, https:\/\/reteitalianaism.it\/reteism\/wp-content\/uploads\/2020\/12\/93542_000_7Z27K_1606835074755.jpg 960w\" sizes=\"auto, (max-width: 490px) 100vw, 490px\" \/><\/a><p id=\"caption-attachment-14350\" class=\"wp-caption-text\">Bandiere israeliane, tedesche e dell&#8217;UE. (AFP)<\/p><\/div>\n<p>Secondo recenti rapporti dei media israeliani, la Germania ha promesso di includere il paese nell&#8217;accordo di vaccinazione contro il coronavirus dell&#8217;UE che \u00e8 stato fatto con grandi aziende farmaceutiche.<\/p>\n<p>La promessa \u00e8 stata fatta dal ministro degli Esteri tedesco Heiko Maas e dal ministro della Salute Jens Spahn al ministro degli Esteri israeliano Gabi Ashkenazi come proseguimento della &#8220;relazione speciale&#8221; del paese, a causa dell&#8217;Olocausto.<\/p>\n<p>La Germania &#8211; ampiamente considerata nell&#8217;UE come il paese che applica pi\u00f9 rigorosamente delle regole del blocco &#8211; questa volta apparentemente ha piegato le regole per garantire che un vaccino prodotto dall&#8217;UE fosse somministrato per primo ai paesi europei e ad Israele. Il territorio palestinese di Gaza, tuttavia, potrebbe non essere cos\u00ec fortunato. <!--more--><\/p>\n<p>Il virus nel territorio sotto assedio israeliano, che \u00e8 anche densamente popolato, ha raggiunto uno &#8220;stadio catastrofico&#8221;. Gaza soffriva gi\u00e0 di una carenza di attrezzature mediche dopo oltre un decennio di un assedio mortale da parte di Israele, che aveva lasciato gli ospedali senza le attrezzature necessarie per far fronte a una pandemia.<\/p>\n<p>Le suppliche dei medici palestinesi a Gaza, che comunicavano che il sistema sanitario \u00e8 sull&#8217;orlo del collasso, sono rimaste in gran parte inascoltate e l&#8217;accordo Berlino-Tel Aviv non fa alcun riferimento ai palestinesi. Non ci sono stati impegni presi dalla Germania nei confronti dei palestinesi che sono attualmente sotto un&#8217;occupazione israeliana che ha ragioni storiche che possono essere strettamente legate alle azioni della Germania.<\/p>\n<p>Dopo l&#8217;Olocausto per mano della Germania nazista, che uccise sistematicamente undici milioni di persone, sei milioni delle quali erano ebrei e il resto erano polacchi, rom, slavi e altri dissidenti politici, la Germania ha spesso cercato di aiutare Israele.<br \/>\nNel 2015, la Germania ha venduto a Israele quattro navi da guerra con uno sconto significativo come parte di ci\u00f2 che considera un&#8217;espiazione.<\/p>\n<p>Un diplomatico israeliano a Berlino ha dichiarato: &#8220;La Germania vede Israele come parte dell&#8217;Europa in termini di fornitura del vaccino e quindi sar\u00e0 autorizzato a trasmettere il vaccino per l&#8217;uso in Israele quando sar\u00e0 approvato&#8221;.<\/p>\n<p>Ad oggi Israele ha riportato pi\u00f9 di 337.000.000 casi di coronavirus e quasi 3.000 morti. I palestinesi, d&#8217;altra parte, hanno visto le infezioni da coronavirus avvicinarsi alla soglia dei 100.000 e pi\u00f9 di 770 morti.<\/p>\n<p>Nell&#8217;agosto di quest&#8217;anno, l&#8217;UE ha firmato un accordo con la societ\u00e0 farmaceutica AstraZeneca per la fornitura di 400 milioni di vaccini, dei quali ora potr\u00e0 usufruire anche Israele.<\/p>\n<p>I palestinesi, tuttavia, ad oggi dovranno probabilmente aspettare una volta che ci sar\u00e0 un lancio pi\u00f9 generale del vaccino. Il ministro degli Esteri israeliano ha affermato che l&#8217;accesso anticipato di Israele al vaccino &#8220;consentir\u00e0 all&#8217;economia di tornare alla piena attivit\u00e0 in Israele&#8221;.<\/p>\n<p>Pi\u00f9 dell&#8217;80% dei vaccini Covid-19 \u00e8 stato acquistato da paesi pi\u00f9 ricchi come Stati Uniti, Canada, Gran Bretagna e Unione Europea, che hanno gi\u00e0 preordinato gran parte della fornitura iniziale del vaccino, lasciando i paesi pi\u00f9 poveri potenzialmente in attesa di anni per raggiungerli.<\/p>\n","protected":false},"excerpt":{"rendered":"<p>02 dicembre 2020 https:\/\/www.trtworld.com Secondo recenti rapporti dei media israeliani, la Germania ha promesso di includere il paese nell&#8217;accordo di vaccinazione contro il coronavirus dell&#8217;UE che \u00e8 stato fatto con grandi aziende farmaceutiche. La promessa \u00e8 stata fatta dal ministro &hellip; <a href=\"https:\/\/reteitalianaism.it\/reteism\/index.php\/2020\/12\/03\/la-germania-includera-israele-nel-programma-di-vaccini-dellue-ma-non-i-palestinesi\/\">Continue reading <span class=\"meta-nav\">&rarr;<\/span><\/a><\/p>\n","protected":false},"author":6,"featured_media":0,"comment_status":"open","ping_status":"open","sticky":false,"template":"","format":"standard","meta":{"footnotes":""},"categories":[3],"tags":[9,138],"class_list":["post-14349","post","type-post","status-publish","format-standard","hentry","category-info","tag-apartheid","tag-violazioni-del-diritto-internazionale"],"_links":{"self":[{"href":"https:\/\/reteitalianaism.it\/reteism\/index.php\/wp-json\/wp\/v2\/posts\/14349","targetHints":{"allow":["GET"]}}],"collection":[{"href":"https:\/\/reteitalianaism.it\/reteism\/index.php\/wp-json\/wp\/v2\/posts"}],"about":[{"href":"https:\/\/reteitalianaism.it\/reteism\/index.php\/wp-json\/wp\/v2\/types\/post"}],"author":[{"embeddable":true,"href":"https:\/\/reteitalianaism.it\/reteism\/index.php\/wp-json\/wp\/v2\/users\/6"}],"replies":[{"embeddable":true,"href":"https:\/\/reteitalianaism.it\/reteism\/index.php\/wp-json\/wp\/v2\/comments?post=14349"}],"version-history":[{"count":4,"href":"https:\/\/reteitalianaism.it\/reteism\/index.php\/wp-json\/wp\/v2\/posts\/14349\/revisions"}],"predecessor-version":[{"id":14354,"href":"https:\/\/reteitalianaism.it\/reteism\/index.php\/wp-json\/wp\/v2\/posts\/14349\/revisions\/14354"}],"wp:attachment":[{"href":"https:\/\/reteitalianaism.it\/reteism\/index.php\/wp-json\/wp\/v2\/media?parent=14349"}],"wp:term":[{"taxonomy":"category","embeddable":true,"href":"https:\/\/reteitalianaism.it\/reteism\/index.php\/wp-json\/wp\/v2\/categories?post=14349"},{"taxonomy":"post_tag","embeddable":true,"href":"https:\/\/reteitalianaism.it\/reteism\/index.php\/wp-json\/wp\/v2\/tags?post=14349"}],"curies":[{"name":"wp","href":"https:\/\/api.w.org\/{rel}","templated":true}]}}