{"id":14546,"date":"2020-12-26T21:57:03","date_gmt":"2020-12-26T20:57:03","guid":{"rendered":"http:\/\/reteitalianaism.it\/reteism\/?p=14546"},"modified":"2020-12-26T21:57:03","modified_gmt":"2020-12-26T20:57:03","slug":"attacchi-aerei-israeliani-causano-feriti-e-danni-nella-striscia-di-gaza","status":"publish","type":"post","link":"https:\/\/reteitalianaism.it\/reteism\/index.php\/2020\/12\/26\/attacchi-aerei-israeliani-causano-feriti-e-danni-nella-striscia-di-gaza\/","title":{"rendered":"Attacchi aerei israeliani causano feriti e danni nella Striscia di Gaza"},"content":{"rendered":"<p><a href=\"https:\/\/www.aljazeera.com\/news\/2020\/12\/26\/israeli-air-attacks-gaza-injuries?fbclid=IwAR3dKpYiqv2E42HsnB42w2ZNQvcomGVInLI4AV7DcLzKKwbKV3k7d1_mjQ4\">https:\/\/www.aljazeera.com\/<\/a><\/p>\n<p><strong>26 dicembre 2020<\/strong><\/p>\n<p style=\"text-align: justify;\">Almeno due palestinesi sono rimasti feriti in quello che Israele ha definito un attacco di rappresaglia alle posizioni di Hamas nella Striscia di Gaza.<\/p>\n<div id=\"attachment_14547\" style=\"width: 505px\" class=\"wp-caption aligncenter\"><a href=\"http:\/\/reteitalianaism.it\/reteism\/index.php\/2020\/12\/26\/attacchi-aerei-israeliani-causano-feriti-e-danni-nella-striscia-di-gaza\/1a3e110f10a54291b84ba67a7bc2ccfe_18\/\" rel=\"attachment wp-att-14547\"><img loading=\"lazy\" decoding=\"async\" aria-describedby=\"caption-attachment-14547\" class=\" wp-image-14547\" src=\"http:\/\/reteitalianaism.it\/reteism\/wp-content\/uploads\/2020\/12\/1a3e110f10a54291b84ba67a7bc2ccfe_18-300x200.jpeg\" alt=\"\" width=\"495\" height=\"330\" srcset=\"https:\/\/reteitalianaism.it\/reteism\/wp-content\/uploads\/2020\/12\/1a3e110f10a54291b84ba67a7bc2ccfe_18-300x200.jpeg 300w, https:\/\/reteitalianaism.it\/reteism\/wp-content\/uploads\/2020\/12\/1a3e110f10a54291b84ba67a7bc2ccfe_18-768x512.jpeg 768w, https:\/\/reteitalianaism.it\/reteism\/wp-content\/uploads\/2020\/12\/1a3e110f10a54291b84ba67a7bc2ccfe_18.jpeg 770w\" sizes=\"auto, (max-width: 495px) 100vw, 495px\" \/><\/a><p id=\"caption-attachment-14547\" class=\"wp-caption-text\">Nessun gruppo palestinese a Gaza ha rivendicato la responsabilit\u00e0 del lancio di razzi, che ha rotto mesi di relativa calma [File: Ashraf Amra \/ Anadolu]\u00a0<\/p><\/div>\n<p style=\"text-align: justify;\">L&#8217;esercito israeliano ha effettuato raid aerei contro le posizioni di Hamas nella Striscia di Gaza assediata, ferendo due persone e provocando danni, hanno riferito i media palestinesi.<\/p>\n<p style=\"text-align: justify;\">Secondo l&#8217;agenzia di stampa palestinese ufficiale Wafa, gli aerei da guerra israeliani hanno lanciato una serie di missili sabato nelle parti orientale, nord-occidentale e centrale della Striscia di Gaza, compresi i terreni agricoli aperti, ferendo una bambina di sei anni e un uomo sulla ventina.<!--more--><\/p>\n<p style=\"text-align: justify;\">Gli attacchi hanno provocato interruzioni di corrente nelle parti orientali e causato alcuni danni a un ospedale per bambini, un centro per disabili, e hanno frantumato le finestre di alcuni edifici residenziali, secondo i rapporti.<a href=\"http:\/\/reteitalianaism.it\/reteism\/index.php\/2020\/12\/26\/attacchi-aerei-israeliani-causano-feriti-e-danni-nella-striscia-di-gaza\/133615011_10158369106184145_4757571728744646398_o\/\" rel=\"attachment wp-att-14548\"><img loading=\"lazy\" decoding=\"async\" class=\"aligncenter  wp-image-14548\" src=\"http:\/\/reteitalianaism.it\/reteism\/wp-content\/uploads\/2020\/12\/133615011_10158369106184145_4757571728744646398_o-300x169.jpg\" alt=\"\" width=\"479\" height=\"270\" srcset=\"https:\/\/reteitalianaism.it\/reteism\/wp-content\/uploads\/2020\/12\/133615011_10158369106184145_4757571728744646398_o-300x169.jpg 300w, https:\/\/reteitalianaism.it\/reteism\/wp-content\/uploads\/2020\/12\/133615011_10158369106184145_4757571728744646398_o.jpg 600w\" sizes=\"auto, (max-width: 479px) 100vw, 479px\" \/><\/a><\/p>\n<p style=\"text-align: justify;\">Tuttavia, il portavoce dell&#8217;esercito israeliano Avichay Adraee ha detto su Twitter che i raid hanno colpito un sito di produzione di razzi e una postazione militare appartenente ad Hamas &#8211; il gruppo che governa la Striscia di Gaza &#8211; aggiungendo che l&#8217;attacco era stato effettuato in risposta al lancio di razzi da Gaza.<\/p>\n<p style=\"text-align: justify;\">\u00a0Secondo l&#8217;esercito, venerd\u00ec sera un razzo \u00e8 stato lanciato contro Israele dalla Striscia di Gaza, poco dopo che le sirene di allarme hanno suonato nella citt\u00e0 israeliana meridionale di Ashkelon.<\/p>\n<p style=\"text-align: justify;\">I media israeliani hanno detto che il proiettile \u00e8 stato intercettato dal sistema di difesa aerea antimissile Iron Dome dell&#8217;esercito. Nessun gruppo palestinese a Gaza ha rivendicato la responsabilit\u00e0 per il lancio di razzi, che ha rotto mesi di relativa calma, ma Israele ritiene Hamas responsabile di tutti gli attacchi provenienti da Gaza, compresi quelli rivendicati da altri gruppi di combattenti con sede nell&#8217;enclave.<\/p>\n<p style=\"text-align: justify;\">La Striscia di Gaza, impoverita e densamente popolata, \u00e8 stata oggetto di un paralizzante blocco israeliano dal 2007, dopo che Hamas ha preso il controllo dell&#8217;enclave costiera.<\/p>\n<p style=\"text-align: justify;\">Hamas e Israele hanno raggiunto un accordo alla fine di settembre per cessare le ostilit\u00e0, sebbene gli attacchi siano continuati. Il cessate il fuoco ha seguito un&#8217;ondata mortale di violenza e ha visto Israele consentire nuovi progetti di sviluppo, tra cui una zona industriale e un ospedale. Hamas ha accusato Israele di non rispettare completamente l&#8217;accordo. Israele, che considera Hamas un&#8217;organizzazione &#8220;terrorista&#8221;, rifugge i negoziati diretti e non ha mai riconosciuto pubblicamente la tregua. Israele ha lanciato tre offensive contro la Striscia di Gaza dal 2008 e ci sono stati numerosi scoppi di violenza.<\/p>\n","protected":false},"excerpt":{"rendered":"<p>https:\/\/www.aljazeera.com\/ 26 dicembre 2020 Almeno due palestinesi sono rimasti feriti in quello che Israele ha definito un attacco di rappresaglia alle posizioni di Hamas nella Striscia di Gaza. L&#8217;esercito israeliano ha effettuato raid aerei contro le posizioni di Hamas nella &hellip; <a href=\"https:\/\/reteitalianaism.it\/reteism\/index.php\/2020\/12\/26\/attacchi-aerei-israeliani-causano-feriti-e-danni-nella-striscia-di-gaza\/\">Continue reading <span class=\"meta-nav\">&rarr;<\/span><\/a><\/p>\n","protected":false},"author":2,"featured_media":0,"comment_status":"open","ping_status":"open","sticky":false,"template":"","format":"standard","meta":{"footnotes":""},"categories":[2,3],"tags":[14,165,51],"class_list":["post-14546","post","type-post","status-publish","format-standard","hentry","category-gaza-2","category-info","tag-bombardamento","tag-gaza-sotto-assedio","tag-violenza-sui-minori"],"_links":{"self":[{"href":"https:\/\/reteitalianaism.it\/reteism\/index.php\/wp-json\/wp\/v2\/posts\/14546","targetHints":{"allow":["GET"]}}],"collection":[{"href":"https:\/\/reteitalianaism.it\/reteism\/index.php\/wp-json\/wp\/v2\/posts"}],"about":[{"href":"https:\/\/reteitalianaism.it\/reteism\/index.php\/wp-json\/wp\/v2\/types\/post"}],"author":[{"embeddable":true,"href":"https:\/\/reteitalianaism.it\/reteism\/index.php\/wp-json\/wp\/v2\/users\/2"}],"replies":[{"embeddable":true,"href":"https:\/\/reteitalianaism.it\/reteism\/index.php\/wp-json\/wp\/v2\/comments?post=14546"}],"version-history":[{"count":2,"href":"https:\/\/reteitalianaism.it\/reteism\/index.php\/wp-json\/wp\/v2\/posts\/14546\/revisions"}],"predecessor-version":[{"id":14551,"href":"https:\/\/reteitalianaism.it\/reteism\/index.php\/wp-json\/wp\/v2\/posts\/14546\/revisions\/14551"}],"wp:attachment":[{"href":"https:\/\/reteitalianaism.it\/reteism\/index.php\/wp-json\/wp\/v2\/media?parent=14546"}],"wp:term":[{"taxonomy":"category","embeddable":true,"href":"https:\/\/reteitalianaism.it\/reteism\/index.php\/wp-json\/wp\/v2\/categories?post=14546"},{"taxonomy":"post_tag","embeddable":true,"href":"https:\/\/reteitalianaism.it\/reteism\/index.php\/wp-json\/wp\/v2\/tags?post=14546"}],"curies":[{"name":"wp","href":"https:\/\/api.w.org\/{rel}","templated":true}]}}