{"id":14552,"date":"2020-12-27T18:56:44","date_gmt":"2020-12-27T17:56:44","guid":{"rendered":"http:\/\/reteitalianaism.it\/reteism\/?p=14552"},"modified":"2020-12-27T18:56:44","modified_gmt":"2020-12-27T17:56:44","slug":"ministro-israeliano-ordina-alle-carceri-di-non-vaccinare-i-prigionieri-di-sicurezza-palestinesi","status":"publish","type":"post","link":"https:\/\/reteitalianaism.it\/reteism\/index.php\/2020\/12\/27\/ministro-israeliano-ordina-alle-carceri-di-non-vaccinare-i-prigionieri-di-sicurezza-palestinesi\/","title":{"rendered":"Ministro israeliano ordina alle carceri di non vaccinare i prigionieri di sicurezza palestinesi"},"content":{"rendered":"<p><a href=\"https:\/\/www.middleeasteye.net\/news\/israel-orders-jails-not-vaccinate-palestinian-security-prisoners\">https:\/\/www.middleeasteye.net\/<\/a><\/p>\n<p><strong>27 dicembre 2020<\/strong><\/p>\n<p>L&#8217;ordine sfida le linee guida del ministero della salute secondo cui i prigionieri dovrebbero far parte del secondo gruppo di israeliani da vaccinare.<\/p>\n<div id=\"attachment_14553\" style=\"width: 496px\" class=\"wp-caption aligncenter\"><a href=\"http:\/\/reteitalianaism.it\/reteism\/index.php\/2020\/12\/27\/ministro-israeliano-ordina-alle-carceri-di-non-vaccinare-i-prigionieri-di-sicurezza-palestinesi\/women-look-at-a-mural-of-palestinians-held-in-israeli-prisons-afp\/\" rel=\"attachment wp-att-14553\"><img loading=\"lazy\" decoding=\"async\" aria-describedby=\"caption-attachment-14553\" class=\" wp-image-14553\" src=\"http:\/\/reteitalianaism.it\/reteism\/wp-content\/uploads\/2020\/12\/Women-look-at-a-mural-of-Palestinians-held-in-Israeli-prisons-AFP-300x192.jpg\" alt=\"\" width=\"486\" height=\"311\" srcset=\"https:\/\/reteitalianaism.it\/reteism\/wp-content\/uploads\/2020\/12\/Women-look-at-a-mural-of-Palestinians-held-in-Israeli-prisons-AFP-300x192.jpg 300w, https:\/\/reteitalianaism.it\/reteism\/wp-content\/uploads\/2020\/12\/Women-look-at-a-mural-of-Palestinians-held-in-Israeli-prisons-AFP-1024x655.jpg 1024w, https:\/\/reteitalianaism.it\/reteism\/wp-content\/uploads\/2020\/12\/Women-look-at-a-mural-of-Palestinians-held-in-Israeli-prisons-AFP-768x491.jpg 768w, https:\/\/reteitalianaism.it\/reteism\/wp-content\/uploads\/2020\/12\/Women-look-at-a-mural-of-Palestinians-held-in-Israeli-prisons-AFP.jpg 1400w\" sizes=\"auto, (max-width: 486px) 100vw, 486px\" \/><\/a><p id=\"caption-attachment-14553\" class=\"wp-caption-text\">Donne guardano un elenco all&#8217;interno delle carceri\u00a0<\/p><\/div>\n<p>La dichiarazione del ministro della Pubblica Sicurezza Amir Ohana non ha individuato espressamente i detenuti palestinesi, ma non ci sono prigionieri di sicurezza non palestinesi in Israele (AFP)<\/p>\n<p>Il ministro della Pubblica Sicurezza israeliana Amir Ohana ha detto al servizio carcerario del paese alla fine della scorsa settimana di non inoculare i prigionieri di sicurezza palestinesi, ha rivelato un quotidiano israeliano.<\/p>\n<p>L&#8217;ordine \u00e8 arrivato nonostante le linee guida del ministero della salute fermano che i prigionieri dovrebbero far parte del secondo gruppo di israeliani da vaccinare contro il coronavirus Covid-19, insieme al personale di sicurezza, ha scritto domenica Haaretz.<!--more--><\/p>\n<p>Il rapporto \u00e8 arrivato quando Israele ha iniziato il suo terzo lockdown per il coronavirus alle 17:00 (15:00 GMT) di domenica, con la maggior parte delle persone costrette a rimanere entro i 1.000 metri da casa.<\/p>\n<p>L&#8217;ufficio del ministro ha affermato che solo il personale carcerario dovrebbe essere vaccinato perch\u00e9 &#8220;non dovrebbe esserci inoculazione per i detenuti di sicurezza senza approvazione e in linea con i progressi della vaccinazione tra la popolazione generale&#8221;, ha detto il giornale.<\/p>\n<p>Sebbene la dichiarazione si riferisse solo ai &#8220;prigionieri di sicurezza&#8221;, una lettera sull&#8217;argomento inviata da Moshe Edri, direttore generale del ministero della Pubblica Sicurezza, non ha fatto tale distinzione, riferendosi invece alla popolazione generale dei prigionieri, ha detto Haaretz.<\/p>\n<p>Sebbene la dichiarazione di Ohana non abbia individuato i detenuti palestinesi, non ci sono prigionieri di sicurezza non palestinesi in Israele. La direttiva del ministero contraddice le linee guida del ministero della salute in merito alla priorit\u00e0 della vaccinazione.<\/p>\n<p>Haaretz ha detto che non \u00e8 chiaro con quale autorit\u00e0 Ohana possa ordinare al servizio carcerario di vaccinare alcuni detenuti e non altri.<\/p>\n<p><strong>&#8220;Direttiva politicamente motivata&#8221; <\/strong><\/p>\n<p>In risposta alla direttiva del ministero della Pubblica Sicurezza, il parlamentare Shas Moshe Arbel ha posto un&#8217;interrogazione parlamentare a Ohana chiedendogli di spiegare perch\u00e9 non \u00e8 necessario vaccinare tutti i detenuti alla luce dell&#8217;affollamento e delle dure condizioni nelle carceri israeliane e del ritmo positivo della vaccinazione tra la popolazione generale.<\/p>\n<p>&#8220;Lo Stato dovrebbe pesare sulla difficile situazione dei prigionieri, tra i gruppi pi\u00f9 affollati e vulnerabili del Paese, e agire per vaccinarli il prima possibile&#8221;, ha scritto Arbel. Criticando l&#8217;annuncio di Ohana, Physicians for Human Rights ha dichiarato: &#8220;La direttiva politicamente motivata del ministro Ohana indica ancora una volta perch\u00e9 la responsabilit\u00e0 per la salute dei detenuti dovrebbe essere trasferita dal Ministero della Pubblica Sicurezza e dal Servizio delle prigioni israeliane a un organismo la cui priorit\u00e0 assoluta \u00e8 la salute.<\/p>\n<p>&#8220;La direttiva del ministro contraddice le linee guida sulla vaccinazione emanate dal ministero della Salute. Dovremmo assicurarci che ai detenuti venga data la massima priorit\u00e0 per le vaccinazioni in linea con le raccomandazioni degli esperti sanitari coinvolti nella questione, soprattutto alla luce dei dati mondiali che mostrano che il rischio di infezione tra i detenuti \u00e8 superiore a quello della popolazione esterna&#8221;.<\/p>\n<p><strong>I palestinesi sono rimasti in attesa<\/strong><\/p>\n<p>La scorsa settimana, il primo ministro israeliano Benjamin Netanyahu ha ricevuto una dose di vaccino Covid-19, iniziando un lancio nazionale. Tuttavia, la massiccia campagna di vaccinazione, che si dice sia la pi\u00f9 grande nella storia di Israele e intitolata &#8220;Dai una spalla&#8221;, non includer\u00e0 milioni di palestinesi che vivono sotto il controllo israeliano nonostante il recente picco di casi e morti a causa del virus.<\/p>\n<p>La campagna di vaccinazione di Israele includer\u00e0 i coloni ebrei che sono cittadini israeliani che vivono nelle profondit\u00e0 della Cisgiordania occupata, ma non i 2,5 milioni di palestinesi del territorio. I palestinesi sono rimasti in attesa mentre Israele lancia il vaccino contro il Covid-19<\/p>\n<p>L&#8217;Autorit\u00e0 Palestinese spera di ottenere vaccini attraverso una partnership guidata dall&#8217;Organizzazione mondiale della sanit\u00e0 con organizzazioni umanitarie note come Covax, che finora non ha raggiunto i 2 miliardi di dosi che spera di acquistare nei prossimi anni per coloro che vivono nei paesi poveri. A complicare le cose \u00e8 il fatto che i palestinesi hanno una sola unit\u00e0 di refrigerazione in grado di conservare il vaccino Pfizer.<\/p>\n<p>L&#8217;Autorit\u00e0 Palestinese ha segnalato pi\u00f9 di 85.000 casi in Cisgiordania, di cui pi\u00f9 di 800 morti, e l&#8217;epidemia si \u00e8 intensificata nelle ultime settimane.<\/p>\n<p>La situazione \u00e8 ancora pi\u00f9 grave a Gaza, che ospita due milioni di palestinesi e che \u00e8 stata sotto il blocco israeliano ed egiziano da quando Hamas ha preso il potere nel 2007. Le autorit\u00e0 hanno segnalato oltre 30.000 casi, tra cui pi\u00f9 di 200 morti.<\/p>\n<p>&nbsp;<\/p>\n","protected":false},"excerpt":{"rendered":"<p>https:\/\/www.middleeasteye.net\/ 27 dicembre 2020 L&#8217;ordine sfida le linee guida del ministero della salute secondo cui i prigionieri dovrebbero far parte del secondo gruppo di israeliani da vaccinare. La dichiarazione del ministro della Pubblica Sicurezza Amir Ohana non ha individuato espressamente &hellip; <a href=\"https:\/\/reteitalianaism.it\/reteism\/index.php\/2020\/12\/27\/ministro-israeliano-ordina-alle-carceri-di-non-vaccinare-i-prigionieri-di-sicurezza-palestinesi\/\">Continue reading <span class=\"meta-nav\">&rarr;<\/span><\/a><\/p>\n","protected":false},"author":2,"featured_media":0,"comment_status":"open","ping_status":"open","sticky":false,"template":"","format":"standard","meta":{"footnotes":""},"categories":[3,67],"tags":[9,22,23,41],"class_list":["post-14552","post","type-post","status-publish","format-standard","hentry","category-info","category-prigionieri","tag-apartheid","tag-diritti-prigionieri","tag-diritti-umani","tag-pulizia-etnica"],"_links":{"self":[{"href":"https:\/\/reteitalianaism.it\/reteism\/index.php\/wp-json\/wp\/v2\/posts\/14552","targetHints":{"allow":["GET"]}}],"collection":[{"href":"https:\/\/reteitalianaism.it\/reteism\/index.php\/wp-json\/wp\/v2\/posts"}],"about":[{"href":"https:\/\/reteitalianaism.it\/reteism\/index.php\/wp-json\/wp\/v2\/types\/post"}],"author":[{"embeddable":true,"href":"https:\/\/reteitalianaism.it\/reteism\/index.php\/wp-json\/wp\/v2\/users\/2"}],"replies":[{"embeddable":true,"href":"https:\/\/reteitalianaism.it\/reteism\/index.php\/wp-json\/wp\/v2\/comments?post=14552"}],"version-history":[{"count":2,"href":"https:\/\/reteitalianaism.it\/reteism\/index.php\/wp-json\/wp\/v2\/posts\/14552\/revisions"}],"predecessor-version":[{"id":14555,"href":"https:\/\/reteitalianaism.it\/reteism\/index.php\/wp-json\/wp\/v2\/posts\/14552\/revisions\/14555"}],"wp:attachment":[{"href":"https:\/\/reteitalianaism.it\/reteism\/index.php\/wp-json\/wp\/v2\/media?parent=14552"}],"wp:term":[{"taxonomy":"category","embeddable":true,"href":"https:\/\/reteitalianaism.it\/reteism\/index.php\/wp-json\/wp\/v2\/categories?post=14552"},{"taxonomy":"post_tag","embeddable":true,"href":"https:\/\/reteitalianaism.it\/reteism\/index.php\/wp-json\/wp\/v2\/tags?post=14552"}],"curies":[{"name":"wp","href":"https:\/\/api.w.org\/{rel}","templated":true}]}}