{"id":14669,"date":"2021-01-17T19:16:37","date_gmt":"2021-01-17T18:16:37","guid":{"rendered":"http:\/\/reteitalianaism.it\/reteism\/?p=14669"},"modified":"2021-01-17T19:16:38","modified_gmt":"2021-01-17T18:16:38","slug":"per-i-registi-palestinesi-in-israele-si-tratta-di-lealta-o-silenzio","status":"publish","type":"post","link":"https:\/\/reteitalianaism.it\/reteism\/index.php\/2021\/01\/17\/per-i-registi-palestinesi-in-israele-si-tratta-di-lealta-o-silenzio\/","title":{"rendered":"Per i registi palestinesi in Israele, si tratta di lealt\u00e0 o silenzio"},"content":{"rendered":"<p><strong>15 gennaio 2021 \u00a0 \u00a0 \u00a0 \u00a0 \u00a0<\/strong> <em> Suha Arraf<\/em><\/p>\n<p style=\"text-align: justify;\">\u00a0La persecuzione israeliana dell&#8217;attore e regista Mohammad Bakri riflette il suo desiderio di censurare le storie dell&#8217;occupazione mentre gongola di essere una &#8220;democrazia&#8221;.<\/p>\n<div id=\"attachment_14670\" style=\"width: 504px\" class=\"wp-caption aligncenter\"><a href=\"http:\/\/reteitalianaism.it\/reteism\/index.php\/2021\/01\/17\/per-i-registi-palestinesi-in-israele-si-tratta-di-lealta-o-silenzio\/f171221fff44-2-1000x668\/\" rel=\"attachment wp-att-14670\"><img loading=\"lazy\" decoding=\"async\" aria-describedby=\"caption-attachment-14670\" class=\" wp-image-14670\" src=\"http:\/\/reteitalianaism.it\/reteism\/wp-content\/uploads\/2021\/01\/F171221FFF44-2-1000x668-1-300x200.jpg\" alt=\"\" width=\"494\" height=\"329\" srcset=\"https:\/\/reteitalianaism.it\/reteism\/wp-content\/uploads\/2021\/01\/F171221FFF44-2-1000x668-1-300x200.jpg 300w, https:\/\/reteitalianaism.it\/reteism\/wp-content\/uploads\/2021\/01\/F171221FFF44-2-1000x668-1-768x513.jpg 768w, https:\/\/reteitalianaism.it\/reteism\/wp-content\/uploads\/2021\/01\/F171221FFF44-2-1000x668-1.jpg 1000w\" sizes=\"auto, (max-width: 494px) 100vw, 494px\" \/><\/a><p id=\"caption-attachment-14670\" class=\"wp-caption-text\">L&#8217;attore e regista palestinese Mohammad Bakri visto al tribunale distrettuale di Lod il 21 dicembre 2017. (Flash90)<\/p><\/div>\n<p style=\"text-align: justify;\">\u00a0Se la controversia che circonda il regista e attore palestinese Mohammad Bakri rivela qualcosa, \u00e8 la profondit\u00e0 del fascismo nello Stato di Israele. Espone il desiderio di Israele di nascondere e distorcere la verit\u00e0, mentre allo stesso tempo gongola su come, in quanto &#8220;democrazia illuminata&#8221;, aiuti gli artisti palestinesi a &#8220;raccontare la loro storia&#8221;.<\/p>\n<p style=\"text-align: justify;\">Ma che tipo di storia raccontiamo noi come registi? \u00c8 veramente la storia palestinese o \u00e8 semplicemente una storia che \u00e8 in linea con la visione sionista di Israele? Nell&#8217;aprile 2002, durante la Seconda Intifada, Israele ha lanciato un&#8217;operazione militare a Jenin, una citt\u00e0 nella Cisgiordania occupata.<!--more--><\/p>\n<p style=\"text-align: justify;\">Durante l&#8217;incursione, le forze israeliane hanno ucciso 52 palestinesi, 22 dei quali erano civili. Secondo Human Rights Watch, l&#8217;IDF aveva usato &#8220;forza indiscriminata ed eccessiva&#8221; e molti di questi civili &#8211; inclusi bambini, persone con disabilit\u00e0 e anziani &#8211; sono stati uccisi &#8220;volontariamente e illegalmente&#8221;.<\/p>\n<p style=\"text-align: justify;\">\u00a0Bakri ha scelto di fare un film documentario da un luogo di immenso dolore per ci\u00f2 che stava accadendo a Jenin in quel momento. Non ha cercato finanziamenti dalle istituzioni israeliane, ma ha piuttosto assunto un piccolo equipaggio e si \u00e8 diretto al campo profughi della citt\u00e0 per denunciare i crimini di guerra che Israele aveva commesso l\u00ec.<\/p>\n<p style=\"text-align: justify;\">Bakri mise in pericolo la sua vita quando l&#8217;esercito israeliano invase Jenin, distrusse il campo profughi e lasci\u00f2 decine di palestinesi morti e feriti. \u00c8 entrato a Jenin mentre i corpi erano sepolti sotto le macerie e ha documentato ci\u00f2 che ha visto. Ha intervistato i residenti del campo che hanno descritto cosa \u00e8 successo l\u00ec.<\/p>\n<p style=\"text-align: justify;\">Luned\u00ec, un tribunale distrettuale israeliano ha stabilito di vietare la proiezione e la distribuzione del documentario di Bakri, &#8220;Jenin, Jenin&#8221;. La causa \u00e8 stata intentata contro Bakri nel 2016 dal soldato israeliano Nissim Magnaji, che ha preso parte all&#8217;operazione Jenin, e che \u00e8 accusato nel film di aver rubato denaro a un anziano palestinese &#8211; un&#8217;accusa che ha respinto.<\/p>\n<p style=\"text-align: justify;\">Il tribunale ha ordinato a Bakri di pagare a Magnaji NIS 175.000 ($ 55.000) di danni e 50.000 NIS ($ 15.500) in spese legali.<\/p>\n<p style=\"text-align: justify;\"><strong>O terroristi o caricature folcloristiche<\/strong><\/p>\n<p style=\"text-align: justify;\">Essere un regista di documentari non \u00e8 facile. Significa fare film senza molto budget, aspettare che un dramma umano si svolga sul campo, intervistare le persone e raccontare la vera storia di ci\u00f2 che \u00e8 accaduto o sta ancora accadendo, il tutto mentre le telecamere girano. Quello che \u00e8 successo con Bakri \u00e8 un brutto scherzo.<\/p>\n<p style=\"text-align: justify;\">Da quando interviene un tribunale sui contenuti artistici? Come dovremmo condividere la nostra narrativa senza questi strumenti creativi? La storia di Mohammad Bakri \u00e8 la storia di tutti gli artisti e registi palestinesi che vivono in Israele che stanno cercando nel miglior modo possibile di raccontare la nostra storia e che sono forti di fronte alle forze immensamente potenti dell&#8217;establishment israeliano che cercano di trasformarci in una foglia di fico.<\/p>\n<p style=\"text-align: justify;\">Se riusciamo a finanziare i nostri film, finiamo per venire zittiti. Al contrario, l&#8217;establishment vuole vederci ritratti solo come terroristi o caricature folcloristiche. Il programma televisivo di successo Fauda \u00e8 l&#8217;esempio pi\u00f9 lampante del primo: i personaggi palestinesi o sono ritratti come terroristi o come traditori. Questo \u00e8 tutto.<\/p>\n<p style=\"text-align: justify;\">E il desiderio dell&#8217;establishment per il folklore palestinese equivale a mostrare le donne palestinesi oppresse dalla loro societ\u00e0 patriarcale, compresi i &#8220;delitti d&#8217;onore&#8221;, i matrimoni combinati o le donne che indossano l&#8217;hijab. Questi sono gli argomenti a cui i fondi del cinema israeliano danno volentieri soldi, quindi possono essere orgogliosi di sostenere e dare una piattaforma ai registi palestinesi. So tutto questo per esperienza personale. Quando ho insistito affinch\u00e9 il mio film &#8220;Villa Touma&#8221; venisse etichettato come &#8220;palestinese&#8221;, sono stato accusato di aver rubato fondi pubblici e di aver commesso una frode. Per mesi ho dovuto affrontare attacchi implacabili.<\/p>\n<p style=\"text-align: justify;\">Tre diversi ministri &#8211; allora il ministro dell&#8217;Economia Naftali Bennett, l&#8217;ex ministro della Cultura Limor Livnat e poi il ministro degli Esteri Avigdor Liberman &#8211; mi hanno denunciato pubblicamente nel loro tentativo di proteggere la dignit\u00e0 dello Stato di Israele.<\/p>\n<div id=\"attachment_14671\" style=\"width: 501px\" class=\"wp-caption aligncenter\"><a href=\"http:\/\/reteitalianaism.it\/reteism\/index.php\/2021\/01\/17\/per-i-registi-palestinesi-in-israele-si-tratta-di-lealta-o-silenzio\/%d7%97%d7%95%d7%9e%d7%aa_%d7%9e%d7%92%d7%9f_22-1280x960\/\" rel=\"attachment wp-att-14671\"><img loading=\"lazy\" decoding=\"async\" aria-describedby=\"caption-attachment-14671\" class=\" wp-image-14671\" src=\"http:\/\/reteitalianaism.it\/reteism\/wp-content\/uploads\/2021\/01\/\u05d7\u05d5\u05de\u05ea_\u05de\u05d2\u05df_22-1280x960-1-300x225.jpg\" alt=\"\" width=\"491\" height=\"368\" srcset=\"https:\/\/reteitalianaism.it\/reteism\/wp-content\/uploads\/2021\/01\/\u05d7\u05d5\u05de\u05ea_\u05de\u05d2\u05df_22-1280x960-1-300x225.jpg 300w, https:\/\/reteitalianaism.it\/reteism\/wp-content\/uploads\/2021\/01\/\u05d7\u05d5\u05de\u05ea_\u05de\u05d2\u05df_22-1280x960-1-1024x768.jpg 1024w, https:\/\/reteitalianaism.it\/reteism\/wp-content\/uploads\/2021\/01\/\u05d7\u05d5\u05de\u05ea_\u05de\u05d2\u05df_22-1280x960-1-768x576.jpg 768w, https:\/\/reteitalianaism.it\/reteism\/wp-content\/uploads\/2021\/01\/\u05d7\u05d5\u05de\u05ea_\u05de\u05d2\u05df_22-1280x960-1.jpg 1280w\" sizes=\"auto, (max-width: 491px) 100vw, 491px\" \/><\/a><p id=\"caption-attachment-14671\" class=\"wp-caption-text\">Soldati israeliani nel campo profughi di Jenin, una citt\u00e0 nella Cisgiordania occupata, 20 aprile 2002 (unit\u00e0 del portavoce dell&#8217;IDF \/ CC BY-SA 3.0)<\/p><\/div>\n<p style=\"text-align: justify;\">L&#8217;Israel Film Council, che inizialmente mi aveva chiesto di restituire la sovvenzione che il mio film aveva ricevuto, alla fine ha deciso di non farlo, e invece \u00e8 stato obbligato a restituire 1,4 milioni di NIS (circa $ 400.000) al Ministero della Cultura come misura punitiva. Il ministero dell&#8217;Economia ha anche richiesto che restituissi i 600.000 NIS (circa 170.000 dollari) investiti nel film e ha persino cercato di sequestrare i beni della mia societ\u00e0 di produzione. Con l&#8217;aiuto dell&#8217;Avv. Sawsan Zahar di Adalah, il Centro legale per i diritti delle minoranze arabe in Israele, ho contestato il sequestro dei beni.<\/p>\n<p style=\"text-align: justify;\">Abbiamo dovuto spingerci fino alla Corte Suprema per scoprire che non esiste una legge in Israele che costringa un regista a definire l&#8217;identit\u00e0 del proprio film. Secondo la legge, i titoli di testa e di coda devono elencare i fondi che sostengono il film di un regista. Questo \u00e8 esattamente quello che ho fatto. Dopo la vicenda &#8220;Villa Touma&#8221;, Livnat e Israel Film Council hanno aggiunto clausole ai contratti con i registi, condizionando i finanziamenti alla presentazione dei film come &#8220;israeliani&#8221;.<\/p>\n<p style=\"text-align: justify;\">La Rabinovich Foundation for the Arts, uno dei pi\u00f9 grandi fondi cinematografici in Israele, \u00e8 arrivata addirittura a far firmare a tutti i registi che ricevono assistenza finanziaria una &#8220;dichiarazione di fedelt\u00e0&#8221;. Sebbene i ministri siano stati sostituiti da allora, il controllo fascista sulla cultura in Israele si \u00e8 solo intensificato.<\/p>\n<p style=\"text-align: justify;\">Durante il mandato del parlamentare del Likud Miri Regev come Ministro della Cultura, la situazione \u00e8 notevolmente peggiorata, con l&#8217;introduzione di una legge sulla &#8220;lealt\u00e0 nella cultura&#8221; che ha cercato di mettere a tacere gli artisti che non erano in linea con il governo di estrema destra di Benjamin Netanyahu, il defunding del Il teatro Al-Midan di Haifa e l&#8217;istituzione di un fondo cinematografico per i coloni nella Cisgiordania occupata, tra le altre cose.<\/p>\n<p style=\"text-align: justify;\"><strong>Un trasferimento culturale volontario<\/strong><\/p>\n<p style=\"text-align: justify;\">Dopo il mandato di Regev, i registi palestinesi hanno iniziato ad autocensurarsi sia le \u00a0sceneggiature che le proposte di finanziamento. In qualit\u00e0 di lettore che ha letto e ordinato i copioni per quasi tutti i fondi del paese, ho visto questo cambiamento da vicino. Improvvisamente, le proposte di film politici sono svanite quasi del tutto e sono scomparsi i film che parlavano del conflitto israelo-palestinese.<\/p>\n<p style=\"text-align: justify;\">Gli stessi registi hanno svolto il duro lavoro per l&#8217;istituzione e il Ministero della Cultura. Inoltre, i soldi che investono nei film palestinesi provengono dai contribuenti, cio\u00e8 dalle nostre tasche. E sebbene i palestinesi in Israele costituiscano il 20% della popolazione, riceviamo solo circa il 3% del budget culturale dello Stato.<\/p>\n<p style=\"text-align: justify;\">L&#8217;Israel Film Fund, che riceve il suo budget dal Ministero della Cultura, vuole incentivare i film realizzati da membri di gruppi minoritari, e quindi cerca di dirottare fondi specificamente a loro. Questo \u00e8 il motivo per cui corteggiano i registi palestinesi: non perch\u00e9 vogliono davvero sentire le nostre voci, ma per soddisfare i requisiti di bilancio.<\/p>\n<p style=\"text-align: justify;\">\u00a0Ci\u00f2 serve anche all&#8217;establishment israeliano. I film di registi palestinesi hanno avuto molto successo all&#8217;estero negli ultimi anni e sono stati persino proiettati in prestigiosi festival in tutto il mondo. Israele ne trae vantaggio come forma di propaganda. Ora, pu\u00f2 dire apertamente che \u00e8 lo stato &#8220;illuminato&#8221; che sostiene i film palestinesi.<\/p>\n<p style=\"text-align: justify;\">Ma l&#8217;amara verit\u00e0 \u00e8 che per avere davvero successo senza essere censurati, molti registi palestinesi hanno lasciato Israele. Un trasferimento culturale volontario, se vuoi.<\/p>\n<p style=\"text-align: justify;\">Dei pochi registi rimasti nel paese, alcuni di noi hanno deciso di non accettare denaro dai fondi israeliani. Va sottolineato: questi fondi non fanno bene agli artisti palestinesi. Non siamo disposti a rappresentare un paese che non ci rappresenta. Di conseguenza, per\u00f2, abbiamo lottato.<\/p>\n<p style=\"text-align: justify;\">La persecuzione politica in Israele esiste non solo contro gli attivisti, ma anche contro gli artisti palestinesi che stanno cercando di far sentire la loro voce. Questo si chiama fascismo. C&#8217;\u00e8 una profonda paura qui di sentire la verit\u00e0, e la verit\u00e0 \u00e8 che c&#8217;\u00e8 un intero popolo che vive ancora sotto un&#8217;occupazione militare, che viene oppresso ogni giorno.<\/p>\n<p style=\"text-align: justify;\">\u00c8 molto facile costruire una recinzione per nascondersi dalla verit\u00e0, ma nessuno dei recinti o dei muri coprir\u00e0 la realt\u00e0 in cui viviamo. Come registi, continueremo a fare del nostro meglio per esporre quella realt\u00e0.<\/p>\n<p style=\"text-align: justify;\">\n","protected":false},"excerpt":{"rendered":"<p>15 gennaio 2021 \u00a0 \u00a0 \u00a0 \u00a0 \u00a0 Suha Arraf \u00a0La persecuzione israeliana dell&#8217;attore e regista Mohammad Bakri riflette il suo desiderio di censurare le storie dell&#8217;occupazione mentre gongola di essere una &#8220;democrazia&#8221;. \u00a0Se la controversia che circonda il regista &hellip; <a href=\"https:\/\/reteitalianaism.it\/reteism\/index.php\/2021\/01\/17\/per-i-registi-palestinesi-in-israele-si-tratta-di-lealta-o-silenzio\/\">Continue reading <span class=\"meta-nav\">&rarr;<\/span><\/a><\/p>\n","protected":false},"author":2,"featured_media":0,"comment_status":"open","ping_status":"open","sticky":false,"template":"","format":"standard","meta":{"footnotes":""},"categories":[3,68],"tags":[23,37,42],"class_list":["post-14669","post","type-post","status-publish","format-standard","hentry","category-info","category-opinioni","tag-diritti-umani","tag-occupazione","tag-resistenza"],"_links":{"self":[{"href":"https:\/\/reteitalianaism.it\/reteism\/index.php\/wp-json\/wp\/v2\/posts\/14669","targetHints":{"allow":["GET"]}}],"collection":[{"href":"https:\/\/reteitalianaism.it\/reteism\/index.php\/wp-json\/wp\/v2\/posts"}],"about":[{"href":"https:\/\/reteitalianaism.it\/reteism\/index.php\/wp-json\/wp\/v2\/types\/post"}],"author":[{"embeddable":true,"href":"https:\/\/reteitalianaism.it\/reteism\/index.php\/wp-json\/wp\/v2\/users\/2"}],"replies":[{"embeddable":true,"href":"https:\/\/reteitalianaism.it\/reteism\/index.php\/wp-json\/wp\/v2\/comments?post=14669"}],"version-history":[{"count":2,"href":"https:\/\/reteitalianaism.it\/reteism\/index.php\/wp-json\/wp\/v2\/posts\/14669\/revisions"}],"predecessor-version":[{"id":14673,"href":"https:\/\/reteitalianaism.it\/reteism\/index.php\/wp-json\/wp\/v2\/posts\/14669\/revisions\/14673"}],"wp:attachment":[{"href":"https:\/\/reteitalianaism.it\/reteism\/index.php\/wp-json\/wp\/v2\/media?parent=14669"}],"wp:term":[{"taxonomy":"category","embeddable":true,"href":"https:\/\/reteitalianaism.it\/reteism\/index.php\/wp-json\/wp\/v2\/categories?post=14669"},{"taxonomy":"post_tag","embeddable":true,"href":"https:\/\/reteitalianaism.it\/reteism\/index.php\/wp-json\/wp\/v2\/tags?post=14669"}],"curies":[{"name":"wp","href":"https:\/\/api.w.org\/{rel}","templated":true}]}}