{"id":14700,"date":"2021-01-23T17:48:58","date_gmt":"2021-01-23T16:48:58","guid":{"rendered":"http:\/\/reteitalianaism.it\/reteism\/?p=14700"},"modified":"2021-01-23T17:48:58","modified_gmt":"2021-01-23T16:48:58","slug":"le-iof-reprimono-la-marcia-anti-insediamento-a-masafer-yatta","status":"publish","type":"post","link":"https:\/\/reteitalianaism.it\/reteism\/index.php\/2021\/01\/23\/le-iof-reprimono-la-marcia-anti-insediamento-a-masafer-yatta\/","title":{"rendered":"Le IOF reprimono la marcia anti-insediamento a Masafer Yatta"},"content":{"rendered":"<p><a href=\"https:\/\/english.palinfo.com\/news\/2021\/1\/23\/IOF-quells-anti-settlement-march-in-Masafer-Yatta\">https:\/\/english.palinfo.com\/<\/a><\/p>\n<p><strong>23 gennaio 2021<\/strong> \u00a0<em>AL-KHALIL<\/em><\/p>\n<p>Un certo numero di cittadini palestinesi sono rimasti feriti sabato quando le forze di occupazione israeliane (IOF) hanno attaccato la loro marcia pacifica contro l&#8217;attivit\u00e0 degli insediamenti nella frazione di Khirbet at-Tuwaimin a Masafer Yatta, a sud di al-Khalil.<\/p>\n<div id=\"attachment_14701\" style=\"width: 500px\" class=\"wp-caption aligncenter\"><a href=\"http:\/\/reteitalianaism.it\/reteism\/index.php\/2021\/01\/23\/le-iof-reprimono-la-marcia-anti-insediamento-a-masafer-yatta\/attachment\/1808292291\/\" rel=\"attachment wp-att-14701\"><img loading=\"lazy\" decoding=\"async\" aria-describedby=\"caption-attachment-14701\" class=\" wp-image-14701\" src=\"http:\/\/reteitalianaism.it\/reteism\/wp-content\/uploads\/2021\/01\/1808292291-300x158.jpg\" alt=\"\" width=\"490\" height=\"258\" srcset=\"https:\/\/reteitalianaism.it\/reteism\/wp-content\/uploads\/2021\/01\/1808292291-300x158.jpg 300w, https:\/\/reteitalianaism.it\/reteism\/wp-content\/uploads\/2021\/01\/1808292291-768x405.jpg 768w, https:\/\/reteitalianaism.it\/reteism\/wp-content\/uploads\/2021\/01\/1808292291.jpg 947w\" sizes=\"auto, (max-width: 490px) 100vw, 490px\" \/><\/a><p id=\"caption-attachment-14701\" class=\"wp-caption-text\">Le IOF reprimono la marcia<\/p><\/div>\n<p>Secondo fonti locali, le IOF hanno aggredito fisicamente i partecipanti alla marcia, li hanno attaccati verbalmente e li hanno inondati di lacrimogeni.<\/p>\n<p>I coloni dell&#8217;insediamento illegale di Suseya hanno anche aiutato i soldati attaccando i giornalisti mentre raccoglievano notizie sugli eventi e li hanno inseguiti con i cani.<!--more--><\/p>\n<p>Secondo quanto riferito, due giornalisti hanno riportato ferite e contusioni durante l&#8217;attacco dei coloni. Il funzionario locale Fuaad al-Ammour ha affermato che la marcia \u00e8 stata organizzata per esprimere il rifiuto dell&#8217;attivit\u00e0 di insediamento israeliano nell&#8217;area di Masafer Yatta e per mostrare solidariet\u00e0 ai residenti di Khirbet at-Tuwaimin, che sono esposti a ripetuti attacchi da parte di soldati e coloni.<\/p>\n<p>Nel frattempo, i cittadini palestinesi della citt\u00e0 di Madama, nel sud di Nablus, lo stesso giorno si sono difesi da una banda di coloni che ha attaccato la zona meridionale della citt\u00e0. Fonti locali hanno detto che soldati e guardie di sicurezza dell&#8217;insediamento illegale di Yitzhar stavano scortando i coloni che hanno preso d&#8217;assalto l&#8217;area meridionale della citt\u00e0 nel tentativo di attaccare le case.<\/p>\n<p>Hanno aggiunto che i giovani locali li hanno affrontati e si sono scontrati con i soldati che hanno sparato lacrimogeni, granate assordanti e proiettili e hanno assicurato il ritiro in tranquillit\u00e0 dei coloni dalla zona.<\/p>\n","protected":false},"excerpt":{"rendered":"<p>https:\/\/english.palinfo.com\/ 23 gennaio 2021 \u00a0AL-KHALIL Un certo numero di cittadini palestinesi sono rimasti feriti sabato quando le forze di occupazione israeliane (IOF) hanno attaccato la loro marcia pacifica contro l&#8217;attivit\u00e0 degli insediamenti nella frazione di Khirbet at-Tuwaimin a Masafer Yatta, &hellip; <a href=\"https:\/\/reteitalianaism.it\/reteism\/index.php\/2021\/01\/23\/le-iof-reprimono-la-marcia-anti-insediamento-a-masafer-yatta\/\">Continue reading <span class=\"meta-nav\">&rarr;<\/span><\/a><\/p>\n","protected":false},"author":2,"featured_media":0,"comment_status":"open","ping_status":"open","sticky":false,"template":"","format":"standard","meta":{"footnotes":""},"categories":[3],"tags":[19,41,50,83],"class_list":["post-14700","post","type-post","status-publish","format-standard","hentry","category-info","tag-colline-a-sud-di-hebron","tag-pulizia-etnica","tag-violenza-dei-coloni","tag-violenza-dei-soldati"],"_links":{"self":[{"href":"https:\/\/reteitalianaism.it\/reteism\/index.php\/wp-json\/wp\/v2\/posts\/14700","targetHints":{"allow":["GET"]}}],"collection":[{"href":"https:\/\/reteitalianaism.it\/reteism\/index.php\/wp-json\/wp\/v2\/posts"}],"about":[{"href":"https:\/\/reteitalianaism.it\/reteism\/index.php\/wp-json\/wp\/v2\/types\/post"}],"author":[{"embeddable":true,"href":"https:\/\/reteitalianaism.it\/reteism\/index.php\/wp-json\/wp\/v2\/users\/2"}],"replies":[{"embeddable":true,"href":"https:\/\/reteitalianaism.it\/reteism\/index.php\/wp-json\/wp\/v2\/comments?post=14700"}],"version-history":[{"count":2,"href":"https:\/\/reteitalianaism.it\/reteism\/index.php\/wp-json\/wp\/v2\/posts\/14700\/revisions"}],"predecessor-version":[{"id":14703,"href":"https:\/\/reteitalianaism.it\/reteism\/index.php\/wp-json\/wp\/v2\/posts\/14700\/revisions\/14703"}],"wp:attachment":[{"href":"https:\/\/reteitalianaism.it\/reteism\/index.php\/wp-json\/wp\/v2\/media?parent=14700"}],"wp:term":[{"taxonomy":"category","embeddable":true,"href":"https:\/\/reteitalianaism.it\/reteism\/index.php\/wp-json\/wp\/v2\/categories?post=14700"},{"taxonomy":"post_tag","embeddable":true,"href":"https:\/\/reteitalianaism.it\/reteism\/index.php\/wp-json\/wp\/v2\/tags?post=14700"}],"curies":[{"name":"wp","href":"https:\/\/api.w.org\/{rel}","templated":true}]}}