{"id":14890,"date":"2021-02-24T18:47:15","date_gmt":"2021-02-24T17:47:15","guid":{"rendered":"http:\/\/reteitalianaism.it\/reteism\/?p=14890"},"modified":"2021-02-24T18:47:15","modified_gmt":"2021-02-24T17:47:15","slug":"ahmad-erekat-luccisione-di-palestinesi-da-parte-di-israele-e-stata-esecuzione-extragiudiziale","status":"publish","type":"post","link":"https:\/\/reteitalianaism.it\/reteism\/index.php\/2021\/02\/24\/ahmad-erekat-luccisione-di-palestinesi-da-parte-di-israele-e-stata-esecuzione-extragiudiziale\/","title":{"rendered":"Ahmad Erekat: L&#8217;uccisione di palestinesi da parte di Israele \u00e8 stata &#8220;esecuzione extragiudiziale&#8221;"},"content":{"rendered":"<p><a href=\"https:\/\/www.middleeasteye.net\/news\/israel-palestine-ahmed-erekat-killing-extrajudicial-execution\">https:\/\/www.middleeasteye.net\/<\/a><\/p>\n<p><strong>24 febbraio 2021\u00a0<\/strong><\/p>\n<p style=\"text-align: justify;\">Una nuova inchiesta denuncia anche la mancanza di cure mediche fornite al palestinese e il trattamento degradante del suo corpo<\/p>\n<div id=\"attachment_14891\" style=\"width: 508px\" class=\"wp-caption aligncenter\"><a href=\"http:\/\/reteitalianaism.it\/reteism\/index.php\/2021\/02\/24\/ahmad-erekat-luccisione-di-palestinesi-da-parte-di-israele-e-stata-esecuzione-extragiudiziale\/ahmad-erekat\/\" rel=\"attachment wp-att-14891\"><img loading=\"lazy\" decoding=\"async\" aria-describedby=\"caption-attachment-14891\" class=\" wp-image-14891\" src=\"http:\/\/reteitalianaism.it\/reteism\/wp-content\/uploads\/2021\/02\/Ahmad-Erekat-300x170.jpg\" alt=\"\" width=\"498\" height=\"282\" srcset=\"https:\/\/reteitalianaism.it\/reteism\/wp-content\/uploads\/2021\/02\/Ahmad-Erekat-300x170.jpg 300w, https:\/\/reteitalianaism.it\/reteism\/wp-content\/uploads\/2021\/02\/Ahmad-Erekat-1024x581.jpg 1024w, https:\/\/reteitalianaism.it\/reteism\/wp-content\/uploads\/2021\/02\/Ahmad-Erekat-768x436.jpg 768w, https:\/\/reteitalianaism.it\/reteism\/wp-content\/uploads\/2021\/02\/Ahmad-Erekat.jpg 1400w\" sizes=\"auto, (max-width: 498px) 100vw, 498px\" \/><\/a><p id=\"caption-attachment-14891\" class=\"wp-caption-text\">Ahmad Erekat \u00e8 stato ucciso a un posto di blocco israeliano il giorno del matrimonio di sua sorella l&#8217;anno scorso, 23 giugno 2020 (Facebook)<\/p><\/div>\n<p style=\"text-align: justify;\">L&#8217;uccisione del palestinese Ahmad Erekat a un posto di blocco israeliano il giorno del matrimonio di sua sorella lo scorso anno \u00e8 stata una &#8220;esecuzione extragiudiziale&#8221;, ha detto un gruppo di ricerca sui diritti umani.<\/p>\n<p style=\"text-align: justify;\">L&#8217;uccisione di Erekat ha suscitato proteste diffuse a giugno, quando un video dell&#8217;incidente lo ha mostrato mentre scendeva dal suo veicolo nella Cisgiordania occupata e si allontanava dai soldati, con le mani alzate, quando \u00e8 stato colpito.<!--more--><\/p>\n<p><iframe loading=\"lazy\" title=\"Israeli killing of Palestinian man en route to wedding an \u2018extrajudicial execution\u2019\" width=\"640\" height=\"480\" src=\"https:\/\/www.youtube.com\/embed\/oIVbezNO3eU?feature=oembed\" frameborder=\"0\" allow=\"accelerometer; autoplay; clipboard-write; encrypted-media; gyroscope; picture-in-picture; web-share\" referrerpolicy=\"strict-origin-when-cross-origin\" allowfullscreen><\/iframe><\/p>\n<p style=\"text-align: justify;\">Una nuova indagine del gruppo per i diritti umani con sede a Londra Forensic Architecture (FA) ha scoperto che Erekat, 26 anni, \u00e8 stato colpito da sei colpi di arma da fuoco &#8211; tre mentre era a terra &#8211; poi ha avuto negato le cure mediche mentre era ancora in movimento nonostante non rappresentasse alcuna minaccia per i soldati israeliani pesantemente armati.<\/p>\n<p style=\"text-align: justify;\">Erekat aveva sbattuto con la sua macchina contro una cabina a un posto di blocco militare prima di essere colpito.<\/p>\n<p style=\"text-align: justify;\">&#8220;La nostra analisi solleva importanti interrogativi sull&#8217;uccisione di Ahmad che sollevano dubbi sulle affermazioni dell&#8217;esercito israeliano e richiedono ulteriori indagini&#8221;, ha scritto il gruppo, che, lavorando con l&#8217;organizzazione palestinese per i diritti umani Al-Haq, ha anche dettagliato il trattamento degradante del cadavere di Erekat.<\/p>\n<p style=\"text-align: justify;\">\nErekat \u00e8 stato colpito e ucciso il 23 giugno 2020 al checkpoint del &#8220;Container&#8221; tra Betlemme e la casa della famiglia degli Erekat nella citt\u00e0 di Abu Dis, fuori Gerusalemme est occupata, mentre si stava recando a prendere sua madre e sua sorella nel giorno del suo matrimonio.<\/p>\n<p style=\"text-align: justify;\">Israele, che ha affermato che Erekat aveva cercato di speronare gli ufficiali israeliani con la sua auto, non ha aperto un&#8217;indagine formale sull&#8217;omicidio, n\u00e9 ha rilasciato tutte le riprese della sicurezza sull&#8217;incidente.<\/p>\n<p style=\"text-align: justify;\">L&#8217;inchiesta della FA ha scoperto che l&#8217;auto di Erekat non ha accelerato quando ha colpito la cabina e potrebbe anche aver frenato.<\/p>\n<p style=\"text-align: justify;\">Secondo quanto riferito, una donna soldato \u00e8 stata leggermente ferita nell&#8217;incidente ed \u00e8 stata evacuata in un ospedale di Gerusalemme.<\/p>\n<p style=\"text-align: justify;\">La famiglia di Erekat ha detto a Middle East Eye l&#8217;anno scorso che non avrebbe mai commesso un attacco, figuriamoci il giorno del matrimonio di sua sorella.<\/p>\n<p style=\"text-align: justify;\">&#8220;Aveva poco tempo per ritirare le sue sorelle, i fiori e tutte queste altre cose da Betlemme&#8221;, ha detto a MEE Emad Erekat, cugino di Ahmad, aggiungendo che Ahmad guidava un&#8217;auto a noleggio targata palestinese, che aveva affittato specificatamente per fare commissioni il giorno del matrimonio.<\/p>\n<p style=\"text-align: justify;\"><strong>Trattamento &#8220;degradante&#8221;<\/strong><br \/>\nUn video che \u00e8 circolato sui social media subito dopo la sparatoria, presumibilmente preso da un testimone oculare dell&#8217;incidente, ha mostrato un Erekat ferito disteso a terra, rannicchiato in posizione fetale ma ancora in movimento, con una colata di sangue che scorreva dal suo corpo.<\/p>\n<p style=\"text-align: justify;\">La polizia di frontiera israeliana ha detto al Times of Israel che Erekat ha ricevuto cure mediche &#8220;in pochi minuti&#8221;, ma FA ha scoperto che il suo corpo non \u00e8 stato spostato per circa 45 minuti dopo la sparatoria, ed \u00e8 stato quindi coperto con un telone.<\/p>\n<p style=\"text-align: justify;\">Un&#8217;ambulanza israeliana \u00e8 arrivata non pi\u00f9 di 10 minuti dopo lo sparo, ma \u00e8 partita mezz&#8217;ora dopo portando solo il soldato israeliano ferito, secondo FA.<\/p>\n<p style=\"text-align: justify;\">A un&#8217;ambulanza palestinese arrivata circa 20 minuti dopo l&#8217;incidente \u00e8 stato negato l&#8217;accesso alla scena.<\/p>\n<p style=\"text-align: justify;\">\u201cDicono che vogliono trattenere questi corpi per lo scambio di prigionieri, ma le persone che vengono trattenute non sono prigionieri di guerra. Questi sono i civili<br \/>\n&#8211; Noura Erekat, avvocato per i diritti umani:<br \/>\nUn&#8217;ora e mezza dopo la sparatoria, Erekat appare completamente nudo a terra, nelle riprese ottenute da FA, che ha descritto il trattamento del suo corpo come \u201cdegradante\u201d.<\/p>\n<p style=\"text-align: justify;\">Attivisti locali e internazionali hanno denunciato l&#8217;omicidio di Erekat come un altro esempio della politica israeliana &#8220;sparare per uccidere&#8221;, che i gruppi per i diritti umani hanno definito &#8220;esecuzioni autorizzate dallo stato&#8221;.<\/p>\n<p style=\"text-align: justify;\">Dal 2015, in mezzo a un&#8217;ondata di accoltellamenti e presunti attacchi effettuati da palestinesi contro le forze israeliane, l&#8217;uccisione di palestinesi ai posti di blocco \u00e8 diventata sempre pi\u00f9 comune, anche se i sospetti non rappresentano una minaccia immediata per i soldati.<\/p>\n<p style=\"text-align: justify;\">Il gruppo israeliano per i diritti umani B&#8217;Tselem ha documentato dozzine di casi negli ultimi anni in cui descrive la condotta dei soldati israeliani come un &#8220;quadro grave e allarmante di uso eccessivo e ingiustificato di armi da fuoco letali, che in alcuni casi equivaleva a esecuzione sommaria di aggressori o sospetti aggressori \u201d.<\/p>\n<p style=\"text-align: justify;\">Questa politica \u00e8 stata costantemente sostenuta dai politici israeliani, molti dei quali sostengono l&#8217;esecuzione extragiudiziale dei palestinesi, ritenuti minacce dalle forze di sicurezza nei territori occupati<\/p>\n<p style=\"text-align: justify;\"><strong>&#8220;Punizione collettiva&#8221;<\/strong><br \/>\nDopo la sparatoria, centinaia di familiari e amici si sono riuniti intorno alla casa degli Erekat ad Abu Dis per piangere la morte di Ahmad, che, secondo la sua famiglia, avrebbe sposato la sua fidanzata il mese successivo.<\/p>\n<p style=\"text-align: justify;\">A otto mesi dalla sparatoria fatale, le autorit\u00e0 israeliane non hanno ancora rilasciato l&#8217;autopsia che dettaglia l&#8217;accaduto.<\/p>\n<p style=\"text-align: justify;\">N\u00e9 hanno restituito il corpo di Erekat alla sua famiglia.<\/p>\n<p style=\"text-align: justify;\">Il giovane imprenditore \u00e8 uno dei 70 palestinesi i cui corpi sono detenuti da Israele, una pratica che la FA chiama &#8220;punizione collettiva delle famiglie palestinesi&#8221;.<\/p>\n<p style=\"text-align: justify;\">Israele ha adottato una politica di trattenere i corpi dei palestinesi uccisi dai suoi militari dal 1967. Si stima che da allora almeno 253 corpi siano stati tenuti nel &#8220;cimitero dei numeri&#8221; di Israele &#8211; mai restituiti alle loro famiglie per una sepoltura adeguata.<\/p>\n<p style=\"text-align: justify;\">La pratica, che \u00e8 stata ampiamente condannata dai gruppi per i diritti umani come una violazione del diritto internazionale, \u00e8 stata riavviata nel 2015, quando Israele ha iniziato a detenere i corpi di dozzine di palestinesi accusati di attacchi e metterli in congelatori.<\/p>\n<p style=\"text-align: justify;\">Mentre la politica era inizialmente focalizzata sul prendere di mira i politici affiliati ad Hamas, Israele inizi\u00f2 ad applicarla ai palestinesi uccisi di qualsiasi &#8211; o meno &#8211; affiliazione politica, con il pretesto che la politica serviva da &#8220;deterrente&#8221; contro futuri attacchi.<\/p>\n<p style=\"text-align: justify;\">&#8220;Questa \u00e8 una politica eclatante che Israele definisce come una questione di sicurezza nazionale&#8221;, ha detto a MEE l&#8217;anno scorso Noura Erekat, un avvocato statunitense per i diritti umani, che \u00e8 anche cugino di Ahmad.<\/p>\n<p style=\"text-align: justify;\">\u201cDicono di voler trattenere questi corpi per lo scambio di prigionieri, ma le persone trattenute non sono prigionieri di guerra. Questi sono civili. &#8220;<\/p>\n<p style=\"text-align: justify;\">Nel 2019, la Corte Suprema israeliana ha confermato la politica, affermando che i regolamenti di emergenza consentivano ai militari israeliani di ordinare la sepoltura temporanea dei corpi dei palestinesi classificati come nemici \u201csulla base di considerazioni che tengono conto della sicurezza dello Stato, dell&#8217;ordine civile e della necessit\u00e0 di negoziare per la restituzione delle salme dei soldati israeliani \u201d.<\/p>\n<p style=\"text-align: justify;\">Al-Haq ha criticato la sentenza all&#8217;epoca, dicendo che &#8220;equivale a una pratica discriminatoria di sparizioni forzate, un trattamento crudele e disumano delle famiglie in lutto e ad un atto di punizione collettiva contro i palestinesi&#8221;.<\/p>\n<p style=\"text-align: justify;\">\u201cImmagina solo una morte tragica; \u00e8 un momento di orrore inaspettato, fuori dal tuo controllo o previsione &#8220;, ha detto Noura Erekat.<\/p>\n<p style=\"text-align: justify;\">\u201cE dopo quella tragica morte, vedi le riprese dal vivo della sua esecuzione, poi lui muore dissanguato. Immagina all&#8217;indomani di tutto ci\u00f2, di non essere in grado di avere una chiusura &#8220;.<\/p>\n<p style=\"text-align: justify;\">Najah, la madre di Ahmad, ha esortato la comunit\u00e0 internazionale a &#8220;intervenire e fare pressione su Israele&#8221;.<\/p>\n<p style=\"text-align: justify;\">&#8220;Sono stanca&#8221;, ha detto a MEE l&#8217;anno scorso. \u201cLe giornate sono dure, molto dure. Tutto quello che voglio \u00e8 che torni da me. Adesso \u00e8 in paradiso, ma io lo voglio qui. &#8220;<\/p>\n<p style=\"text-align: justify;\">\n","protected":false},"excerpt":{"rendered":"<p>https:\/\/www.middleeasteye.net\/ 24 febbraio 2021\u00a0 Una nuova inchiesta denuncia anche la mancanza di cure mediche fornite al palestinese e il trattamento degradante del suo corpo L&#8217;uccisione del palestinese Ahmad Erekat a un posto di blocco israeliano il giorno del matrimonio di &hellip; <a href=\"https:\/\/reteitalianaism.it\/reteism\/index.php\/2021\/02\/24\/ahmad-erekat-luccisione-di-palestinesi-da-parte-di-israele-e-stata-esecuzione-extragiudiziale\/\">Continue reading <span class=\"meta-nav\">&rarr;<\/span><\/a><\/p>\n","protected":false},"author":2,"featured_media":0,"comment_status":"open","ping_status":"open","sticky":false,"template":"","format":"standard","meta":{"footnotes":""},"categories":[3],"tags":[23,41,150,155],"class_list":["post-14890","post","type-post","status-publish","format-standard","hentry","category-info","tag-diritti-umani","tag-pulizia-etnica","tag-violenza-dellesercito","tag-west-bank-occupata"],"_links":{"self":[{"href":"https:\/\/reteitalianaism.it\/reteism\/index.php\/wp-json\/wp\/v2\/posts\/14890","targetHints":{"allow":["GET"]}}],"collection":[{"href":"https:\/\/reteitalianaism.it\/reteism\/index.php\/wp-json\/wp\/v2\/posts"}],"about":[{"href":"https:\/\/reteitalianaism.it\/reteism\/index.php\/wp-json\/wp\/v2\/types\/post"}],"author":[{"embeddable":true,"href":"https:\/\/reteitalianaism.it\/reteism\/index.php\/wp-json\/wp\/v2\/users\/2"}],"replies":[{"embeddable":true,"href":"https:\/\/reteitalianaism.it\/reteism\/index.php\/wp-json\/wp\/v2\/comments?post=14890"}],"version-history":[{"count":2,"href":"https:\/\/reteitalianaism.it\/reteism\/index.php\/wp-json\/wp\/v2\/posts\/14890\/revisions"}],"predecessor-version":[{"id":14893,"href":"https:\/\/reteitalianaism.it\/reteism\/index.php\/wp-json\/wp\/v2\/posts\/14890\/revisions\/14893"}],"wp:attachment":[{"href":"https:\/\/reteitalianaism.it\/reteism\/index.php\/wp-json\/wp\/v2\/media?parent=14890"}],"wp:term":[{"taxonomy":"category","embeddable":true,"href":"https:\/\/reteitalianaism.it\/reteism\/index.php\/wp-json\/wp\/v2\/categories?post=14890"},{"taxonomy":"post_tag","embeddable":true,"href":"https:\/\/reteitalianaism.it\/reteism\/index.php\/wp-json\/wp\/v2\/tags?post=14890"}],"curies":[{"name":"wp","href":"https:\/\/api.w.org\/{rel}","templated":true}]}}