{"id":14910,"date":"2021-03-01T20:20:20","date_gmt":"2021-03-01T19:20:20","guid":{"rendered":"http:\/\/reteitalianaism.it\/reteism\/?p=14910"},"modified":"2021-03-01T20:20:20","modified_gmt":"2021-03-01T19:20:20","slug":"riusciranno-le-riaccese-proteste-di-silwan-a-respingere-le-minacce-di-sfratto-di-israele","status":"publish","type":"post","link":"https:\/\/reteitalianaism.it\/reteism\/index.php\/2021\/03\/01\/riusciranno-le-riaccese-proteste-di-silwan-a-respingere-le-minacce-di-sfratto-di-israele\/","title":{"rendered":"Riusciranno le riaccese proteste di Silwan a respingere le minacce di sfratto di Israele?"},"content":{"rendered":"<p><a href=\"https:\/\/www.972mag.com\/silwan-evictions-balfour-protests\/\">https:\/\/www.972mag.com\/<\/a><\/p>\n<p style=\"text-align: justify;\"><strong>1 marzo 2021 \u00a0 \u00a0 \u00a0 \u00a0 \u00a0 \u00a0<\/strong><em>Oren Ziv<\/em><\/p>\n<p style=\"text-align: justify;\">Con poche speranze che i tribunali fermino la campagna di sfratto dei coloni, un attivista palestinese si sente eccitato dal fatto che gli israeliani si uniscono alla lotta del quartiere.<\/p>\n<div id=\"attachment_14916\" style=\"width: 507px\" class=\"wp-caption aligncenter\"><a href=\"http:\/\/reteitalianaism.it\/reteism\/index.php\/2021\/03\/01\/riusciranno-le-riaccese-proteste-di-silwan-a-respingere-le-minacce-di-sfratto-di-israele\/1i9a0921_edited-1000x668\/\" rel=\"attachment wp-att-14916\"><img loading=\"lazy\" decoding=\"async\" aria-describedby=\"caption-attachment-14916\" class=\" wp-image-14916\" src=\"http:\/\/reteitalianaism.it\/reteism\/wp-content\/uploads\/2021\/03\/1I9A0921_edited-1000x668-1-300x200.jpg\" alt=\"\" width=\"497\" height=\"331\" srcset=\"https:\/\/reteitalianaism.it\/reteism\/wp-content\/uploads\/2021\/03\/1I9A0921_edited-1000x668-1-300x200.jpg 300w, https:\/\/reteitalianaism.it\/reteism\/wp-content\/uploads\/2021\/03\/1I9A0921_edited-1000x668-1-768x513.jpg 768w, https:\/\/reteitalianaism.it\/reteism\/wp-content\/uploads\/2021\/03\/1I9A0921_edited-1000x668-1.jpg 1000w\" sizes=\"auto, (max-width: 497px) 100vw, 497px\" \/><\/a><p id=\"caption-attachment-14916\" class=\"wp-caption-text\">Centinaia di palestinesi e israeliani marciano da Silwan a Gerusalemme est fino alla residenza del primo ministro, il 6 febbraio 2021 (Keren Manor \/ Activestills.org)<\/p><\/div>\n<p style=\"text-align: justify;\">Zoheir Rajbi si \u00e8 sentito incoraggiato, quasi ottimista. All&#8217;inizio di febbraio, centinaia di israeliani sono venuti nella sua comunit\u00e0 di Batan al-Hawa nel quartiere di Silwan a Gerusalemme est, dove ha guidato la lotta contro gli sfratti delle famiglie palestinesi. Insieme a dozzine di palestinesi, gli attivisti israeliani hanno guidato una marcia da Silwan a Balfour Street, il luogo delle proteste anti-Netanyahu che si sono svolte regolarmente fuori dalla residenza del Primo Ministro nell&#8217;ultimo anno.<!--more--><\/p>\n<p style=\"text-align: justify;\">La marcia \u00e8 stata uno spettacolo raro a Gerusalemme est, e in particolare a Silwan, un quartiere di 60.000 palestinesi e diverse centinaia di coloni ebrei.<\/p>\n<p style=\"text-align: justify;\">Sostenuti da 20 anni di sforzi di giudaizzazione guidati dallo stato, i coloni sono costantemente accompagnati da guardie di sicurezza finanziate con fondi pubblici e viaggiano in veicoli blindati; ricevono tutti i loro servizi pubblici, come l&#8217;istruzione e la sanit\u00e0, in altri quartieri di Gerusalemme.<\/p>\n<p style=\"text-align: justify;\">Batan al-Hawa si trova nel cuore di Silwan e ospita oltre 10.000 palestinesi. Dal 2001, l&#8217;organizzazione di coloni israeliani Ateret Cohanim ha cercato di stabilire un quartiere ebraico a Batan al-Hawa. Nel 2004, i coloni associati al gruppo hanno rilevato due edifici nell&#8217;area che sono stati acquistati da un frontman palestinese. Il primo, Beit Yonatan, \u00e8 un edificio di sei piani costruito illegalmente per i coloni che vivono a Silwan. Il secondo, Beit Ha\u2019Dvash, \u00e8 un piccolo edificio di una unit\u00e0 situato a 100 metri da Beit Yonatan.<\/p>\n<p style=\"text-align: justify;\">Dal 2015, altre quattro case palestinesi sono state rilevate da Ateret Cohanim, portando a 14 il numero totale di famiglie palestinesi sfrattate. Altre dozzine sono in attesa di sentenze sui loro casi. Dall&#8217;inizio del 2020, la Corte dei magistrati di Gerusalemme ha ordinato lo sgombero di altre 23 famiglie (ogni famiglia \u00e8 in diverse fasi del ricorso per lo sfratto). Circa 200 famiglie palestinesi sono minacciate di essere cacciate dalle loro case<\/p>\n<div id=\"attachment_14915\" style=\"width: 502px\" class=\"wp-caption aligncenter\"><a href=\"http:\/\/reteitalianaism.it\/reteism\/index.php\/2021\/03\/01\/riusciranno-le-riaccese-proteste-di-silwan-a-respingere-le-minacce-di-sfratto-di-israele\/attachment\/14915\/\" rel=\"attachment wp-att-14915\"><img loading=\"lazy\" decoding=\"async\" aria-describedby=\"caption-attachment-14915\" class=\" wp-image-14915\" src=\"http:\/\/reteitalianaism.it\/reteism\/wp-content\/uploads\/2021\/03\/F200130HP022-1-300x200.jpg\" alt=\"\" width=\"492\" height=\"328\" srcset=\"https:\/\/reteitalianaism.it\/reteism\/wp-content\/uploads\/2021\/03\/F200130HP022-1-300x200.jpg 300w, https:\/\/reteitalianaism.it\/reteism\/wp-content\/uploads\/2021\/03\/F200130HP022-1-1024x682.jpg 1024w, https:\/\/reteitalianaism.it\/reteism\/wp-content\/uploads\/2021\/03\/F200130HP022-1-768x512.jpg 768w, https:\/\/reteitalianaism.it\/reteism\/wp-content\/uploads\/2021\/03\/F200130HP022-1-1536x1024.jpg 1536w, https:\/\/reteitalianaism.it\/reteism\/wp-content\/uploads\/2021\/03\/F200130HP022-1.jpg 2000w\" sizes=\"auto, (max-width: 492px) 100vw, 492px\" \/><\/a><p id=\"caption-attachment-14915\" class=\"wp-caption-text\">A young Jewish girl looks a the view of Palestinian houses in village of Silwan, from the City of David National Park, on July 14, 2019. Photo by Hadas Parush\/Flash90<\/p><\/div>\n<p style=\"text-align: justify;\">La base per le affermazioni di Ateret Cohanim \u00e8 la legge sulle questioni legali e amministrative del 1970, che stabilisce che gli ebrei che possedevano propriet\u00e0 a Gerusalemme est e le hanno perse durante e dopo la guerra del 1948 possono richiederla indietro al Custode generale. Ci\u00f2 \u00e8 in netto contrasto con la legge sulla propriet\u00e0 degli assenti del 1950, che decreta che i palestinesi che sono fuggiti o sono stati espulsi durante il 1948 non avrebbero avuto il diritto di tornare alle propriet\u00e0 perse nella stessa identica guerra.<\/p>\n<p style=\"text-align: justify;\">&#8220;\u00c8 stato emozionante, il mix di persone che hanno marciato con noi a Balfour street&#8221;, dice Rajabi a casa sua, che \u00e8 minacciata di essere rilevata dai coloni. \u201cLa gente aveva molta [energia] per uscire. In tutte le manifestazioni che abbiamo avuto fino ad oggi a Silwan, la polizia ci ha sempre attaccati, ci sono stati arresti e caos totale. All&#8217;improvviso marci e urli e nessuno ti si avvicina. Abbiamo camminato vicino all&#8217;ingresso del Muro Occidentale, Citt\u00e0 di David, Mamila, fino a Balfour. \u00c8 come se fossi in prigione e all&#8217;improvviso le porte si aprissero. Abbiamo raggiunto la casa di Netanyahu. I giovani hanno gridato &#8220;Bibi \u00e8 un ladro&#8221;. Ora le persone del quartiere mi chiedono quando avr\u00e0 luogo la prossima manifestazione &#8220;.<\/p>\n<p style=\"text-align: justify;\">La marcia \u00e8 stata organizzata dai residenti locali insieme alla ONG israeliana Peace Now, ed \u00e8 stata raggiunta da diversi gruppi di attivisti che manifestano regolarmente davanti alla residenza del Primo Ministro.<\/p>\n<div id=\"attachment_14914\" style=\"width: 508px\" class=\"wp-caption aligncenter\"><a href=\"http:\/\/reteitalianaism.it\/reteism\/index.php\/2021\/03\/01\/riusciranno-le-riaccese-proteste-di-silwan-a-respingere-le-minacce-di-sfratto-di-israele\/1i9a0719_edited\/\" rel=\"attachment wp-att-14914\"><img loading=\"lazy\" decoding=\"async\" aria-describedby=\"caption-attachment-14914\" class=\" wp-image-14914\" src=\"http:\/\/reteitalianaism.it\/reteism\/wp-content\/uploads\/2021\/03\/1I9A0719_edited-300x200.jpg\" alt=\"\" width=\"498\" height=\"332\" srcset=\"https:\/\/reteitalianaism.it\/reteism\/wp-content\/uploads\/2021\/03\/1I9A0719_edited-300x200.jpg 300w, https:\/\/reteitalianaism.it\/reteism\/wp-content\/uploads\/2021\/03\/1I9A0719_edited-1024x683.jpg 1024w, https:\/\/reteitalianaism.it\/reteism\/wp-content\/uploads\/2021\/03\/1I9A0719_edited-768x512.jpg 768w, https:\/\/reteitalianaism.it\/reteism\/wp-content\/uploads\/2021\/03\/1I9A0719_edited.jpg 1500w\" sizes=\"auto, (max-width: 498px) 100vw, 498px\" \/><\/a><p id=\"caption-attachment-14914\" class=\"wp-caption-text\">Centinaia di palestinesi e israeliani marciano da Silwan a Gerusalemme est fino alla residenza del primo ministro, il 6 febbraio 2021 (Keren Manor \/ Activestills.org)<\/p><\/div>\n<p style=\"text-align: justify;\"><strong>Come hanno reagito i manifestanti a Balfour street alla tua protesta?<\/strong><\/p>\n<p style=\"text-align: justify;\">\u201cLe persone erano felici e si sono congratulate con noi. Non capita tutti i giorni di sentire l&#8217;arabo alle manifestazioni l\u00ec. Dissero: &#8220;Naturalmente non siamo d&#8217;accordo con [gli sfratti], questo \u00e8 il lavoro di Bibi Netanyahu&#8221;. Siamo arrivati \u200b\u200bin gran numero; 25 persone provenivano solo dalla mia famiglia. C&#8217;erano molti israeliani che hanno visitato Silwan per la prima volta per sapere cosa sta succedendo qui. C&#8217;erano quasi mille persone in totale. &#8220;<\/p>\n<p style=\"text-align: justify;\"><strong>Come spieghi la realt\u00e0 agli israeliani che non hanno mai sentito parlare di Silwan o degli sfratti l\u00ec?<\/strong><\/p>\n<p style=\"text-align: justify;\">\u201cLe persone a Balfour sapevano che esisteva un posto chiamato Silwan, ma non sapevano che ci sono ordini di sfratto contro 1.000 persone. Sono rimasto sorpreso dalla quantit\u00e0 di persone che sono venute e hanno visto tutto quello che stava succedendo. Ho parlato ebraico e arabo e ho detto che siamo persone in cerca di pace, non terroristi come spesso ci caratterizzano. Possediamo queste case dagli anni &#8217;60, prima dell&#8217;occupazione di Gerusalemme. Abbiamo vissuto qui fino al 2015, quando improvvisamente Hekdesh Benvenisti [un trust ebraico fondato nel 1899 per supervisionare lo sviluppo a Silwan, e oggi \u00e8 sotto gli auspici di Ateret Cohanim] ha detto che quella era la loro terra e che vogliono allontanarci da 86 case. Non vogliono comprare solo una casa, vogliono l&#8217;intero quartiere.<\/p>\n<p style=\"text-align: justify;\">\u201cQuesta \u00e8 la politica del governo, la politica dello stato. Bibi sta guidando l&#8217;intero gioco. Ha dato il potere ai coloni di Gerusalemme di impossessarsi di case e terreni e consente a organismi come il Comune di Gerusalemme, il JNF e il Custode generale di eseguire ordini di demolizione e sfratto &#8220;.<\/p>\n<p style=\"text-align: justify;\"><strong>&#8220;Se Netanyahu va, vedremo un cambiamento&#8221;<\/strong><br \/>\nRajbi, 50 anni, \u00e8 uno dei leader della lotta contro gli sfratti a Batan al-Hawa. Da casa sua, si possono vedere la Citt\u00e0 Vecchia di Gerusalemme e il complesso della Moschea di Al-Aqsa, una vista che in parte spiega la motivazione dei coloni a conquistare l&#8217;area. In fondo alla strada ci sono Beit Yonatan e Beit Ha&#8217;Dvash, che ospitano coloni protetti da guardie armate.<\/p>\n<p style=\"text-align: justify;\">Nel suo soggiorno c&#8217;\u00e8 uno schermo televisivo collegato a 20 telecamere di sicurezza poste in giro per casa che operano 24 ore al giorno, per criprendere qualsiasi inizio di violenza da parte della polizia o dei coloni.<\/p>\n<p style=\"text-align: justify;\">Rajbi vede una chiara connessione tra la corruzione di Netanyahu e la situazione di Silwan. \u201cUn primo ministro che ruba permetter\u00e0 [ai coloni] di rubare le case qui. Le persone che stanno protestando a Balfour street non lo giustificano e sanno che \u00e8 corrotto. Sanno che non \u00e8 buono per il loro paese, che li conduce alla guerra. Bibi si \u00e8 abituato a sedere sul trono per anni, come i dittatori arabi, e non vuole andarsene &#8220;.<\/p>\n<div id=\"attachment_14913\" style=\"width: 504px\" class=\"wp-caption aligncenter\"><a href=\"http:\/\/reteitalianaism.it\/reteism\/index.php\/2021\/03\/01\/riusciranno-le-riaccese-proteste-di-silwan-a-respingere-le-minacce-di-sfratto-di-israele\/892a5757\/\" rel=\"attachment wp-att-14913\"><img loading=\"lazy\" decoding=\"async\" aria-describedby=\"caption-attachment-14913\" class=\" wp-image-14913\" src=\"http:\/\/reteitalianaism.it\/reteism\/wp-content\/uploads\/2021\/03\/892A5757-300x200.jpg\" alt=\"\" width=\"494\" height=\"329\" srcset=\"https:\/\/reteitalianaism.it\/reteism\/wp-content\/uploads\/2021\/03\/892A5757-300x200.jpg 300w, https:\/\/reteitalianaism.it\/reteism\/wp-content\/uploads\/2021\/03\/892A5757-768x512.jpg 768w, https:\/\/reteitalianaism.it\/reteism\/wp-content\/uploads\/2021\/03\/892A5757.jpg 1000w\" sizes=\"auto, (max-width: 494px) 100vw, 494px\" \/><\/a><p id=\"caption-attachment-14913\" class=\"wp-caption-text\">Zuheir Rajbi visto nella sua casa a Silwan, Gerusalemme est. (Oren Ziv)<\/p><\/div>\n<p style=\"text-align: justify;\">\nAlcuni dei manifestanti a Balfour credono che Netanyahu sia l&#8217;unico problema. Credi che se se ne va le cose andranno meglio a Gerusalemme est?<\/p>\n<p style=\"text-align: justify;\">\u201cPenso che se Netanyahu se ne andr\u00e0, ci sar\u00e0 un cambiamento &#8211; anche nelle nostre leggi, nel comportamento nei nostri confronti, nel modo in cui si comporta la polizia. Ultimamente, gli agenti di polizia che sanno che siamo di Silwan o di Batan al-Hawa hanno preso una mano pi\u00f9 ferma con noi. Se sostituiscono il governo, sono sicuro all&#8217;80% che ci sar\u00e0 un cambiamento &#8220;.<\/p>\n<p style=\"text-align: justify;\"><strong>Pensi che pi\u00f9 manifestanti Balfour si uniranno regolarmente alla tua lotta?<\/strong><\/p>\n<p style=\"text-align: justify;\">\u201cConosco gli [attivisti] israeliani che vengono regolarmente qui, ma quelli che sono venuti la scorsa settimana erano nuovi. Non abbiamo avuto un primo incontro con loro, abbiamo appena iniziato a parlare [alla marcia]. Ci sono molte persone che hanno preso i miei dati di contatto e mi hanno detto &#8220;siamo con te&#8221;. Alcuni hanno persino chiamato dopo. Dovrebbero venire a vedere come famiglie e bambini vengono gettati nelle strade &#8220;.<\/p>\n<p style=\"text-align: justify;\">Ateret Cohanim afferma che la terra su cui sono state costruite le case palestinesi \u00e8 stata acquistata oltre 100 anni fa dal trust Hekdesh Benvenisti. Secondo i documenti, Hekdesh Benvenisti ha acquistato il terreno alla fine del XIX secolo per costruire un quartiere per gli ebrei che erano arrivati \u200b\u200bin Palestina dallo Yemen. Negli anni &#8217;30, quando le tensioni tra ebrei e arabi aumentarono, il mandato britannico ordin\u00f2 ai residenti ebrei di lasciare il quartiere e il trust fu abbandonato.<\/p>\n<div id=\"attachment_14912\" style=\"width: 507px\" class=\"wp-caption aligncenter\"><a href=\"http:\/\/reteitalianaism.it\/reteism\/index.php\/2021\/03\/01\/riusciranno-le-riaccese-proteste-di-silwan-a-respingere-le-minacce-di-sfratto-di-israele\/1i9a0554_edited-e1614612762871\/\" rel=\"attachment wp-att-14912\"><img loading=\"lazy\" decoding=\"async\" aria-describedby=\"caption-attachment-14912\" class=\" wp-image-14912\" src=\"http:\/\/reteitalianaism.it\/reteism\/wp-content\/uploads\/2021\/03\/1I9A0554_edited-e1614612762871-300x200.jpg\" alt=\"\" width=\"497\" height=\"331\" srcset=\"https:\/\/reteitalianaism.it\/reteism\/wp-content\/uploads\/2021\/03\/1I9A0554_edited-e1614612762871-300x200.jpg 300w, https:\/\/reteitalianaism.it\/reteism\/wp-content\/uploads\/2021\/03\/1I9A0554_edited-e1614612762871-1024x683.jpg 1024w, https:\/\/reteitalianaism.it\/reteism\/wp-content\/uploads\/2021\/03\/1I9A0554_edited-e1614612762871-768x512.jpg 768w, https:\/\/reteitalianaism.it\/reteism\/wp-content\/uploads\/2021\/03\/1I9A0554_edited-e1614612762871.jpg 1500w\" sizes=\"auto, (max-width: 497px) 100vw, 497px\" \/><\/a><p id=\"caption-attachment-14912\" class=\"wp-caption-text\">Centinaia di palestinesi e israeliani marciano da Silwan a Gerusalemme est fino alla residenza del primo ministro, il 6 febbraio 2021 (Keren Manor \/ Activestills.org)<\/p><\/div>\n<p style=\"text-align: justify;\">\nNel 2001, Ateret Cohanim ha assunto la gestione del trust, dopo che i palestinesi vivevano nella zona gi\u00e0 da decenni. L&#8217;organizzazione inizi\u00f2 a costruire case e vendere e acquistare appartamenti. Negli ultimi anni, Ateret Cohanim ha utilizzato il trust per chiedere lo sgombero dei palestinesi dalle loro case.<\/p>\n<p style=\"text-align: justify;\">&#8220;Vediamo membri [di destra] della Knesset e membri del consiglio locale venire qui per visitare le case occupate dai coloni&#8221;, dice Rajbi. &#8220;\u00c8 una questione di politica, non di una persona che ha comprato una casa e vuole essere un vicino. Chi vuole venire ed essere un vicino verr\u00e0 davvero, ma non dormire e pensare tutta la notte a come prendere una casa e un&#8217;altra casa, e poi buttarti fuori dalla tua stessa casa. &#8220;<\/p>\n<p style=\"text-align: justify;\"><strong>Attualmente ci sono dozzine di casi e ricorsi pendenti in tribunale. Credi che i tribunali vi aiuteranno?<\/strong><\/p>\n<p style=\"text-align: justify;\">\u201cQuando vengo in aula, non vedo un giudice. Vedo un uomo di Ateret Cohanim seduto sulla sedia del giudice. Sono stato presente per la maggior parte delle udienze riguardanti le case. A volte l&#8217;avvocato dei coloni dimentica le sue parole, quindi il giudice termina la sentenza in modo che [l&#8217;avvocato] non commetta errori. Allora come posso credere in un tribunale israeliano? Non ho scelta, devo andare al tribunale israeliano perch\u00e9 non ho altro posto. So che non mi daranno ci\u00f2 che merito, ma devo andare l\u00ec &#8220;.<\/p>\n<p style=\"text-align: justify;\">Il mese scorso, nell&#8217;ambito di un appello alla Corte Suprema per la decisione di sfrattare la famiglia Dweik dalla loro casa nel quartiere, il giudice Dafna Barak-Erez ha ordinato al procuratore generale di chiarire la sua posizione riguardo all&#8217;evacuazione delle case. Questo, afferma Hagit Ofran, che gestisce il progetto Peace Now&#8217;s Settlement Watch, \u00e8 un passo insolito nel diritto civile. &#8220;Lo Stato \u00e8 invitato a dare la sua posizione&#8221;, spiega Ofran. &#8220;Se [lo stato] sostiene [lo sfratto], diventer\u00e0 un partner attivo in esso.&#8221;<\/p>\n<div id=\"attachment_14911\" style=\"width: 505px\" class=\"wp-caption aligncenter\"><a href=\"http:\/\/reteitalianaism.it\/reteism\/index.php\/2021\/03\/01\/riusciranno-le-riaccese-proteste-di-silwan-a-respingere-le-minacce-di-sfratto-di-israele\/silwan-east-jerusalem-30-9-2014\/\" rel=\"attachment wp-att-14911\"><img loading=\"lazy\" decoding=\"async\" aria-describedby=\"caption-attachment-14911\" class=\" wp-image-14911\" src=\"http:\/\/reteitalianaism.it\/reteism\/wp-content\/uploads\/2021\/03\/main_image30631_lT6T5sJFL0-300x200.jpg\" alt=\"\" width=\"495\" height=\"330\" srcset=\"https:\/\/reteitalianaism.it\/reteism\/wp-content\/uploads\/2021\/03\/main_image30631_lT6T5sJFL0-300x200.jpg 300w, https:\/\/reteitalianaism.it\/reteism\/wp-content\/uploads\/2021\/03\/main_image30631_lT6T5sJFL0-1024x683.jpg 1024w, https:\/\/reteitalianaism.it\/reteism\/wp-content\/uploads\/2021\/03\/main_image30631_lT6T5sJFL0-768x512.jpg 768w, https:\/\/reteitalianaism.it\/reteism\/wp-content\/uploads\/2021\/03\/main_image30631_lT6T5sJFL0.jpg 1500w\" sizes=\"auto, (max-width: 495px) 100vw, 495px\" \/><\/a><p id=\"caption-attachment-14911\" class=\"wp-caption-text\">Gli agenti di polizia israeliani entrano nella casa della famiglia Hayat nel quartiere di Silwan a Gerusalemme est, dopo che i coloni israeliani hanno occupato un appartamento nell&#8217;edificio, il 30 settembre 2014 (Oren Ziv \/ Activestills.org)<\/p><\/div>\n<p style=\"text-align: justify;\">Il padre di Rajbi lavorava in una panetteria e viveva nel quartiere ebraico della Citt\u00e0 Vecchia di Gerusalemme, prima di trasferirsi a Silwan negli anni &#8217;60. Dal 1967, quando Israele occup\u00f2 Gerusalemme Est, fino all&#8217;inizio degli anni 2000, le autorit\u00e0 israeliane non cercarono di evacuare i residenti e nemmeno di riconoscere\u00a0la loro propriet\u00e0 sulle case.<\/p>\n<p style=\"text-align: justify;\">\u201cMio padre non aveva soldi per costruire [una casa] per i suoi figli, cos\u00ec \u00e8 andato al comune e ha ottenuto il permesso di costruire una casa di 30 metri sul tetto per mio fratello. Ha preso un prestito e la banca aveva i documenti della casa fino a quando non abbiamo finito di ripagarlo. Ha costruito pi\u00f9 di quanto gli era stato concesso e ha ricevuto una multa, ma non un ordine di sfratto o altro &#8220;.<\/p>\n<p style=\"text-align: justify;\"><strong>Perch\u00e9 la procedura di sfratto \u00e8 iniziata nel 2015?<\/strong><\/p>\n<p style=\"text-align: justify;\">\u201cI coloni hanno iniziato [con la loro campagna di sfratto] nella citt\u00e0 di David, a Wadi al-Hilweh. Al momento non possono stabilire il Terzo Tempio, quindi stanno lavorando diligentemente per impossessarsi della terra e delle case a Silwan. Stanno sfrattando i palestinesi e li stanno sostituendo con i coloni, insieme ai tunnel che vengono costruiti qui sotto le nostre case. Sar\u00e0 pi\u00f9 facile per loro controllare quest&#8217;area. &#8220;<\/p>\n<p style=\"text-align: justify;\">L&#8217;ondata di sfratti nel 2015 e l&#8217;aumento della presenza di coloni nel quartiere hanno portato anche ulteriori attriti con la polizia, che pattuglia la zona per tutta la giornata, con presenza regolare della Polizia di Frontiera all&#8217;interno di Beit Yonatan.<\/p>\n<p style=\"text-align: justify;\">&#8220;Affrontiamo problemi ogni giorno&#8221;, continua Rajbi. \u201c[La polizia] viene ad arrestarci o i coloni chiudono la strada. Abbiamo creato un centro giovanile in modo che i bambini qui possano giocare e imparare senza problemi. Dal 2015 sono stati arrestati 300 ragazzi di et\u00e0 inferiore ai 18 anni. Dopo che il comune ha visto che il centro funzionava bene, ha detto: &#8220;Ti diamo i soldi, collaboreremo&#8221;. Abbiamo detto loro di no grazie: possono creare un centro da soli &#8220;.<\/p>\n<p style=\"text-align: justify;\"><strong>Cosa pensi del futuro del quartiere e della lotta contro gli sfratti?<\/strong><\/p>\n<p style=\"text-align: justify;\">&#8220;Sono una persona molto forte, ma a volte mi dico: se arriva il giorno e vengo cacciato di casa, cosa far\u00f2 di me e dei bambini? Non ho problemi con gli ebrei che vivono qui, ma voglio chiederti: quale ebreo verr\u00e0 a vivere qui senza tutti i servizi municipali, con lo stato [povero] delle infrastrutture? Ho 50 anni, tutta la mia vita sono stato qui. Qui \u00e8 dove sono cresciuto e mi sono sposato, ho dei nipoti. Tutte le cose belle e le mie giornate difficili erano qui. Arresti e reclusione. Ho visto sia il male che il bene. Sono gi\u00e0 programmato per vivere qui. Posso comprare una casa altrove, e i coloni me l&#8217;hanno persino offerta, ma l\u00ec non funzioner\u00e0 per me. Questo \u00e8 il mio regno. &#8220;<\/p>\n<p>&nbsp;<\/p>\n","protected":false},"excerpt":{"rendered":"<p>https:\/\/www.972mag.com\/ 1 marzo 2021 \u00a0 \u00a0 \u00a0 \u00a0 \u00a0 \u00a0Oren Ziv Con poche speranze che i tribunali fermino la campagna di sfratto dei coloni, un attivista palestinese si sente eccitato dal fatto che gli israeliani si uniscono alla lotta del &hellip; <a href=\"https:\/\/reteitalianaism.it\/reteism\/index.php\/2021\/03\/01\/riusciranno-le-riaccese-proteste-di-silwan-a-respingere-le-minacce-di-sfratto-di-israele\/\">Continue reading <span class=\"meta-nav\">&rarr;<\/span><\/a><\/p>\n","protected":false},"author":2,"featured_media":0,"comment_status":"open","ping_status":"open","sticky":false,"template":"","format":"standard","meta":{"footnotes":""},"categories":[3,68],"tags":[82,37,41,42],"class_list":["post-14910","post","type-post","status-publish","format-standard","hentry","category-info","category-opinioni","tag-gerusalemme-est","tag-occupazione","tag-pulizia-etnica","tag-resistenza"],"_links":{"self":[{"href":"https:\/\/reteitalianaism.it\/reteism\/index.php\/wp-json\/wp\/v2\/posts\/14910","targetHints":{"allow":["GET"]}}],"collection":[{"href":"https:\/\/reteitalianaism.it\/reteism\/index.php\/wp-json\/wp\/v2\/posts"}],"about":[{"href":"https:\/\/reteitalianaism.it\/reteism\/index.php\/wp-json\/wp\/v2\/types\/post"}],"author":[{"embeddable":true,"href":"https:\/\/reteitalianaism.it\/reteism\/index.php\/wp-json\/wp\/v2\/users\/2"}],"replies":[{"embeddable":true,"href":"https:\/\/reteitalianaism.it\/reteism\/index.php\/wp-json\/wp\/v2\/comments?post=14910"}],"version-history":[{"count":2,"href":"https:\/\/reteitalianaism.it\/reteism\/index.php\/wp-json\/wp\/v2\/posts\/14910\/revisions"}],"predecessor-version":[{"id":14919,"href":"https:\/\/reteitalianaism.it\/reteism\/index.php\/wp-json\/wp\/v2\/posts\/14910\/revisions\/14919"}],"wp:attachment":[{"href":"https:\/\/reteitalianaism.it\/reteism\/index.php\/wp-json\/wp\/v2\/media?parent=14910"}],"wp:term":[{"taxonomy":"category","embeddable":true,"href":"https:\/\/reteitalianaism.it\/reteism\/index.php\/wp-json\/wp\/v2\/categories?post=14910"},{"taxonomy":"post_tag","embeddable":true,"href":"https:\/\/reteitalianaism.it\/reteism\/index.php\/wp-json\/wp\/v2\/tags?post=14910"}],"curies":[{"name":"wp","href":"https:\/\/api.w.org\/{rel}","templated":true}]}}