{"id":14920,"date":"2021-03-02T18:13:39","date_gmt":"2021-03-02T17:13:39","guid":{"rendered":"http:\/\/reteitalianaism.it\/reteism\/?p=14920"},"modified":"2021-03-11T19:54:55","modified_gmt":"2021-03-11T18:54:55","slug":"la-femminista-palestinese-khalida-jarrar-condannata-a-2-anni-di-prigione-da-un-tribunale-militare-israeliano-illegittimo","status":"publish","type":"post","link":"https:\/\/reteitalianaism.it\/reteism\/index.php\/2021\/03\/02\/la-femminista-palestinese-khalida-jarrar-condannata-a-2-anni-di-prigione-da-un-tribunale-militare-israeliano-illegittimo\/","title":{"rendered":"La femminista palestinese Khalida Jarrar condannata a 2 anni di prigione da un tribunale militare israeliano illegittimo"},"content":{"rendered":"<p>1 marzo 2021<\/p>\n<p><a href=\"https:\/\/samidoun.net\/2021\/03\/palestinian-feminist-khalida-jarrar-sentenced-to-2-years-in-prison-by-illegitimate-israeli-military-court\/\">https:\/\/samidoun.net\/<\/a><\/p>\n<p><a href=\"http:\/\/reteitalianaism.it\/reteism\/wp-content\/uploads\/2021\/03\/signal-attachment-2019-10-31-103352_001.png\"><img loading=\"lazy\" decoding=\"async\" class=\" wp-image-14921 aligncenter\" src=\"http:\/\/reteitalianaism.it\/reteism\/wp-content\/uploads\/2021\/03\/signal-attachment-2019-10-31-103352_001-300x300.png\" alt=\"\" width=\"415\" height=\"415\" srcset=\"https:\/\/reteitalianaism.it\/reteism\/wp-content\/uploads\/2021\/03\/signal-attachment-2019-10-31-103352_001-300x300.png 300w, https:\/\/reteitalianaism.it\/reteism\/wp-content\/uploads\/2021\/03\/signal-attachment-2019-10-31-103352_001.png 1024w, https:\/\/reteitalianaism.it\/reteism\/wp-content\/uploads\/2021\/03\/signal-attachment-2019-10-31-103352_001-150x150.png 150w, https:\/\/reteitalianaism.it\/reteism\/wp-content\/uploads\/2021\/03\/signal-attachment-2019-10-31-103352_001-768x768.png 768w\" sizes=\"auto, (max-width: 415px) 100vw, 415px\" \/><\/a><\/p>\n<p>Luned\u00ec 1 marzo 2021, nell&#8217;ultima ingiustizia perpetrata nei tribunali militari israeliani illegittimi, Khalida Jarrar, femminista palestinese, parlamentare di sinistra e attiva per la difesa dei diritti dei prigionieri, \u00e8 stata condannata a due anni nelle prigioni israeliane. Ci\u00f2 significa che sar\u00e0 rilasciata alla fine di ottobre 2021, due anni dopo il suo pi\u00f9 recente arresto da parte di oltre 70 soldati armati dell&#8217;occupazione israeliana, che hanno invaso la sua casa il 31 ottobre 2019. Questo avviene solo pochi giorni dopo che la femminista palestinese Khitam Saafin \u00e8 stata condannata ad altri quattro mesi di detenzione amministrativa israeliana, reclusione senza accusa n\u00e9 processo.<br \/>\nSamidoun Palestinian Prisoner Solidarity Network denuncia l&#8217;ingiusta condanna inflitta a Khalida Jarrar e chiede il suo rilascio immediato e quello delle sue compagne palestinesi dietro le sbarre.<\/p>\n<p><!--more-->La leader politica di fama internazionale era stata accusata di &#8220;detenere una posizione in un&#8217;organizzazione proibita&#8221;, il Fronte popolare per la liberazione della Palestina, davanti a un tribunale militare israeliano. Come tutti i principali partiti politici palestinesi, il FPLP di sinistra \u00e8 etichettato come &#8220;organizzazione proibita&#8221; dall&#8217;occupazione israeliana. Queste accuse sono arrivate dopo precedenti attacchi sensazionalisti e anti-palestinesi dei media contro Jarrar e i suoi compagni.<\/p>\n<p><a href=\"https:\/\/www.youtube.com\/watch?v=XEoG4UBKT7I&#038;feature=emb_logo\">https:\/\/www.youtube.com\/watch?v=XEoG4UBKT7I&amp;feature=emb_logo<\/a><\/p>\n<p>Samidoun Palestinian Prisoner Solidarity Network esorta le organizzazioni femminili, i movimenti sociali e tutte le persone di coscienza a mettere in luce le lotte, le esperienze e la resistenza di Khalida Jarrar, Khitam Saafin e di tutte le donne palestinesi &#8211; comprese quelle detenute nelle carceri israeliane &#8211; come parte delle attivit\u00e0 della Giornata internazionale della donna lavoratrice l&#8217;8 marzo 2021. Ci\u00f2 include il lavoro &#8211; in occasione della Giornata internazionale della donna e oltre &#8211; per attivare il boicottaggio di Israele, delle sue istituzioni accademiche e culturali e di societ\u00e0 complici come HP, Puma, Teva Pharmaceuticals e G4S.<\/p>\n<p>L&#8217;occupazione israeliana cerca di espandere e consolidare la sua colonizzazione della Palestina imprigionando i leader del popolo palestinese come Khalida Jarrar e attaccando le organizzazioni che difendono i prigionieri e detenuti palestinesi.<\/p>\n<p>Jarrar \u00e8 stata arrestata solo otto mesi dopo il suo rilascio da 20 mesi di detenzione amministrativa israeliana &#8211; reclusione senza accusa o processo &#8211; dopo il suo ultimo arresto da parte delle forze di occupazione nel 2017. Durante la sua detenzione dal 2017 al 2019, oltre 275 organizzazioni hanno firmato un appello internazionale per il suo rilascio. L&#8217;attacco del 2019 da parte delle forze di occupazione israeliane \u00e8 arrivato anche mentre si preparava a insegnare lezioni sul diritto internazionale e sul movimento palestinese\u00a0alla Bir Zeit University. C&#8217;\u00e8 stata quindi una cancellazione forzata della sua classe che ha accompagnato la presa di mira degli studenti per le loro attivit\u00e0 politiche e studentesche nel campus.<\/p>\n<p>Jarrar \u00e8 una sostenitrice di lunga data della libert\u00e0 dei prigionieri palestinesi ed \u00e8 stata l&#8217;ex vicepresidentessa e direttrice esecutiva della Addameer Prisoner Support and Human Rights Association. \u00c8 anche membro del comitato palestinese che ha aderito allo Statuto di Roma della Corte penale internazionale e ha presentato prove all&#8217;organismo internazionale sui crimini israeliani in corso.<\/p>\n<p>Il suo arresto &#8211; e una sfilza di propaganda mediatica israeliana contro di lei &#8211; si \u00e8 intensificato proprio quando il procuratore capo della Corte penale internazionale, Fatou Bensouda, ha annunciato di aver raccomandato alla CPI di avviare un&#8217;indagine formale sui crimini di guerra israeliani e sui crimini contro l&#8217;umanit\u00e0 in Palestina. Oggi, la sua sentenza arriva solo poche settimane dopo che la CPI ha affermato la sua giurisdizione sulla Palestina occupata per le obiezioni dell&#8217;occupazione israeliana e dei suoi sostenitori imperialisti globali.<\/p>\n<p>Dalla sua ultima detenzione nel 2019, Khalida Jarrar ha continuato a resistere e a parlare, rompendo l&#8217;isolamento che il regime israeliano ha tentato di imporle. Ha scritto la prefazione al libro di Ramzy Baroud, &#8220;These Chains Will Be Broken&#8221;, che racconta le storie di prigionieri politici e detenuti palestinesi:<\/p>\n<p><em>\u201cIn realt\u00e0, queste non sono solo storie di prigione. Per i palestinesi, la prigione \u00e8 un microcosmo della lotta molto pi\u00f9 ampia di un popolo che rifiuta di essere ridotto in schiavit\u00f9 sulla propria terra e che \u00e8 determinato a riconquistare la propria libert\u00e0, con la stessa volont\u00e0 e lo stesso vigore di tutte le nazioni trionfanti una volta colonizzate&#8221;<\/em>.<\/p>\n<p>Le figlie di Jarrar, Suha e Yafa, hanno consegnato un messaggio speciale da parte di Jarrar al Festival della letteratura degli scrittori palestinesi, tenutosi nel dicembre 2020. La sua lettera discute del regime di sorveglianza e del rifiuto di accesso alla letteratura e alle opere culturali perpetrate contro i prigionieri palestinesi e la loro autodifesa, nonch\u00e9 della loro auto-organizzazione nel\u00a0lavoro educativo, nella creativit\u00e0 e nella resistenza continua. Lei scrive:<\/p>\n<p><em>\u201cDalla prigione israeliana di Damon situata in cima al Monte Carmel ad Haifa, porgo i miei saluti a nome mio e delle mie 40 compagne combattenti per la libert\u00e0 palestinesi nelle carceri israeliane. Estendiamo il nostro saluto e il dovuto rispetto a tutti gli scrittori, studiosi, intellettuali e artisti che dicono la verit\u00e0 e chiedono la libert\u00e0 e la giustizia di tutte le persone e che difendono il diritto delle persone all&#8217;autodeterminazione e si oppongono al dominio razzista coloniale.<\/em><\/p>\n<p><em>In questa occasione, consentitemi di inviare i nostri saluti e il nostro sostegno anche a tutti gli scrittori, studiosi, intellettuali e artisti arabi che rifiutano la normalizzazione con il sistema coloniale israeliano e che hanno rifiutato di accettare gli accordi di normalizzazione degli Emirati, del Bahrein e del Sudan con l&#8217;entit\u00e0 sionista.<\/em><em>\u00a0Sono posizioni come queste che rappresentano i veri legami tra il nostro popolo nel mondo arabo e danno potere a noi prigionieri dall&#8217;interno. Sebbene fisicamente siamo tenuti prigionieri dietro recinzioni e sbarre, le nostre anime rimangono libere e si librano nei cieli della Palestina e del mondo. Indipendentemente dalla gravit\u00e0 delle pratiche dell&#8217;occupazione israeliana e dalle misure punitive imposte, la nostra voce libera continuer\u00e0 a parlare a nome del nostro popolo che ha subito catastrofi orrende, sfollamenti, occupazione e arresti. Continuer\u00e0 anche a far conoscere al mondo la forte volont\u00e0 palestinese che rifiuter\u00e0 e sfider\u00e0 incessantemente il colonialismo in tutte le sue forme. Lavoriamo per stabilire e consolidare i valori umani e ci sforziamo di ottenere la liberazione sociale ed economica che unisca tutte le persone libere del mondo&#8230; &#8220;<\/em><\/p>\n<p>Nel 2014, ha resistito &#8211; e sconfitto &#8211; a un tentativo israeliano di trasferirla con la forza dalla sua casa di famiglia a el-Bireh a Gerico. Solo nove mesi dopo, nell&#8217;aprile 2015, \u00e8 stata sequestrata dalle forze di occupazione israeliane e condannata a detenzione amministrativa, incarcerazione senza accusa n\u00e9 processo. Dopo una protesta globale, \u00e8 stata portata davanti ai tribunali militari israeliani e ha dovuto affrontare 12 accuse basate sulla sua attivit\u00e0 politica, dal tenere discorsi alla partecipazione a eventi a sostegno dei prigionieri palestinesi. Ha scontato 15 mesi nella prigione israeliana &#8211; ed \u00e8 stata quindi libera solo per 13 mesi prima del suo arresto nel 2017.<\/p>\n<p><strong>Chiediamo l&#8217;immediato rilascio di Khalida Jarrar e ci impegniamo a mobilitarci per la liberazione di tutti i prigionieri palestinesi e per la liberazione della Palestina, from the river to the sea!<\/strong><\/p>\n<p><a href=\"http:\/\/reteitalianaism.it\/reteism\/wp-content\/uploads\/2021\/03\/signal-attachment-2019-11-03-071026_003.jpeg\"><img loading=\"lazy\" decoding=\"async\" class=\" wp-image-14922 aligncenter\" src=\"http:\/\/reteitalianaism.it\/reteism\/wp-content\/uploads\/2021\/03\/signal-attachment-2019-11-03-071026_003-300x212.jpeg\" alt=\"\" width=\"479\" height=\"339\" srcset=\"https:\/\/reteitalianaism.it\/reteism\/wp-content\/uploads\/2021\/03\/signal-attachment-2019-11-03-071026_003-300x212.jpeg 300w, https:\/\/reteitalianaism.it\/reteism\/wp-content\/uploads\/2021\/03\/signal-attachment-2019-11-03-071026_003-768x543.jpeg 768w, https:\/\/reteitalianaism.it\/reteism\/wp-content\/uploads\/2021\/03\/signal-attachment-2019-11-03-071026_003.jpeg 1024w\" sizes=\"auto, (max-width: 479px) 100vw, 479px\" \/><\/a><\/p>\n<p>&nbsp;<\/p>\n","protected":false},"excerpt":{"rendered":"<p>1 marzo 2021 https:\/\/samidoun.net\/ Luned\u00ec 1 marzo 2021, nell&#8217;ultima ingiustizia perpetrata nei tribunali militari israeliani illegittimi, Khalida Jarrar, femminista palestinese, parlamentare di sinistra e attiva per la difesa dei diritti dei prigionieri, \u00e8 stata condannata a due anni nelle prigioni &hellip; <a href=\"https:\/\/reteitalianaism.it\/reteism\/index.php\/2021\/03\/02\/la-femminista-palestinese-khalida-jarrar-condannata-a-2-anni-di-prigione-da-un-tribunale-militare-israeliano-illegittimo\/\">Continue reading <span class=\"meta-nav\">&rarr;<\/span><\/a><\/p>\n","protected":false},"author":6,"featured_media":0,"comment_status":"open","ping_status":"open","sticky":false,"template":"","format":"standard","meta":{"footnotes":""},"categories":[3,67],"tags":[92,23,343,162,334],"class_list":["post-14920","post","type-post","status-publish","format-standard","hentry","category-info","category-prigionieri","tag-diritti-dei-prigionieri","tag-diritti-umani","tag-freedom-for-khalida-jarrar","tag-khalida-jarrar","tag-violenza-nelle-carceri-israeliane"],"_links":{"self":[{"href":"https:\/\/reteitalianaism.it\/reteism\/index.php\/wp-json\/wp\/v2\/posts\/14920","targetHints":{"allow":["GET"]}}],"collection":[{"href":"https:\/\/reteitalianaism.it\/reteism\/index.php\/wp-json\/wp\/v2\/posts"}],"about":[{"href":"https:\/\/reteitalianaism.it\/reteism\/index.php\/wp-json\/wp\/v2\/types\/post"}],"author":[{"embeddable":true,"href":"https:\/\/reteitalianaism.it\/reteism\/index.php\/wp-json\/wp\/v2\/users\/6"}],"replies":[{"embeddable":true,"href":"https:\/\/reteitalianaism.it\/reteism\/index.php\/wp-json\/wp\/v2\/comments?post=14920"}],"version-history":[{"count":5,"href":"https:\/\/reteitalianaism.it\/reteism\/index.php\/wp-json\/wp\/v2\/posts\/14920\/revisions"}],"predecessor-version":[{"id":14934,"href":"https:\/\/reteitalianaism.it\/reteism\/index.php\/wp-json\/wp\/v2\/posts\/14920\/revisions\/14934"}],"wp:attachment":[{"href":"https:\/\/reteitalianaism.it\/reteism\/index.php\/wp-json\/wp\/v2\/media?parent=14920"}],"wp:term":[{"taxonomy":"category","embeddable":true,"href":"https:\/\/reteitalianaism.it\/reteism\/index.php\/wp-json\/wp\/v2\/categories?post=14920"},{"taxonomy":"post_tag","embeddable":true,"href":"https:\/\/reteitalianaism.it\/reteism\/index.php\/wp-json\/wp\/v2\/tags?post=14920"}],"curies":[{"name":"wp","href":"https:\/\/api.w.org\/{rel}","templated":true}]}}