{"id":14969,"date":"2021-03-10T20:08:38","date_gmt":"2021-03-10T19:08:38","guid":{"rendered":"http:\/\/reteitalianaism.it\/reteism\/?p=14969"},"modified":"2021-03-10T20:09:18","modified_gmt":"2021-03-10T19:09:18","slug":"56-5000-risultati-della-traduzione-i-palestinesi-in-israele-protestano-contro-la-brutalita-e-la-negligenza-della-polizia","status":"publish","type":"post","link":"https:\/\/reteitalianaism.it\/reteism\/index.php\/2021\/03\/10\/56-5000-risultati-della-traduzione-i-palestinesi-in-israele-protestano-contro-la-brutalita-e-la-negligenza-della-polizia\/","title":{"rendered":"Palestinesi in Israele protestano contro la brutalit\u00e0 e la negligenza della polizia"},"content":{"rendered":"<p>9 marzo 2021 | <a href=\"https:\/\/electronicintifada.net\/people\/tamara-nassar\">Tamara Nassar\u00a0<\/a><\/p>\n<p><a href=\"https:\/\/electronicintifada.net\/blogs\/tamara-nassar\/palestinians-israel-protest-police-brutality-neglect\">https:\/\/electronicintifada.net\/blogs\/tamara-nassar\/palestinians-israel-protest-police-brutality-neglect<\/a><\/p>\n<div id=\"attachment_14970\" style=\"width: 522px\" class=\"wp-caption aligncenter\"><a href=\"http:\/\/reteitalianaism.it\/reteism\/wp-content\/uploads\/2021\/03\/210309_-_israel-palestinian-citizens-israel.jpg\"><img loading=\"lazy\" decoding=\"async\" aria-describedby=\"caption-attachment-14970\" class=\" wp-image-14970\" src=\"http:\/\/reteitalianaism.it\/reteism\/wp-content\/uploads\/2021\/03\/210309_-_israel-palestinian-citizens-israel-300x200.jpg\" alt=\"\" width=\"512\" height=\"341\" srcset=\"https:\/\/reteitalianaism.it\/reteism\/wp-content\/uploads\/2021\/03\/210309_-_israel-palestinian-citizens-israel-300x200.jpg 300w, https:\/\/reteitalianaism.it\/reteism\/wp-content\/uploads\/2021\/03\/210309_-_israel-palestinian-citizens-israel-768x512.jpg 768w, https:\/\/reteitalianaism.it\/reteism\/wp-content\/uploads\/2021\/03\/210309_-_israel-palestinian-citizens-israel.jpg 800w\" sizes=\"auto, (max-width: 512px) 100vw, 512px\" \/><\/a><p id=\"caption-attachment-14970\" class=\"wp-caption-text\">Migliaia di cittadini palestinesi di Israele protestano il 5 marzo contro la brutalit\u00e0 e la negligenza della polizia israeliana nella citt\u00e0 settentrionale di Umm al-Fahm. Heidi Levine SIPA<\/p><\/div>\n<p>Migliaia di cittadini palestinesi di Israele sono scesi nelle strade della citt\u00e0 settentrionale di Umm al-Fahm il 5 marzo per protestare contro la brutalit\u00e0 della polizia israeliana e l&#8217;incapacit\u00e0 dello Stato di affrontare la criminalit\u00e0 organizzata e la violenza interna nelle comunit\u00e0 palestinesi in Israele.<\/p>\n<p>Questo \u00e8 stato l&#8217;ottavo venerd\u00ec delle proteste settimanali che i cittadini palestinesi in Israele tengono nelle loro comunit\u00e0.<\/p>\n<p><!--more--><\/p>\n<p><em>I cittadini #palestini #Arab di #Israele hanno protestato pacificamente ogni settimana nelle ultime settimane, di nuovo contro la brutalit\u00e0 della polizia e la negligenza del governo della dilagante violenza nelle localit\u00e0 arabe. La dimostrazione di oggi \u00e8 la pi\u00f9 grande di sempre! <a href=\"https:\/\/twitter.com\/mossawaUSA\/status\/1367829292315508742\/photo\/1\">pic.twitter.com\/POcq7xOBbn<\/a><\/em><\/p>\n<p><em>&#8211; Friends of Mossawa &#8211; USA (@mossawaUSA) <a href=\"https:\/\/twitter.com\/mossawaUSA\/status\/1367829292315508742?ref_src=twsrc%5Etfw\">5 marzo 2021<\/a><\/em><\/p>\n<p>La massiccia affluenza alle urne di venerd\u00ec ha seguito una repressione particolarmente violenta dei manifestanti da parte della polizia, la settimana scorsa.<br \/>\nAdalah, un gruppo che difende i diritti dei palestinesi in Israele, ha detto che la polizia israeliana probabilmente ha usato armi e tattiche &#8220;mortali&#8221; ed &#8220;estreme, pericolose per la vita&#8221; il 26 febbraio &#8220;senza alcuna violenza da parte dei partecipanti alla protesta&#8221;.<\/p>\n<p>Queste armi includevano proiettili d&#8217;acciaio rivestiti di gomma, gas lacrimogeni e granate assordanti, secondo Adalah. La polizia israeliana ha ferito dozzine di manifestanti durante le manifestazioni del 26 febbraio e almeno 40 hanno avuto bisogno di cure mediche.<\/p>\n<p>Tra i feriti Yousef Jabareen, un membro palestinese del parlamento israeliano, la Knesset, e il sindaco di Umm al-Fahm, Samir Sobhi Mahamed, entrambi feriti con granate assordanti. Entrambi sono stati ricoverati in ospedale:<\/p>\n<p>Un altro manifestante \u00e8 stato colpito con un proiettile alla testa e ha richiesto un intervento chirurgico salvavita, ha detto Adalah.<br \/>\nAdalah ha da tempo affermato che la polizia israeliana &#8220;opera sotto il presupposto istituzionale&#8221; che i cittadini palestinesi di Israele siano &#8220;nemici&#8221;.<\/p>\n<p>La polizia israeliana ha anche bloccato l&#8217;ingresso della citt\u00e0 per impedire ai manifestanti di unirsi alle proteste, impedendo loro, illegalmente, di esercitare il proprio diritto di farlo.<\/p>\n<p>La scorsa settimana Adalah ha inviato al procuratore generale di Israele e al commissario di polizia una lettera urgente citando gli abusi della polizia e invitandoli a non usare la forza nella protesta del 5 marzo.<\/p>\n<p>Mansour Abbas, un membro palestinese del parlamento israeliano per il partito Ra&#8217;am, ha tentato di partecipare alla manifestazione di venerd\u00ec scorso, ma si \u00e8 confrontato con i manifestanti e si \u00e8 allontanato.<\/p>\n<p>Abbas ha apertamente espresso la sua disponibilit\u00e0 a cooperare con il primo ministro Benjamin Netanyahu e ha ritirato il suo partito Ra&#8217;am dalla lista congiunta, un blocco di partiti prevalentemente arabi il mese scorso.<\/p>\n<p>Ayman Odeh, il capo della Lista congiunta nel parlamento israeliano, in precedenza aveva detto che il blocco si oppone al comportamento di Abbas e &#8220;alla sua collaborazione con l&#8217;incitatore&#8221;.<\/p>\n<p>Nelle ultime settimane cittadini palestinesi hanno anche manifestato contro l&#8217;uso sconsiderato ed eccessivo della forza letale da parte della polizia israeliana che ha portato alla morte del 22enne Ahmad Hijazi.<\/p>\n<p>Hijazi, uno studente infermieristico, \u00e8 stato ucciso quando la polizia ha aperto il fuoco con fucili d&#8217;assalto in una zona residenziale della citt\u00e0 di Tamra il 2 febbraio durante un tentativo di sventare un&#8217;attivit\u00e0 criminale, secondo Adalah.<\/p>\n<p>Jaber Hijazi, fratello di Ahmad, ha partecipato alla protesta di venerd\u00ec &#8220;per simpatia con i residenti della citt\u00e0 e la societ\u00e0 araba in generale&#8221;, ha riferito il quotidiano israeliano Haaretz.<\/p>\n<p><strong>Discriminazione profonda<\/strong><\/p>\n<p>Nelle comunit\u00e0 palestinesi all&#8217;interno di Israele il numero di omicidi \u00e8 salito alle stelle negli ultimi anni. Nel 2019 ci sono stati 89 omicidi tra i cittadini palestinesi di Israele, rispetto ai 36 tra gli ebrei israeliani, secondo i dati della polizia citati da The Times of Israel.<\/p>\n<p>Mentre il numero di omicidi tra ebrei \u00e8 rimasto abbastanza costante, \u00e8 aumentato costantemente tra i cittadini palestinesi, raggiungendo un allarmante 96 nel 2020.<\/p>\n<p>Il contrasto \u00e8 netto dato che i palestinesi costituiscono solo il 20 per cento dei cittadini di Israele.<\/p>\n<p>I cittadini palestinesi di Israele vivono sotto dozzine di leggi e politiche che li discriminano praticamente in ogni area della vita solo perch\u00e9 non sono ebrei. Ci\u00f2 inevitabilmente produce e rafforza forti disuguaglianze.<\/p>\n<p>I ricercatori hanno a lungo indicato decenni di discriminazione e impoverimento a causa delle politiche dello stato israeliano come un fattore importante nei tassi relativamente alti di criminalit\u00e0 e in aumento della violenza domestica tra i cittadini palestinesi di Israele.<\/p>\n<p>Il parlamento israeliano ha adottato la cosiddetta legge sullo stato nazionale nel 2018, rafforzando ulteriormente la supremazia ebraica e la discriminazione razziale contro i palestinesi nella sua legge costituzionale.<\/p>\n<p>La legge afferma esplicitamente diritti superiori per gli ebrei rispetto ai palestinesi in tutta la Palestina storica &#8211; che include l&#8217;attuale Israele, la Cisgiordania e la Striscia di Gaza.<\/p>\n<p>I cittadini palestinesi di Israele sono i sopravvissuti e i loro discendenti, che sono stati in grado di rimanere in quello che divenne Israele in seguito alla Nakba: la pulizia etnica della Palestina del 1948 da parte delle milizie sioniste.<\/p>\n<p>Sebbene godano di pi\u00f9 diritti dei palestinesi nella Cisgiordania occupata e nella Striscia di Gaza, come il diritto di voto, sono sempre stati cittadini di seconda classe nella migliore delle ipotesi.<\/p>\n<p>Sono spesso definiti &#8220;arabi israeliani&#8221; dai funzionari e dai media israeliani per cancellare la loro identit\u00e0 palestinese e scollegare la loro lotta da quella degli altri palestinesi in Cisgiordania, Gaza e nella diaspora.<\/p>\n<p>Il gran numero di bandiere palestinesi visibili nelle proteste di Umm al-Fahm \u00e8 un&#8217;indicazione che questo sforzo per cancellare la coscienza nazionale dei cittadini palestinesi di Israele \u00e8 fallito.<\/p>\n","protected":false},"excerpt":{"rendered":"<p>9 marzo 2021 | Tamara Nassar\u00a0 https:\/\/electronicintifada.net\/blogs\/tamara-nassar\/palestinians-israel-protest-police-brutality-neglect Migliaia di cittadini palestinesi di Israele sono scesi nelle strade della citt\u00e0 settentrionale di Umm al-Fahm il 5 marzo per protestare contro la brutalit\u00e0 della polizia israeliana e l&#8217;incapacit\u00e0 dello Stato di affrontare &hellip; <a href=\"https:\/\/reteitalianaism.it\/reteism\/index.php\/2021\/03\/10\/56-5000-risultati-della-traduzione-i-palestinesi-in-israele-protestano-contro-la-brutalita-e-la-negligenza-della-polizia\/\">Continue reading <span class=\"meta-nav\">&rarr;<\/span><\/a><\/p>\n","protected":false},"author":6,"featured_media":0,"comment_status":"open","ping_status":"open","sticky":false,"template":"","format":"standard","meta":{"footnotes":""},"categories":[3],"tags":[9,35,119,149,334],"class_list":["post-14969","post","type-post","status-publish","format-standard","hentry","category-info","tag-apartheid","tag-nakba","tag-proteste","tag-proteste-del-venerdi","tag-violenza-nelle-carceri-israeliane"],"_links":{"self":[{"href":"https:\/\/reteitalianaism.it\/reteism\/index.php\/wp-json\/wp\/v2\/posts\/14969","targetHints":{"allow":["GET"]}}],"collection":[{"href":"https:\/\/reteitalianaism.it\/reteism\/index.php\/wp-json\/wp\/v2\/posts"}],"about":[{"href":"https:\/\/reteitalianaism.it\/reteism\/index.php\/wp-json\/wp\/v2\/types\/post"}],"author":[{"embeddable":true,"href":"https:\/\/reteitalianaism.it\/reteism\/index.php\/wp-json\/wp\/v2\/users\/6"}],"replies":[{"embeddable":true,"href":"https:\/\/reteitalianaism.it\/reteism\/index.php\/wp-json\/wp\/v2\/comments?post=14969"}],"version-history":[{"count":2,"href":"https:\/\/reteitalianaism.it\/reteism\/index.php\/wp-json\/wp\/v2\/posts\/14969\/revisions"}],"predecessor-version":[{"id":14972,"href":"https:\/\/reteitalianaism.it\/reteism\/index.php\/wp-json\/wp\/v2\/posts\/14969\/revisions\/14972"}],"wp:attachment":[{"href":"https:\/\/reteitalianaism.it\/reteism\/index.php\/wp-json\/wp\/v2\/media?parent=14969"}],"wp:term":[{"taxonomy":"category","embeddable":true,"href":"https:\/\/reteitalianaism.it\/reteism\/index.php\/wp-json\/wp\/v2\/categories?post=14969"},{"taxonomy":"post_tag","embeddable":true,"href":"https:\/\/reteitalianaism.it\/reteism\/index.php\/wp-json\/wp\/v2\/tags?post=14969"}],"curies":[{"name":"wp","href":"https:\/\/api.w.org\/{rel}","templated":true}]}}