{"id":15012,"date":"2021-03-21T17:50:38","date_gmt":"2021-03-21T16:50:38","guid":{"rendered":"http:\/\/reteitalianaism.it\/reteism\/?p=15012"},"modified":"2021-03-21T17:50:38","modified_gmt":"2021-03-21T16:50:38","slug":"il-quartiere-di-al-bustan-affronta-la-demolizione-israeliana","status":"publish","type":"post","link":"https:\/\/reteitalianaism.it\/reteism\/index.php\/2021\/03\/21\/il-quartiere-di-al-bustan-affronta-la-demolizione-israeliana\/","title":{"rendered":"Il quartiere di Al-Bustan affronta la demolizione israeliana"},"content":{"rendered":"<p style=\"text-align: justify;\"><a href=\"https:\/\/english.palinfo.com\/news\/2021\/3\/21\/Al-Bustan-neighborhood-faces-Israeli-demolition\">https:\/\/english.palinfo.com\/<\/a><br \/>\n<strong>20 marzo 2021<\/strong>\u00a0 \u00a0 \u00a0 \u00a0 \u00a0 <em>GERUSALEMME OCCUPATA<\/em><br \/>\nLa municipalit\u00e0 israeliana di Gerusalemme occupata \u00e8 recentemente tornata alla sua decisione di demolire l&#8217;intero quartiere di Gerusalemme di al-Bustan, che \u00e8 adiacente alla moschea di Al-Aqsa, dopo il rifiuto dei piani di ingegneria, il congelamento degli ordini di demolizione e la cancellazione di tutti gli accordi firmati con i Residenti palestinesi del quartiere.<a href=\"http:\/\/reteitalianaism.it\/reteism\/index.php\/2021\/03\/21\/il-quartiere-di-al-bustan-affronta-la-demolizione-israeliana\/attachment\/1545720622\/\" rel=\"attachment wp-att-15013\"><img loading=\"lazy\" decoding=\"async\" class=\"aligncenter  wp-image-15013\" src=\"http:\/\/reteitalianaism.it\/reteism\/wp-content\/uploads\/2021\/03\/1545720622-300x158.jpg\" alt=\"\" width=\"494\" height=\"260\" srcset=\"https:\/\/reteitalianaism.it\/reteism\/wp-content\/uploads\/2021\/03\/1545720622-300x158.jpg 300w, https:\/\/reteitalianaism.it\/reteism\/wp-content\/uploads\/2021\/03\/1545720622-768x405.jpg 768w, https:\/\/reteitalianaism.it\/reteism\/wp-content\/uploads\/2021\/03\/1545720622.jpg 947w\" sizes=\"auto, (max-width: 494px) 100vw, 494px\" \/><\/a><\/p>\n<p style=\"text-align: justify;\">Il tribunale israeliano ha rifiutato di estendere il congelamento degli ordini di demolizione che sono stati recentemente distribuiti ai cittadini del quartiere. Pertanto, il comune demolir\u00e0 tutte le case per creare il cosiddetto &#8220;parco nazionale biblico&#8221;.<!--more--><\/p>\n<p style=\"text-align: justify;\"><strong>Decisione seria<\/strong><\/p>\n<p style=\"text-align: justify;\">Fakhri Abu Diab, membro del Comitato per la Difesa di Silwan, ha confermato che \u00e8 chiaro che la decisione dell&#8217;occupazione di demolire il quartiere di al-Bustan questa volta \u00e8 seria.<\/p>\n<p style=\"text-align: justify;\">Abu Diab ha sottolineato che ci sono pressioni da parte del partito israeliano di estrema destra per avviare la demolizione del quartiere.<\/p>\n<p style=\"text-align: justify;\">Ha spiegato che l&#8217;occupazione israeliana vuole svuotare Gerusalemme dai suoi abitanti originari e lavorare a progetti di giudaizzazione anche in altre aree.<\/p>\n<p style=\"text-align: justify;\">L&#8217;occupazione vuole trasmettere il suo messaggio alla nuova amministrazione americana e alla Corte penale internazionale che continuer\u00e0 a imporre insediamenti e giudaizzer\u00e0 terre e luoghi sacri, ha osservato Abu Diab.<\/p>\n<p style=\"text-align: justify;\">Ha affermato che a seguito della decisione del tribunale e dell&#8217;insistenza del comune di occupazione di attuare il suo piano, le case del quartiere sono in pericolo di imminente demolizione.<\/p>\n<p style=\"text-align: justify;\"><strong>La decisione di demolizione<\/strong><\/p>\n<p style=\"text-align: justify;\">La storia del quartiere di al-Bustan risale al 2004, quando il comune di occupazione ha emesso la decisione di demolire l&#8217;intero quartiere. Allora ha iniziato a distribuire ordini di demolizione ai suoi 1.550 residenti, con il pretesto di avere costruito senza licenza, anche se le sue terre sono di propriet\u00e0 privata di palestinesi e di fondi islamici.<\/p>\n<p style=\"text-align: justify;\">Il quartiere di Al-Bustan a Silwan si trova a Wadi Al-Nar, tra il quartiere di Wadi Hilweh e il Parco Nazionale nelle vicinanze delle mura di Gerusalemme a ovest. Si trova a circa 300 metri dal muro meridionale della Moschea di Al-Aqsa e ha un&#8217;area di 70 dunum.<\/p>\n<p style=\"text-align: justify;\">L&#8217;occupazione israeliana sostiene che l&#8217;area rappresenta &#8220;il patrimonio storico-culturale del popolo ebraico&#8221;, quindi ha lavorato per giudaizzare il suo nome e trasformarlo in &#8220;Giardino del Re&#8221;.<\/p>\n<p style=\"text-align: justify;\">Negli anni sono stati approvati i piani strutturali per alcune parti della citt\u00e0 di Silwan ma non \u00e8 stata prevista un&#8217;area necessaria per l&#8217;ampliamento del quartiere.<\/p>\n<p style=\"text-align: justify;\">La citt\u00e0 \u00e8 stata testimone del sovraffollamento e i suoi abitanti hanno iniziato a costruire senza permesso, quindi oggi sono a rischio di sfollamento.<\/p>\n<p style=\"text-align: justify;\"><strong>Paura della demolizione di massa<\/strong><\/p>\n<p style=\"text-align: justify;\">I residenti del quartiere temono una demolizione di massa israeliana senza precedenti, che costituirebbe un pericoloso precedente nella storia di Gerusalemme. Inoltre, devono affrontare la deportazione con l&#8217;obiettivo di svuotare la citt\u00e0 dai suoi abitanti originari.<\/p>\n<p style=\"text-align: justify;\"><strong>Decisione di intensificare<\/strong><\/p>\n<p style=\"text-align: justify;\">Abu Diab rivela che la gente di al-Bustan ha deciso di affrontare i bulldozer dell&#8217;occupazione per proteggere le proprie case.<\/p>\n<p style=\"text-align: justify;\">Ha detto: \u201cAbbiamo esaurito tutti i mezzi legali e diplomatici e faremo nuovamente pressione sulle istituzioni internazionali. Tuttavia, faremo affidamento sulla nostra posizione di fronte ai bulldozer israeliani e ci sar\u00e0 un&#8217;escalation dei nostri passi per prevenire queste misure sioniste &#8220;.<\/p>\n<p style=\"text-align: justify;\">Ha spiegato che i gerosolimitani sono riusciti in alcuni casi con la loro unit\u00e0 e fermezza a sventare i piani dell&#8217;occupazione. L&#8217;ultimo dei quali si rifiutava di installare dispositivi elettronici alle porte della moschea di Al-Aqsa, ha aggiunto.<\/p>\n<p style=\"text-align: justify;\">Abu Diab ha confermato che i residenti del quartiere hanno allestito una tenda sit-in permanente per affrontare la decisione della demolizione di massa.<\/p>\n","protected":false},"excerpt":{"rendered":"<p>https:\/\/english.palinfo.com\/ 20 marzo 2021\u00a0 \u00a0 \u00a0 \u00a0 \u00a0 GERUSALEMME OCCUPATA La municipalit\u00e0 israeliana di Gerusalemme occupata \u00e8 recentemente tornata alla sua decisione di demolire l&#8217;intero quartiere di Gerusalemme di al-Bustan, che \u00e8 adiacente alla moschea di Al-Aqsa, dopo il rifiuto &hellip; <a href=\"https:\/\/reteitalianaism.it\/reteism\/index.php\/2021\/03\/21\/il-quartiere-di-al-bustan-affronta-la-demolizione-israeliana\/\">Continue reading <span class=\"meta-nav\">&rarr;<\/span><\/a><\/p>\n","protected":false},"author":2,"featured_media":0,"comment_status":"open","ping_status":"open","sticky":false,"template":"","format":"standard","meta":{"footnotes":""},"categories":[3],"tags":[21,82,41,155],"class_list":["post-15012","post","type-post","status-publish","format-standard","hentry","category-info","tag-demolizioni","tag-gerusalemme-est","tag-pulizia-etnica","tag-west-bank-occupata"],"_links":{"self":[{"href":"https:\/\/reteitalianaism.it\/reteism\/index.php\/wp-json\/wp\/v2\/posts\/15012","targetHints":{"allow":["GET"]}}],"collection":[{"href":"https:\/\/reteitalianaism.it\/reteism\/index.php\/wp-json\/wp\/v2\/posts"}],"about":[{"href":"https:\/\/reteitalianaism.it\/reteism\/index.php\/wp-json\/wp\/v2\/types\/post"}],"author":[{"embeddable":true,"href":"https:\/\/reteitalianaism.it\/reteism\/index.php\/wp-json\/wp\/v2\/users\/2"}],"replies":[{"embeddable":true,"href":"https:\/\/reteitalianaism.it\/reteism\/index.php\/wp-json\/wp\/v2\/comments?post=15012"}],"version-history":[{"count":2,"href":"https:\/\/reteitalianaism.it\/reteism\/index.php\/wp-json\/wp\/v2\/posts\/15012\/revisions"}],"predecessor-version":[{"id":15015,"href":"https:\/\/reteitalianaism.it\/reteism\/index.php\/wp-json\/wp\/v2\/posts\/15012\/revisions\/15015"}],"wp:attachment":[{"href":"https:\/\/reteitalianaism.it\/reteism\/index.php\/wp-json\/wp\/v2\/media?parent=15012"}],"wp:term":[{"taxonomy":"category","embeddable":true,"href":"https:\/\/reteitalianaism.it\/reteism\/index.php\/wp-json\/wp\/v2\/categories?post=15012"},{"taxonomy":"post_tag","embeddable":true,"href":"https:\/\/reteitalianaism.it\/reteism\/index.php\/wp-json\/wp\/v2\/tags?post=15012"}],"curies":[{"name":"wp","href":"https:\/\/api.w.org\/{rel}","templated":true}]}}