{"id":15148,"date":"2021-04-16T20:15:25","date_gmt":"2021-04-16T18:15:25","guid":{"rendered":"http:\/\/reteitalianaism.it\/reteism\/?p=15148"},"modified":"2021-04-16T20:15:25","modified_gmt":"2021-04-16T18:15:25","slug":"perche-il-sostegno-internazionale-alla-corte-penale-internazionale-si-ferma-alla-palestina","status":"publish","type":"post","link":"https:\/\/reteitalianaism.it\/reteism\/index.php\/2021\/04\/16\/perche-il-sostegno-internazionale-alla-corte-penale-internazionale-si-ferma-alla-palestina\/","title":{"rendered":"Perch\u00e9 il sostegno internazionale alla Corte penale internazionale si ferma alla Palestina?"},"content":{"rendered":"<p><a href=\"https:\/\/www.972mag.com\/icc-investigation-palestine-states\/\">https:\/\/www.972mag.com\/<\/a><\/p>\n<p style=\"text-align: justify;\">\u00a0<strong>16 aprile 2021<\/strong> \u00a0 \u00a0\u00a0<em>Matt Cannock e Solomon Sacco,<\/em><\/p>\n<p style=\"text-align: justify;\">Opponendosi a un&#8217;indagine nei territori occupati, gli stati pi\u00f9 potenti contraddicono le proprie posizioni sulla Corte penale internazionale semplicemente per proteggere un alleato politico.<\/p>\n<div id=\"attachment_15153\" style=\"width: 507px\" class=\"wp-caption aligncenter\"><a href=\"http:\/\/reteitalianaism.it\/reteism\/index.php\/2021\/04\/16\/perche-il-sostegno-internazionale-alla-corte-penale-internazionale-si-ferma-alla-palestina\/f140802ark07-1000x668\/\" rel=\"attachment wp-att-15153\"><img loading=\"lazy\" decoding=\"async\" aria-describedby=\"caption-attachment-15153\" class=\" wp-image-15153\" src=\"http:\/\/reteitalianaism.it\/reteism\/wp-content\/uploads\/2021\/04\/F140802ARK07-1000x668-1-300x200.jpg\" alt=\"\" width=\"497\" height=\"331\" srcset=\"https:\/\/reteitalianaism.it\/reteism\/wp-content\/uploads\/2021\/04\/F140802ARK07-1000x668-1-300x200.jpg 300w, https:\/\/reteitalianaism.it\/reteism\/wp-content\/uploads\/2021\/04\/F140802ARK07-1000x668-1-768x513.jpg 768w, https:\/\/reteitalianaism.it\/reteism\/wp-content\/uploads\/2021\/04\/F140802ARK07-1000x668-1.jpg 1000w\" sizes=\"auto, (max-width: 497px) 100vw, 497px\" \/><\/a><p id=\"caption-attachment-15153\" class=\"wp-caption-text\">Un giovane ragazzo palestinese cammina tra le macerie di una casa, che secondo testimoni \u00e8 stata colpita da un attacco aereo israeliano, a Rafah, nel sud della Striscia di Gaza, il 2 agosto 2014 (Abed Rahim Khatib \/ Flash90)<\/p><\/div>\n<p style=\"text-align: justify;\">La decisione del mese scorso del procuratore capo della Corte penale internazionale (ICC), Fatou Bensouda, di aprire un&#8217;indagine completa sui presunti crimini commessi nei territori palestinesi occupati \u00e8 benvenuta per coloro che promuovono i diritti umani e la giustizia. Purtroppo, per\u00f2, sembra che non tutti i paesi siano d&#8217;accordo.<\/p>\n<p style=\"text-align: justify;\">In una lettera del 9 aprile agli amici conservatori di Israele, il primo ministro britannico Boris Johnson ha scritto che il Regno Unito &#8220;si oppone [s] alle indagini della Corte penale internazionale sui crimini di guerra in Palestina&#8221;. L&#8217;indagine, ha aggiunto Johnson, &#8220;d\u00e0 l&#8217;impressione di essere un attacco parziale e pregiudizievole a un amico e alleato del Regno Unito&#8221;.<!--more--><\/p>\n<p style=\"text-align: justify;\">Assumendo questa posizione, il Regno Unito si \u00e8 unito a una serie di stati che sembrano disposti, se non desiderosi, di cementare un sistema selettivo di giustizia internazionale, che darebbe la priorit\u00e0 agli interessi degli stati potenti rispetto agli interessi delle vittime di crimini di guerra e crimini contro l&#8217;umanit\u00e0. .<\/p>\n<p style=\"text-align: justify;\">Nonostante la sentenza della Camera cautelare della CPI che ha confermato la sua giurisdizione in Palestina, molti Stati che avevano presentato argomenti alla corte che si opponeva a tale giurisdizione hanno da allora fatto dichiarazioni pubbliche che condannano il movimento del pubblico ministero. Attraverso la loro opposizione, questi stati rischiano danni irreparabili alla corte e rischiano di minare l&#8217;ordine legale internazionale, semplicemente per proteggere un alleato politico.<\/p>\n<div id=\"attachment_15152\" style=\"width: 502px\" class=\"wp-caption aligncenter\"><a href=\"http:\/\/reteitalianaism.it\/reteism\/index.php\/2021\/04\/16\/perche-il-sostegno-internazionale-alla-corte-penale-internazionale-si-ferma-alla-palestina\/f170206kgpo008-e1618481436117\/\" rel=\"attachment wp-att-15152\"><img loading=\"lazy\" decoding=\"async\" aria-describedby=\"caption-attachment-15152\" class=\" wp-image-15152\" src=\"http:\/\/reteitalianaism.it\/reteism\/wp-content\/uploads\/2021\/04\/F170206KGPO008-e1618481436117-300x200.jpg\" alt=\"\" width=\"492\" height=\"328\" srcset=\"https:\/\/reteitalianaism.it\/reteism\/wp-content\/uploads\/2021\/04\/F170206KGPO008-e1618481436117-300x200.jpg 300w, https:\/\/reteitalianaism.it\/reteism\/wp-content\/uploads\/2021\/04\/F170206KGPO008-e1618481436117-1024x681.jpg 1024w, https:\/\/reteitalianaism.it\/reteism\/wp-content\/uploads\/2021\/04\/F170206KGPO008-e1618481436117-768x511.jpg 768w, https:\/\/reteitalianaism.it\/reteism\/wp-content\/uploads\/2021\/04\/F170206KGPO008-e1618481436117.jpg 1500w\" sizes=\"auto, (max-width: 492px) 100vw, 492px\" \/><\/a><p id=\"caption-attachment-15152\" class=\"wp-caption-text\">Il primo ministro israeliano Benjamin Netanyahu incontra l&#8217;allora ministro degli esteri britannico Boris Johnson a Londra, nel Regno Unito, durante una visita ufficiale di stato. 6 febbraio 2017 (Kobi Gideon \/ GPO)<\/p><\/div>\n<p style=\"text-align: justify;\">Poche settimane prima della lettera di Johnson, l&#8217;Australia ha rilasciato una dichiarazione simile secondo cui la Corte penale internazionale &#8220;non dovrebbe esercitare la giurisdizione in relazione [alla situazione nello Stato di Palestina]&#8221;. Il ministro degli Esteri tedesco Heiko Maas ha fatto eco a questa posizione, affermando che la &#8220;visione giuridica&#8221; della Germania sul caso &#8220;rimane invariata: la corte non ha giurisdizione a causa dell&#8217;assenza dell&#8217;elemento di statualit\u00e0 palestinese richiesto dal diritto internazionale&#8221;.<\/p>\n<p style=\"text-align: justify;\">Il Canada ha anche rilasciato una dichiarazione secondo cui &#8220;non riconosce uno Stato palestinese e quindi non riconosce la sua adesione ai trattati internazionali, incluso lo Statuto di Roma&#8221;. Secondo quanto riferito, anche il ministro degli Esteri ungherese sarebbe stato pubblicamente &#8220;in disaccordo&#8221; con la decisione della Corte penale internazionale.<\/p>\n<p style=\"text-align: justify;\"><strong>Doppi standard<\/strong><br \/>\nIndipendentemente dal fatto che siano d&#8217;accordo con la decisione della CPI sulla sua giurisdizione, questi stati &#8211; che sono tutti parte dello Statuto di Roma &#8211; sono obbligati a rispettare i loro obblighi del trattato. Ci\u00f2 potrebbe includere future richieste di cooperazione con le indagini del tribunale o l&#8217;esecuzione di mandati di arresto contro individui accusati di crimini commessi nei territori occupati.<\/p>\n<p style=\"text-align: justify;\">Ironia della sorte, questi stessi Stati hanno offerto un forte sostegno alla corte quando altri Stati hanno contestato le sue decisioni giudiziarie. Ci\u00f2 include, ad esempio, quando alcuni stati \u00a0hanno affermato che Omar al-Bashir, l&#8217;ex presidente del Sudan (che non \u00e8 parte dello Statuto di Roma), ha beneficiato dell&#8217;immunit\u00e0, precludendo il suo arresto sul loro territorio per accuse relative a sospetti crimini commessi in Darfur. Ci\u00f2 ha provocato l&#8217;evasione dell&#8217;arresto di al-Bashir per anni, nonostante due mandati della CPI emessi contro di lui<\/p>\n<div id=\"attachment_15151\" style=\"width: 498px\" class=\"wp-caption aligncenter\"><a href=\"http:\/\/reteitalianaism.it\/reteism\/index.php\/2021\/04\/16\/perche-il-sostegno-internazionale-alla-corte-penale-internazionale-si-ferma-alla-palestina\/5322938895_e71f2ceaa4_k-e1618481201850\/\" rel=\"attachment wp-att-15151\"><img loading=\"lazy\" decoding=\"async\" aria-describedby=\"caption-attachment-15151\" class=\" wp-image-15151\" src=\"http:\/\/reteitalianaism.it\/reteism\/wp-content\/uploads\/2021\/04\/5322938895_e71f2ceaa4_k-e1618481201850-300x201.jpg\" alt=\"\" width=\"488\" height=\"327\" srcset=\"https:\/\/reteitalianaism.it\/reteism\/wp-content\/uploads\/2021\/04\/5322938895_e71f2ceaa4_k-e1618481201850-300x201.jpg 300w, https:\/\/reteitalianaism.it\/reteism\/wp-content\/uploads\/2021\/04\/5322938895_e71f2ceaa4_k-e1618481201850-1024x685.jpg 1024w, https:\/\/reteitalianaism.it\/reteism\/wp-content\/uploads\/2021\/04\/5322938895_e71f2ceaa4_k-e1618481201850-768x514.jpg 768w, https:\/\/reteitalianaism.it\/reteism\/wp-content\/uploads\/2021\/04\/5322938895_e71f2ceaa4_k-e1618481201850.jpg 1500w\" sizes=\"auto, (max-width: 488px) 100vw, 488px\" \/><\/a><p id=\"caption-attachment-15151\" class=\"wp-caption-text\">L&#8217;ex presidente sudanese Omar al-Bashir arriva a Juba, l&#8217;attuale Sud Sudan. 4 gennaio 2011 (Al Jazeera English \/ CC BY-SA 2.0)<\/p><\/div>\n<p style=\"text-align: justify;\">\nNel 2013, ad esempio, dopo che diversi membri dello Statuto di Roma non erano riusciti ad arrestare il presidente al-Bashir in visita nei loro paesi, la Germania ha dichiarato che &#8220;la nostra Corte pu\u00f2 adempiere al suo mandato per quanto riguarda la costruzione della pace e la riconciliazione nelle comunit\u00e0 colpite dal conflitto se tutti gli Stati parti rispettano i loro obblighi legali &#8220;. Il Canada ha espresso un appello simile, &#8220;incoraggiando [ing] tutti gli stati a rispettare i loro impegni internazionali&#8221;. L&#8217;Australia ha anche invitato gli Stati parti &#8220;a cooperare con la Corte in conformit\u00e0 con la lettera e lo spirito dello Statuto di Roma&#8221;.<\/p>\n<p style=\"text-align: justify;\">Anche le parole del governo del Regno Unito nel 2014 forniscono un esempio calzante di tale sostegno: &#8220;Per riuscire a porre fine all&#8217;impunit\u00e0, \u00e8 assolutamente vitale che noi tutti cooperiamo con la Corte penale internazionale, in linea con i principi dello Statuto di Roma, che si applicano ugualmente a tutte le persone senza alcuna distinzione &#8230; e anche quando il nostro stato \u00e8 influenzato. &#8220;<\/p>\n<p style=\"text-align: justify;\">Si pu\u00f2 solo sperare che quegli stessi Stati &#8211; che in passato in modo cos\u00ec veemente e giustamente hanno esortato i membri a collaborare con la Corte &#8211; applichino gli stessi standard al caso della Corte penale internazionale sulla Palestina. \u00c8 compito degli Stati \u00a0difendere la capacit\u00e0 della Corte penale internazionale di esercitare il proprio mandato indipendente, non esercitare pressioni proprie per interferire con il processo decisionale giudiziario della Corte.<\/p>\n<p style=\"text-align: justify;\">Su questo punto, dovremmo guardare alla Germania, che ha dichiarato all&#8217;Assemblea degli Stati riunita nel dicembre 2020 che &#8220;si oppone a tutte le misure che interferiscono ingiustamente con l&#8217;esercizio delle funzioni giudiziarie della Corte &#8230; e protegger\u00e0 incessantemente la Corte e il suo personale contro qualsiasi pressione o minaccia esterna. &#8221; Anche se potrebbe non essere stata l&#8217;intenzione, la dichiarazione della Germania sulla Palestina solo pochi mesi dopo &#8211; specialmente dopo che il tribunale ha emesso la sua sentenza &#8211; potrebbe essere vista essa stessa come un modo per &#8220;interferire ingiustamente&#8221; con le funzioni della Corte.<\/p>\n<div id=\"attachment_15150\" style=\"width: 505px\" class=\"wp-caption aligncenter\"><a href=\"http:\/\/reteitalianaism.it\/reteism\/index.php\/2021\/04\/16\/perche-il-sostegno-internazionale-alla-corte-penale-internazionale-si-ferma-alla-palestina\/f190405ark10-e1611248493990\/\" rel=\"attachment wp-att-15150\"><img loading=\"lazy\" decoding=\"async\" aria-describedby=\"caption-attachment-15150\" class=\" wp-image-15150\" src=\"http:\/\/reteitalianaism.it\/reteism\/wp-content\/uploads\/2021\/04\/F190405ARK10-e1611248493990-300x200.jpg\" alt=\"\" width=\"495\" height=\"330\" srcset=\"https:\/\/reteitalianaism.it\/reteism\/wp-content\/uploads\/2021\/04\/F190405ARK10-e1611248493990-300x200.jpg 300w, https:\/\/reteitalianaism.it\/reteism\/wp-content\/uploads\/2021\/04\/F190405ARK10-e1611248493990-1024x683.jpg 1024w, https:\/\/reteitalianaism.it\/reteism\/wp-content\/uploads\/2021\/04\/F190405ARK10-e1611248493990-768x512.jpg 768w, https:\/\/reteitalianaism.it\/reteism\/wp-content\/uploads\/2021\/04\/F190405ARK10-e1611248493990.jpg 1500w\" sizes=\"auto, (max-width: 495px) 100vw, 495px\" \/><\/a><p id=\"caption-attachment-15150\" class=\"wp-caption-text\">Manifestanti palestinesi si scontrano con le forze di sicurezza israeliane durante la Grande Marcia del Ritorno, vicino alla chiusura Israele-Gaza, a est di Rafah, nella Striscia di Gaza meridionale, il 5 aprile 2019 (Abed Rahim Khatib \/ Flash90)<\/p><\/div>\n<p style=\"text-align: justify;\">\u00c8 quindi preoccupante vedere presunti sostenitori della Corte penale internazionale e della giustizia internazionale gettare ombra sul processo giudiziario e abbandonare le vittime con tale sprezzante indifferenza. \u00c8 particolarmente eclatante argomentare &#8211; come hanno fatto molti di questi stati &#8211; che i negoziati politici tra Palestina e Israele dovrebbero avere la precedenza su un processo criminale internazionale, il che implica che un tale processo ostacolerebbe &#8220;una pace globale, giusta e duratura nel medio oriente.&#8221;<\/p>\n<p style=\"text-align: justify;\">Tali argomenti sono stati fatti in tutti i conflitti in cui vengono commessi crimini relativi allo Statuto di Roma, e non sono mai validi. Al contrario, perseguendo la responsabilit\u00e0, la CPI pu\u00f2 svolgere un ruolo fondamentale nel rompere il &#8220;ciclo dell&#8217;impunit\u00e0&#8221; che cos\u00ec spesso frustra una pace durevole e giusta.<\/p>\n<p style=\"text-align: justify;\"><strong>Corte sotto attacco<\/strong><br \/>\nLa Corte penale internazionale deve affrontare e ha dovuto affrontare molti altri attacchi. Alcuni stati, ad esempio, hanno cercato di limitare l&#8217;efficacia del pubblico ministero ponendo limiti impraticabili al bilancio del tribunale. Molto pi\u00f9 preoccupanti sono stati gli attacchi degli Stati Uniti, in particolare sotto la presidenza di Donald Trump; sebbene il presidente Joe Biden abbia finalmente revocato le vergognose sanzioni del suo predecessore al pubblico ministero e al suo staff due settimane fa, c&#8217;\u00e8 ancora incertezza su come Washington proceder\u00e0 nei rapporti con la Corte penale internazionale.<\/p>\n<p style=\"text-align: justify;\">Tuttavia, se la CPI deve rimanere un meccanismo efficace e basato su regole per porre fine all&#8217;impunit\u00e0 per i crimini ai sensi del diritto internazionale, gli Stati devono rispettare le sue decisioni giudiziarie e l&#8217;autorit\u00e0 del pubblico ministero di esercitare la sua discrezione. Quando gli stati hanno contestato le decisioni della corte a seguito del loro mancato arresto del presidente al-Bashir, le questioni legali relative alle sue immunit\u00e0 sono state finalmente risolte dalla Camera d&#8217;appello della CPI.<\/p>\n<div id=\"attachment_15149\" style=\"width: 496px\" class=\"wp-caption aligncenter\"><a href=\"http:\/\/reteitalianaism.it\/reteism\/index.php\/2021\/04\/16\/perche-il-sostegno-internazionale-alla-corte-penale-internazionale-si-ferma-alla-palestina\/7387059854_2b7b789f39_o\/\" rel=\"attachment wp-att-15149\"><img loading=\"lazy\" decoding=\"async\" aria-describedby=\"caption-attachment-15149\" class=\" wp-image-15149\" src=\"http:\/\/reteitalianaism.it\/reteism\/wp-content\/uploads\/2021\/04\/7387059854_2b7b789f39_o-300x200.jpg\" alt=\"\" width=\"486\" height=\"324\" srcset=\"https:\/\/reteitalianaism.it\/reteism\/wp-content\/uploads\/2021\/04\/7387059854_2b7b789f39_o-300x200.jpg 300w, https:\/\/reteitalianaism.it\/reteism\/wp-content\/uploads\/2021\/04\/7387059854_2b7b789f39_o-768x513.jpg 768w, https:\/\/reteitalianaism.it\/reteism\/wp-content\/uploads\/2021\/04\/7387059854_2b7b789f39_o.jpg 950w\" sizes=\"auto, (max-width: 486px) 100vw, 486px\" \/><\/a><p id=\"caption-attachment-15149\" class=\"wp-caption-text\">Fatou Bensouda, procuratore capo della CPI. 17 giugno 2012. (Prachatai \/ Flickr \/ CC BY-NC-ND 2.0)<\/p><\/div>\n<p style=\"text-align: justify;\">\nAnche gli Stati che stanno impugnando il caso sulla Palestina dovrebbero ora rispettare le decisioni del tribunale; possono avanzare contro-argomentazioni legali laddove hanno la facolt\u00e0 di farlo, ma devono astenersi dal compiere attacchi politici al tribunale quando le decisioni non vanno come vogliono.<\/p>\n<p style=\"text-align: justify;\">\u00c8 tempo che tutti gli Stati difendano i diritti di tutte le vittime dei crimini dello Statuto di Roma, compresi quelli nei territori occupati. Come molte vittime nei territori occupati hanno detto alla nostra organizzazione, Amnesty International, &#8220;la Corte penale internazionale rappresenta la nostra unica speranza per ottenere responsabilit\u00e0 e giustizia a lungo negate&#8221;. E come ha sottolineato Amnesty in precedenza, \u201ctutti gli stati che affermano di sostenere la giustizia internazionale devono avere un interesse comune nel sostenere la CPI nell&#8217;esercizio della sua giurisdizione sulla situazione in Palestina &#8220;.<\/p>\n<p style=\"text-align: justify;\">\u00c8 chiaro da tempo che, mentre il Procuratore si sposta per avviare indagini su situazioni che coinvolgono Stati potenti, la CPI e il suo personale saranno sempre pi\u00f9 attaccati e minacciati. Infatti, nei giorni successivi alla decisione della Camera preliminare a febbraio, \u00e8 stato riferito che Israele avrebbe &#8220;chiesto ai suoi alleati di fare pressioni sul procuratore della CPI&#8221; contro l&#8217;apertura di un&#8217;indagine della CPI. Con il nuovo procuratore, Karim Khan, che entrer\u00e0 in carica il 16 giugno, non abbiamo dubbi che resister\u00e0 con forza a tali pressioni e sosterr\u00e0 l&#8217;indipendenza reale e percepita del suo ufficio.<\/p>\n<p style=\"text-align: justify;\">Tuttavia, considerando le dichiarazioni politiche dei potenti Stati membri, Khan sar\u00e0 sottoposto a un controllo ancora maggiore per dimostrare la sua capacit\u00e0 di svolgere il suo mandato senza timori o favori. Gli Stati parte dello Statuto di Roma dovrebbero rimanere fermi nel loro sostegno alla CPI, all&#8217;indipendenza del pubblico ministero e, soprattutto, alle vittime che chiedono la loro giustizia in tribunale.<\/p>\n<p style=\"text-align: justify;\"><em>Matt Cannock \u00e8 il capo del Centro di giustizia internazionale di Amnesty International.<\/em><br \/>\n<em>Solomon Sacco \u00e8 il vicedirettore del Law and Policy Program di Amnesty International.<\/em><\/p>\n<p style=\"text-align: justify;\">\n","protected":false},"excerpt":{"rendered":"<p>https:\/\/www.972mag.com\/ \u00a016 aprile 2021 \u00a0 \u00a0\u00a0Matt Cannock e Solomon Sacco, Opponendosi a un&#8217;indagine nei territori occupati, gli stati pi\u00f9 potenti contraddicono le proprie posizioni sulla Corte penale internazionale semplicemente per proteggere un alleato politico. La decisione del mese scorso del &hellip; <a href=\"https:\/\/reteitalianaism.it\/reteism\/index.php\/2021\/04\/16\/perche-il-sostegno-internazionale-alla-corte-penale-internazionale-si-ferma-alla-palestina\/\">Continue reading <span class=\"meta-nav\">&rarr;<\/span><\/a><\/p>\n","protected":false},"author":2,"featured_media":0,"comment_status":"open","ping_status":"open","sticky":false,"template":"","format":"standard","meta":{"footnotes":""},"categories":[3,68],"tags":[176,23,190,339],"class_list":["post-15148","post","type-post","status-publish","format-standard","hentry","category-info","category-opinioni","tag-diritti-fondamentali","tag-diritti-umani","tag-grande-marcia-del-ritorno","tag-icc"],"_links":{"self":[{"href":"https:\/\/reteitalianaism.it\/reteism\/index.php\/wp-json\/wp\/v2\/posts\/15148","targetHints":{"allow":["GET"]}}],"collection":[{"href":"https:\/\/reteitalianaism.it\/reteism\/index.php\/wp-json\/wp\/v2\/posts"}],"about":[{"href":"https:\/\/reteitalianaism.it\/reteism\/index.php\/wp-json\/wp\/v2\/types\/post"}],"author":[{"embeddable":true,"href":"https:\/\/reteitalianaism.it\/reteism\/index.php\/wp-json\/wp\/v2\/users\/2"}],"replies":[{"embeddable":true,"href":"https:\/\/reteitalianaism.it\/reteism\/index.php\/wp-json\/wp\/v2\/comments?post=15148"}],"version-history":[{"count":2,"href":"https:\/\/reteitalianaism.it\/reteism\/index.php\/wp-json\/wp\/v2\/posts\/15148\/revisions"}],"predecessor-version":[{"id":15155,"href":"https:\/\/reteitalianaism.it\/reteism\/index.php\/wp-json\/wp\/v2\/posts\/15148\/revisions\/15155"}],"wp:attachment":[{"href":"https:\/\/reteitalianaism.it\/reteism\/index.php\/wp-json\/wp\/v2\/media?parent=15148"}],"wp:term":[{"taxonomy":"category","embeddable":true,"href":"https:\/\/reteitalianaism.it\/reteism\/index.php\/wp-json\/wp\/v2\/categories?post=15148"},{"taxonomy":"post_tag","embeddable":true,"href":"https:\/\/reteitalianaism.it\/reteism\/index.php\/wp-json\/wp\/v2\/tags?post=15148"}],"curies":[{"name":"wp","href":"https:\/\/api.w.org\/{rel}","templated":true}]}}