{"id":15160,"date":"2021-04-18T19:14:21","date_gmt":"2021-04-18T17:14:21","guid":{"rendered":"http:\/\/reteitalianaism.it\/reteism\/?p=15160"},"modified":"2021-04-18T19:14:21","modified_gmt":"2021-04-18T17:14:21","slug":"il-vero-apartheid","status":"publish","type":"post","link":"https:\/\/reteitalianaism.it\/reteism\/index.php\/2021\/04\/18\/il-vero-apartheid\/","title":{"rendered":"Il &#8220;vero&#8221; apartheid"},"content":{"rendered":"<p style=\"text-align: justify;\"><a href=\"https:\/\/www.middleeastmonitor.com\/20210417-the-real-apartheid\/\">https:\/\/www.middleeastmonitor.com\/<\/a><br \/>\n<strong>17 aprile 2021 \u00a0 \u00a0\u00a0<\/strong><em>Asa Winstanley<\/em><\/p>\n<p style=\"text-align: justify;\">&#8220;Questo \u00e8 il vero apartheid&#8221;, ha twittato la scorsa settimana l&#8217;avvocata ebrea americana Brooke Goldstein. &#8220;Il fatto che gli ebrei non possano entrare nel &#8216;territorio palestinese'&#8221;, ha affermato, &#8220;rifiuto il fatto che alcuni luoghi siano pericolosi per me perch\u00e9 IO \u200b\u200bSONO EBREA&#8221;.<\/p>\n<div id=\"attachment_15162\" style=\"width: 502px\" class=\"wp-caption aligncenter\"><a href=\"http:\/\/reteitalianaism.it\/reteism\/index.php\/2021\/04\/18\/il-vero-apartheid\/20200605_2_42811480_55652425\/\" rel=\"attachment wp-att-15162\"><img loading=\"lazy\" decoding=\"async\" aria-describedby=\"caption-attachment-15162\" class=\" wp-image-15162\" src=\"http:\/\/reteitalianaism.it\/reteism\/wp-content\/uploads\/2021\/04\/20200605_2_42811480_55652425-300x200.jpg\" alt=\"\" width=\"492\" height=\"328\" srcset=\"https:\/\/reteitalianaism.it\/reteism\/wp-content\/uploads\/2021\/04\/20200605_2_42811480_55652425-300x200.jpg 300w, https:\/\/reteitalianaism.it\/reteism\/wp-content\/uploads\/2021\/04\/20200605_2_42811480_55652425-1024x683.jpg 1024w, https:\/\/reteitalianaism.it\/reteism\/wp-content\/uploads\/2021\/04\/20200605_2_42811480_55652425-768x512.jpg 768w, https:\/\/reteitalianaism.it\/reteism\/wp-content\/uploads\/2021\/04\/20200605_2_42811480_55652425.jpg 1200w\" sizes=\"auto, (max-width: 492px) 100vw, 492px\" \/><\/a><p id=\"caption-attachment-15162\" class=\"wp-caption-text\">Forze israeliane a una protesta palestinese in Cisgiordania, Palestina il 5 giugno 2020 [Issam Rimawi \/ Agenzia Anadolu]<\/p><\/div>\n<p style=\"text-align: justify;\">Goldstein ha accompagnato il suo tweet con una foto di un grande cartello rosso in Cisgiordania che recita (in ebraico, arabo e inglese): &#8220;Questa strada conduce a un villaggio palestinese [sic] l&#8217;ingresso per i cittadini israeliani \u00e8 pericoloso&#8221;.<\/p>\n<p style=\"text-align: justify;\">Ma Goldstein, anche a parte la sua egregia confusione di ebrei con israeliani, ha tralasciato un fatto vitale: il cartello \u00e8 stato fatto da Israele, non dai palestinesi. In tal modo, ha travisato mettendo i palestinesi come colpevoli di &#8220;odio per gli ebrei&#8221;.<!--more--><\/p>\n<p style=\"text-align: justify;\">\u00c8 il regime di apartheid di Israele che determina chi pu\u00f2 andare e dove in Cisgiordania. \u00c8 il sistema dittatoriale israeliano di posti di blocco militari, basi militari ed elaborato sistema di passaggi che decreta chi pu\u00f2 muoversi, dove e perch\u00e9.<\/p>\n<p style=\"text-align: justify;\">Il post di Goldstein \u00e8 stato ampiamente deriso dagli utenti di Twitter.<\/p>\n<p style=\"text-align: justify;\">Ha ricevuto quello che i giovani chiamano &#8220;un rapporto&#8221;. In altre parole, ha ricevuto molte pi\u00f9 risposte (1.100 al momento in cui scrivo) che &#8220;mi piace&#8221; (378) o retweet (solo 145). Le risposte e i tweet di citazione sono quasi tutti critici e derisori, e alcuni di loro piuttosto esilaranti.<a href=\"http:\/\/reteitalianaism.it\/reteism\/index.php\/2021\/04\/18\/il-vero-apartheid\/eyg0507wgaa4xgd\/\" rel=\"attachment wp-att-15163\"><img loading=\"lazy\" decoding=\"async\" class=\"aligncenter  wp-image-15163\" src=\"http:\/\/reteitalianaism.it\/reteism\/wp-content\/uploads\/2021\/04\/Eyg0507WgAA4xGd-225x300.jpeg\" alt=\"\" width=\"383\" height=\"511\" srcset=\"https:\/\/reteitalianaism.it\/reteism\/wp-content\/uploads\/2021\/04\/Eyg0507WgAA4xGd-225x300.jpeg 225w, https:\/\/reteitalianaism.it\/reteism\/wp-content\/uploads\/2021\/04\/Eyg0507WgAA4xGd.jpeg 510w\" sizes=\"auto, (max-width: 383px) 100vw, 383px\" \/><\/a>Questi cartelli rossi sono uno spettacolo comune in Cisgiordania. Chiunque abbia viaggiato l\u00ec li ha visti mentre entrava in aree palestinesi pi\u00f9 vaste.<\/p>\n<p style=\"text-align: justify;\">Ma tali esclusioni sono una conseguenza del razzismo del regime di apartheid israeliano, e non di un immaginario antisemitismo palestinese endemico. L&#8217;esercito israeliano ha iniziato ad apporre i cartelli intorno al 2006, il periodo in cui vivevo in Cisgiordania.<\/p>\n<p style=\"text-align: justify;\">Questi cartelli non sono unici nella storia del separatismo razzista e coloniale. \u00c8 ampiamente ricordato che nel Jim Crow South negli Stati Uniti (prima che il movimento per i diritti civili ottenesse le sue vittorie pi\u00f9 decisive negli anni &#8217;60) e nell&#8217;era dell&#8217;apartheid in Sud Africa, quei regimi impegnati in quella che a volte viene definita &#8220;piccola apartheid&#8221;.<\/p>\n<p style=\"text-align: justify;\">Hanno messo cartelli e altre infrastrutture che designano molti spazi pubblici per &#8220;solo bianchi&#8221; o &#8220;solo europei&#8221;. Ai neri \u00e8 stato notoriamente negato l&#8217;accesso alle fontane d&#8217;acqua pubbliche, e persino ai commensali e ad altre attivit\u00e0 commerciali.<\/p>\n<p style=\"text-align: justify;\">\nMa il corollario naturale dei cartelli razzisti &#8220;solo bianchi&#8221; erano quelli che accompagnavano i segni &#8220;solo neri&#8221; o &#8220;solo colorati&#8221;, messi in atto anche da quegli stessi regimi suprematisti bianchi. In modo molto simile, il regime dell&#8217;apartheid israeliano erige questi cartelli rossi come un modo per mantenere i palestinesi &#8220;al loro posto&#8221;.<\/p>\n<p style=\"text-align: justify;\">Non hanno tanto lo scopo di tenere gli israeliani &#8211; e certamente non gli ebrei &#8211; fuori dalle aree palestinesi della Cisgiordania. Piuttosto, mirano a rafforzare l&#8217;ideologia europea del separatismo razziale, negando l&#8217;uguaglianza di umanit\u00e0 alle persone indigene &#8220;non bianche&#8221;.<\/p>\n<div id=\"attachment_15161\" style=\"width: 502px\" class=\"wp-caption aligncenter\"><a href=\"http:\/\/reteitalianaism.it\/reteism\/index.php\/2021\/04\/18\/il-vero-apartheid\/2012_construct-nearly-800-new-settlement-units-in-the-jewish-gilo-neighborhood-south-of-the-city-of-jerusalem-1\/\" rel=\"attachment wp-att-15161\"><img loading=\"lazy\" decoding=\"async\" aria-describedby=\"caption-attachment-15161\" class=\" wp-image-15161\" src=\"http:\/\/reteitalianaism.it\/reteism\/wp-content\/uploads\/2021\/04\/2012_construct-nearly-800-new-settlement-units-in-the-Jewish-Gilo-neighborhood-south-of-the-city-of-Jerusalem-1-300x200.jpg\" alt=\"\" width=\"492\" height=\"328\" srcset=\"https:\/\/reteitalianaism.it\/reteism\/wp-content\/uploads\/2021\/04\/2012_construct-nearly-800-new-settlement-units-in-the-Jewish-Gilo-neighborhood-south-of-the-city-of-Jerusalem-1-300x200.jpg 300w, https:\/\/reteitalianaism.it\/reteism\/wp-content\/uploads\/2021\/04\/2012_construct-nearly-800-new-settlement-units-in-the-Jewish-Gilo-neighborhood-south-of-the-city-of-Jerusalem-1-1024x683.jpg 1024w, https:\/\/reteitalianaism.it\/reteism\/wp-content\/uploads\/2021\/04\/2012_construct-nearly-800-new-settlement-units-in-the-Jewish-Gilo-neighborhood-south-of-the-city-of-Jerusalem-1-768x512.jpg 768w, https:\/\/reteitalianaism.it\/reteism\/wp-content\/uploads\/2021\/04\/2012_construct-nearly-800-new-settlement-units-in-the-Jewish-Gilo-neighborhood-south-of-the-city-of-Jerusalem-1.jpg 1200w\" sizes=\"auto, (max-width: 492px) 100vw, 492px\" \/><\/a><p id=\"caption-attachment-15161\" class=\"wp-caption-text\">Immagine dei lavori di costruzione dopo che Israele ha approvato la costruzione di nuove unit\u00e0 di insediamento in Cisgiordania [Mahfouz Abu Turk \/ Apaimages]<\/p><\/div>\n<p style=\"text-align: justify;\">\n<p>L&#8217;obiettivo \u00e8 imporre qualcosa che nel Jim Crow South \u00e8 stato concepito come &#8220;separato ma uguale&#8221;. Naturalmente, in realt\u00e0, era tutt&#8217;altro che uguale. Gli afroamericani erano sistematicamente tenuti nella povert\u00e0 pi\u00f9 spaventosa, in un modo molto simile a come l&#8217;apartheid del Sud Africa manteneva la maggioranza dei neri africani in una povert\u00e0 sistemica.<\/p>\n<p style=\"text-align: justify;\">Il regime dell&#8217;apartheid israeliano nega ai palestinesi la parit\u00e0 di accesso a scuole, finanziamenti, infrastrutture e altre normali funzioni dello stato, rispetto ai generosi investimenti che fa nelle comunit\u00e0 ebraiche israeliane. Questo vale per i palestinesi che sono presumibilmente &#8220;cittadini&#8221; di Israele, prima ancora di entrare nella questione della Cisgiordania occupata, che \u00e8 una pura dittatura dominata dall&#8217;esercito israeliano, in cui i palestinesi hanno zero diritti.<\/p>\n<p style=\"text-align: justify;\">Comprendendo questa ideologia, puoi iniziare a capire perch\u00e9 molte delle persone che prendono in giro Goldstein per essere stupida potrebbero aver perso leggermente il punto, anche se \u00e8 assolutamente corretto e giusto che dovrebbe essere derisa.<\/p>\n<p style=\"text-align: justify;\">Goldstein non ha fatto un semplice malinteso. N\u00e9 \u00e8 probabile che non fosse a conoscenza del fatto che \u00e8 Israele a mettere questi cartelli rossi. \u00c8 molto pi\u00f9 plausibile che stesse mentendo deliberatamente come un modo per distogliere l&#8217;attenzione dall&#8217;accettazione sempre pi\u00f9 diffusa del fatto che Israele \u00e8 un regime di apartheid. Ecco perch\u00e9 ha affermato che il cartello \u00e8 il &#8220;vero apartheid&#8221;.<\/p>\n<p style=\"text-align: justify;\">Goldstein non \u00e8 solo un segno di spunta blu casuale su Twitter, vedi. \u00c8 una razzista anti-palestinese impegnata, dedita a una dura campagna per l&#8217;applicazione del regime di apartheid di Israele e persino a punire e molestare i sostenitori dei diritti dei palestinesi in tutto il mondo.<\/p>\n<p style=\"text-align: justify;\">Gestisce un&#8217;organizzazione sionista chiamata Lawfare Project, dedicata ad attaccare i palestinesi e i loro sostenitori negli Stati Uniti e in tutto il mondo ricorrendo a cause legali spurie.<\/p>\n<p style=\"text-align: justify;\">Una volta ha anche affermato: &#8220;Non esiste una persona palestinese&#8221;.<\/p>\n<p style=\"text-align: justify;\">Quindi la falsa affermazione di Goldstein dell&#8217;antisemitismo palestinese era un tipico caso di proiezione in cui il razzista presume che tutti gli altri &#8211; specialmente le loro vittime &#8211; condividano le loro opinioni razziste.<\/p>\n<p style=\"text-align: justify;\">\n","protected":false},"excerpt":{"rendered":"<p>https:\/\/www.middleeastmonitor.com\/ 17 aprile 2021 \u00a0 \u00a0\u00a0Asa Winstanley &#8220;Questo \u00e8 il vero apartheid&#8221;, ha twittato la scorsa settimana l&#8217;avvocata ebrea americana Brooke Goldstein. &#8220;Il fatto che gli ebrei non possano entrare nel &#8216;territorio palestinese&#8217;&#8221;, ha affermato, &#8220;rifiuto il fatto che alcuni &hellip; <a href=\"https:\/\/reteitalianaism.it\/reteism\/index.php\/2021\/04\/18\/il-vero-apartheid\/\">Continue reading <span class=\"meta-nav\">&rarr;<\/span><\/a><\/p>\n","protected":false},"author":2,"featured_media":0,"comment_status":"open","ping_status":"open","sticky":false,"template":"","format":"standard","meta":{"footnotes":""},"categories":[3,68],"tags":[9,155],"class_list":["post-15160","post","type-post","status-publish","format-standard","hentry","category-info","category-opinioni","tag-apartheid","tag-west-bank-occupata"],"_links":{"self":[{"href":"https:\/\/reteitalianaism.it\/reteism\/index.php\/wp-json\/wp\/v2\/posts\/15160","targetHints":{"allow":["GET"]}}],"collection":[{"href":"https:\/\/reteitalianaism.it\/reteism\/index.php\/wp-json\/wp\/v2\/posts"}],"about":[{"href":"https:\/\/reteitalianaism.it\/reteism\/index.php\/wp-json\/wp\/v2\/types\/post"}],"author":[{"embeddable":true,"href":"https:\/\/reteitalianaism.it\/reteism\/index.php\/wp-json\/wp\/v2\/users\/2"}],"replies":[{"embeddable":true,"href":"https:\/\/reteitalianaism.it\/reteism\/index.php\/wp-json\/wp\/v2\/comments?post=15160"}],"version-history":[{"count":2,"href":"https:\/\/reteitalianaism.it\/reteism\/index.php\/wp-json\/wp\/v2\/posts\/15160\/revisions"}],"predecessor-version":[{"id":15165,"href":"https:\/\/reteitalianaism.it\/reteism\/index.php\/wp-json\/wp\/v2\/posts\/15160\/revisions\/15165"}],"wp:attachment":[{"href":"https:\/\/reteitalianaism.it\/reteism\/index.php\/wp-json\/wp\/v2\/media?parent=15160"}],"wp:term":[{"taxonomy":"category","embeddable":true,"href":"https:\/\/reteitalianaism.it\/reteism\/index.php\/wp-json\/wp\/v2\/categories?post=15160"},{"taxonomy":"post_tag","embeddable":true,"href":"https:\/\/reteitalianaism.it\/reteism\/index.php\/wp-json\/wp\/v2\/tags?post=15160"}],"curies":[{"name":"wp","href":"https:\/\/api.w.org\/{rel}","templated":true}]}}