{"id":15233,"date":"2021-04-30T19:52:35","date_gmt":"2021-04-30T17:52:35","guid":{"rendered":"http:\/\/reteitalianaism.it\/reteism\/?p=15233"},"modified":"2021-04-30T19:52:35","modified_gmt":"2021-04-30T17:52:35","slug":"gerusalemme-e-pronta-per-esplodere-il-mondo-non-puo-dire-di-non-essere-stato-avvertito","status":"publish","type":"post","link":"https:\/\/reteitalianaism.it\/reteism\/index.php\/2021\/04\/30\/gerusalemme-e-pronta-per-esplodere-il-mondo-non-puo-dire-di-non-essere-stato-avvertito\/","title":{"rendered":"Gerusalemme \u00e8 pronta per esplodere: il mondo non pu\u00f2 dire di non essere stato avvertito"},"content":{"rendered":"<p style=\"text-align: justify;\"><a href=\"https:\/\/www.middleeasteye.net\/opinion\/israel-jerusalem-palestine-ready-to-explode\">https:\/\/www.middleeasteye.net\/<\/a><\/p>\n<p><strong>30 aprile 2021<\/strong> \u00a0 \u00a0 \u00a0 <em>David Hearst<\/em><\/p>\n<p style=\"text-align: justify;\">I palestinesi sono stati abbandonati, trascurati e traditi. Ora il loro destino \u00e8 nelle strade. \u00c8 sempre stato cos\u00ec.<\/p>\n<div id=\"attachment_15235\" style=\"width: 508px\" class=\"wp-caption aligncenter\"><a href=\"http:\/\/reteitalianaism.it\/reteism\/index.php\/2021\/04\/30\/gerusalemme-e-pronta-per-esplodere-il-mondo-non-puo-dire-di-non-essere-stato-avvertito\/000_98q9n8-1\/\" rel=\"attachment wp-att-15235\"><img loading=\"lazy\" decoding=\"async\" aria-describedby=\"caption-attachment-15235\" class=\" wp-image-15235\" src=\"http:\/\/reteitalianaism.it\/reteism\/wp-content\/uploads\/2021\/04\/000_98Q9N8-1-300x185.jpg\" alt=\"\" width=\"498\" height=\"307\" srcset=\"https:\/\/reteitalianaism.it\/reteism\/wp-content\/uploads\/2021\/04\/000_98Q9N8-1-300x185.jpg 300w, https:\/\/reteitalianaism.it\/reteism\/wp-content\/uploads\/2021\/04\/000_98Q9N8-1-1024x630.jpg 1024w, https:\/\/reteitalianaism.it\/reteism\/wp-content\/uploads\/2021\/04\/000_98Q9N8-1-768x472.jpg 768w, https:\/\/reteitalianaism.it\/reteism\/wp-content\/uploads\/2021\/04\/000_98Q9N8-1.jpg 1400w\" sizes=\"auto, (max-width: 498px) 100vw, 498px\" \/><\/a><p id=\"caption-attachment-15235\" class=\"wp-caption-text\">I poliziotti israeliani arrestano un manifestante palestinese vicino alla Porta di Damasco nella Citt\u00e0 Vecchia di Gerusalemme, il 25 aprile 2021 (AFP)<\/p><\/div>\n<p style=\"text-align: justify;\">\u00c8 passato appena un mese da quando Jared Kushner, genero dell&#8217;ex presidente degli Stati Uniti Donald Trump e inviato per il Medio Oriente, ha dichiarato concluso il conflitto arabo-israeliano.<!--more--><\/p>\n<p style=\"text-align: justify;\">Scrivendo sul Wall Street Journal, Kushner ha dichiarato che &#8220;il terremoto politico&#8221; scatenato dall&#8217;ultima ondata di normalizzazioni arabe con Israele non era finito. In effetti, Kushner ha affermato con entusiasmo, pi\u00f9 di 130.000 israeliani avevano gi\u00e0 visitato Dubai da quando Trump ha ottenuto la firma degli accordi di Abramo lo scorso settembre.<\/p>\n<p style=\"text-align: justify;\">\nNuove relazioni amichevoli stavano fiorendo tra ebrei e arabi. Aspetta solo i voli diretti tra il Marocco e Israele. Presto sarebbe arrivata l&#8217;Arabia Saudita. &#8220;Stiamo assistendo alle ultime vestigia di quello che \u00e8 stato conosciuto come il conflitto arabo-israeliano&#8221;, ha scritto trionfante Kushner.<\/p>\n<p style=\"text-align: justify;\">Nessuna figura statunitense ha scritto qualcosa di cos\u00ec arrogante e di cos\u00ec sbagliato da quando il presidente George W. Bush \u00e8 atterrato su una portaerei dopo l&#8217;invasione dell&#8217;Iraq sfoggiando il fatidico striscione: &#8220;Mission Accomplished&#8221;. Era un&#8217;affermazione che gli IED iracheni fecero inghiottire ai soldati della coalizione statunitense per molti anni da allora in poi.<\/p>\n<p style=\"text-align: justify;\">Kushner non si pente di nulla. Sa di avere ragione, perch\u00e9 ha Dio dalla sua parte. Ma anche tra i nazionalisti laici, Kushner non \u00e8 affatto il solo a pensare che il conflitto vecchio di sette decenni sia finito a parte le urla.<\/p>\n<p style=\"text-align: justify;\"><strong>Regola di minoranza<\/strong><br \/>\nEssere israeliani significa ottenere una vittoria territoriale dopo l&#8217;altra: le alture del Golan, Gerusalemme est, gli insediamenti intorno, la Valle del Giordano. Ogni anno lo stato di Israele si espande per abitare un po&#8217; di pi\u00f9 nella Terra di Israele, il tradizionale nome ebraico per il territorio che si estende ben oltre i confini del 1967.<\/p>\n<p style=\"text-align: justify;\">Israele si \u00e8 da tempo affermato come l&#8217;unico stato tra il fiume e il mare, sempre pi\u00f9 incapace di tollerare qualsiasi altra identit\u00e0 politica al suo fianco. Questa \u00e8 la loro soluzione al conflitto, dove la minoranza ebraica governa su una maggioranza araba.<\/p>\n<p style=\"text-align: justify;\">Essere palestinesi significa ricevere un colpo dopo l&#8217;altro: l&#8217;accettazione da parte dell&#8217;America di Gerusalemme come capitale indivisa di Israele; un nuovo presidente alla Casa Bianca che una volta disse che se Israele non esistesse, gli Stati Uniti avrebbero dovuto inventarlo; la corsa precipitosa a investire e commerciare con Israele, anche da parte dei paesi arabi che non l&#8217;hanno ancora riconosciuto.<\/p>\n<p style=\"text-align: justify;\">La loro stessa leadership \u00e8 isolata e irrimediabilmente divisa. Gioved\u00ec, Mahmoud Abbas, il presidente palestinese, ha rinviato ufficialmente le prime elezioni in 15 anni. Il rifiuto di Israele di consentire ai gerosolimitani di votare era il pretesto per questo. &#8220;Non appena Israele accetter\u00e0 [di far votare i palestinesi a Gerusalemme], terremo le elezioni entro una settimana&#8221;, ha detto Abbas in un discorso televisivo. Ma, come tutti sanno, la causa di questo indefinito ritardo risiede nel colpo \u00a0che Abbas riceverebbe se si fosse recato alle urne. Il suo partito, Fatah, si \u00e8 diviso in tre liste, di cui la lista che dirige lui \u00e8 la meno popolare. La ricerca di Abbas per un mandato popolare appare sempre pi\u00f9 travagliata.<\/p>\n<p style=\"text-align: justify;\">Quindi questo \u00e8 l&#8217;aspetto della fine del conflitto. \u00c8 solo questione di tempo prima che i palestinesi si rendano conto che il loro miglior interesse \u00e8 arrendersi, calcolano Kushner e il primo ministro israeliano Benjamin Netanyahu. Inoltre, i palestinesi hanno gi\u00e0 un loro stato. Si chiama Giordania.<\/p>\n<p style=\"text-align: justify;\"><strong>Pensando di avere vinto, il pericolo \u00e8 maggiore<\/strong><br \/>\nTutto ci\u00f2 \u00e8 una finzione pericolosa. Il progetto di stabilire Israele come stato ebraico non \u00e8 mai stato pi\u00f9 in pericolo di quanto lo sia ora, quando pensa di essere vicino alla vittoria. Perch\u00e9 il vero terremoto non \u00e8 quello che segnala la fine del conflitto, n\u00e9 quello in Cisgiordania o Gaza. Sta scuotendo Israele, a Gerusalemme e nel territorio occupato nel 1948.<\/p>\n<p style=\"text-align: justify;\">\u00c8 tra i palestinesi &#8211; che sono cittadini israeliani o gerosolimitani &#8211; e lo stato stesso, e ha Gerusalemme al centro. Nessun muro o checkpoint protegger\u00e0 Israele dalle sue conseguenze.<\/p>\n<p style=\"text-align: justify;\">Il seguente dialogo tra un manifestante palestinese e un reporter televisivo ebreo \u00e8 stato registrato di recente davanti alla Porta di Damasco nella Citt\u00e0 Vecchia di Gerusalemme. &#8220;Dove \u00e8 nato tuo nonno?&#8221; chiede il palestinese. &#8220;Dove mio nonno\u00a0\u00e8 nato? In Marocco &#8220;, ha risposto il presentatore Mizrahi.&#8221; Non in questa terra, vero? Non era qui. E non \u00e8 venuto qui prima, giusto? &#8220;<\/p>\n<p style=\"text-align: justify;\">&#8220;Quindi cosa vuoi dire?&#8221; &#8220;Quanto a me, mio \u200b\u200bnonno e suo padre sono nati qui.&#8221; &#8220;Devo tornare in Marocco? \u00c8 questo che vuoi dire?&#8221; Il palestinese ha risposto: &#8220;Questa terra non \u00e8 per te &#8230; questa terra non \u00e8 tua. Gerusalemme \u00e8 nostra ed \u00e8 islamica&#8221;.<\/p>\n<div id=\"attachment_15234\" style=\"width: 507px\" class=\"wp-caption aligncenter\"><a href=\"http:\/\/reteitalianaism.it\/reteism\/index.php\/2021\/04\/30\/gerusalemme-e-pronta-per-esplodere-il-mondo-non-puo-dire-di-non-essere-stato-avvertito\/000_98q86m\/\" rel=\"attachment wp-att-15234\"><img loading=\"lazy\" decoding=\"async\" aria-describedby=\"caption-attachment-15234\" class=\" wp-image-15234\" src=\"http:\/\/reteitalianaism.it\/reteism\/wp-content\/uploads\/2021\/04\/000_98Q86M-300x200.jpg\" alt=\"\" width=\"497\" height=\"331\" srcset=\"https:\/\/reteitalianaism.it\/reteism\/wp-content\/uploads\/2021\/04\/000_98Q86M-300x200.jpg 300w, https:\/\/reteitalianaism.it\/reteism\/wp-content\/uploads\/2021\/04\/000_98Q86M-1024x683.jpg 1024w, https:\/\/reteitalianaism.it\/reteism\/wp-content\/uploads\/2021\/04\/000_98Q86M-768x512.jpg 768w, https:\/\/reteitalianaism.it\/reteism\/wp-content\/uploads\/2021\/04\/000_98Q86M-1536x1025.jpg 1536w, https:\/\/reteitalianaism.it\/reteism\/wp-content\/uploads\/2021\/04\/000_98Q86M-2048x1366.jpg 2048w\" sizes=\"auto, (max-width: 497px) 100vw, 497px\" \/><\/a><p id=\"caption-attachment-15234\" class=\"wp-caption-text\">I manifestanti palestinesi alzano le bandiere nazionali mentre si radunano vicino alla Porta di Damasco nella Citt\u00e0 Vecchia di Gerusalemme, il 25 aprile 2021.<\/p><\/div>\n<p style=\"text-align: justify;\">La scintilla per lo scontro \u00e8 stata la decisione di vietare ai palestinesi di sedersi nel cortile e sulle scale davanti alla Porta di Damasco, dove i palestinesi erano soliti sedersi dopo le preghiere alla moschea di Al-Aqsa. Il motivo per la chiusura continua quest&#8217;anno \u00e8 stato Covid-19, ma questo ha provocato l&#8217;interruzione. &#8220;Hanno forse eseguito la chiusura quando c&#8217;era il Purim e la Pasqua ebraica per gli ebrei? Devono aprire il cortile e le scale per noi&#8221;, hanno chiesto i manifestanti.<\/p>\n<p style=\"text-align: justify;\"><strong>Campagna di pulizia etnica<\/strong><br \/>\nCi sono molte pi\u00f9 gravi minacce al loro stile di vita, ma il tentativo di chiusura di quest&#8217;area sembrava essere l&#8217;ultima goccia. I gerosolimitani affrontano una campagna organizzata di pulizia etnica. O sono costretti a distruggere case costruite senza permesso di pianificazione, oppure rischiano l&#8217;espulsione dalle loro case. Un nuovo ciclo di espulsioni \u00e8 previsto a Sheikh Jarrah il 2 maggio, il che potrebbe rivelarsi un&#8217;altra scintilla per la protesta di massa.<\/p>\n<p style=\"text-align: justify;\">Sulla costa di Giaffa, gli scontri tra palestinesi e israeliani hanno un&#8217;altra causa: la vendita delle cosiddette propriet\u00e0 degli assenti ai coloni. Queste sono le propriet\u00e0 di Jaffa i cui proprietari arabi fuggirono durante la Nakba nel 1948 e che ora sono occupate da inquilini palestinesi con affitto a vita.<\/p>\n<p style=\"text-align: justify;\">Nel 1948, il neonato stato di Israele espropri\u00f2 queste propriet\u00e0 a Giaffa, che all&#8217;epoca costituiva il 25% di tutte le propriet\u00e0 immobiliari del paese. Per tre anni, Amidar, la societ\u00e0 immobiliare statale israeliana, ha offerto agli inquilini il diritto di acquistare, ma a prezzi che non potevano permettersi.<\/p>\n<p style=\"text-align: justify;\">La vendita ha creato un punto critico istantaneo. Da settimane ormai i palestinesi a Jaffa si stanno radunando per manifestare. I graffiti che proclamano &#8220;Jaffa non \u00e8 in vendita&#8221; sono aumentati in arabo ed ebraico. La chiara intenzione \u00e8 quella di sostituire la popolazione araba della citt\u00e0 con coloni ebrei.<\/p>\n<p style=\"text-align: justify;\">Scontri tra polizia, coloni e palestinesi di Giaffa hanno avuto luogo dopo che due palestinesi della famiglia al-Jarbo, che stanno affrontando lo sfratto da un edificio residenziale nel quartiere di al-Ajami, avrebbero aggredito il direttore di una Yeshiva, il rabbino Eliyahu Mali, mentre tentava di visualizzare la propriet\u00e0. Amidar sta progettando di espellere i residenti palestinesi della propriet\u00e0 e di venderla al rabbino, che vuole trasformarla in una sinagoga.<\/p>\n<p style=\"text-align: justify;\">Nella citt\u00e0 settentrionale di Umm al Fahm e in altre citt\u00e0 arabe del Triangolo settentrionale e della Galilea, c&#8217;\u00e8 ancora un altro motivo di protesta. Decine di migliaia di palestinesi hanno manifestato contro l&#8217;inazione della polizia per la violenza delle bande armate per otto venerd\u00ec di fila. In ognuna di queste proteste \u00e8 riemersa la bandiera palestinese. I canti sono contro l&#8217;occupazione, eppure tutto questo sta accadendo all&#8217;interno dei confini del 1948 dello stesso Israele.<\/p>\n<p style=\"text-align: justify;\">E cos\u00ec i canti di massa recitano: &#8220;Saluti da Umm Al-Fahm alla nostra orgogliosa Gerusalemme. O sionista &#8230; riesci a sentire? La chiusura delle strade \u00e8 in arrivo. Il tempo gira &#8230; e dopo la notte ci sar\u00e0 il giorno. Da sotto le macerie ci alziamo &#8230; da sotto la distruzione rinasciamo. Paradiso, paradiso, paradiso &#8230; rimani al sicuro O nostra patria. Saluti da Um Al-Fahm alla nostra orgogliosa Gerusalemme &#8220;.<\/p>\n<p style=\"text-align: justify;\"><strong>Una nuova generazione<\/strong><br \/>\nI manifestanti sono giovani, senza paura e senza leader. N\u00e9 Fatah n\u00e9 Hamas hanno alcun potere qui. Tutti pensano a se stessi non come cittadini di Israele, ma come palestinesi la cui terra e i cui diritti sono stati conquistati dallo stato israeliano. Cantano slogan nazionali palestinesi.<\/p>\n<p style=\"text-align: justify;\">Nel frattempo, nel Negev, a sud, i bulldozer israeliani hanno raggiunto un record. Hanno distrutto lo stesso villaggio, al-Araqib, per la 186esima volta. La tensione \u00e8 un fenomeno nazionale. \u00c8 a nord, sud, est e ovest. L&#8217;epicentro di questa rivolta in espansione non \u00e8 Umm al Fahm o Jaffa. \u00c8 Gerusalemme. Ogni alba gli autobus portano le persone dalle citt\u00e0 palestinesi dai confini del 1948 a pregare. Si chiamano &#8220;Al-Murabitun&#8221;, i protettori di Al-Aqsa.<\/p>\n<p style=\"text-align: justify;\">Il canto di Shafa Amr: &#8220;O Gerusalemme, non tremare &#8230; sei piena di arabismo e potenza&#8221;. Da Gerusalemme: \u201cDimentica la tranquillit\u00e0\u2026 vogliamo pietre e razzi. O Aqsa siamo venuti &#8230; e la polizia non ci scoragger\u00e0 &#8220;.<\/p>\n<p style=\"text-align: justify;\">Questi manifestanti non sono motivati \u200b\u200bin modo uniforme dalla religione n\u00e9 la maggior parte di loro \u00e8 socialmente conservatrice. Pezzo dopo pezzo, si sta formando un movimento di protesta nazionale, proprio come ha fatto la Prima Intifada, ma questa volta non sta accadendo in Cisgiordania o Gaza ma all&#8217;interno di Gerusalemme e nei confini dello stesso Israele del 1948.<\/p>\n<p style=\"text-align: justify;\">Una nuova generazione sta riscoprendo la necessit\u00e0 di scendere in strada. E si sta formando un nuovo asse. Non punta a est da Gerusalemme a Ramallah, ma a ovest da Gerusalemme a Giaffa. Le forze di sicurezza in Israele non sanno come reagire. Secondo il quotidiano israeliano Yedioth Aharonoth, vi \u00e8 dissenso tra i vari rami delle forze di sicurezza su come reagire.<\/p>\n<p style=\"text-align: justify;\">Alti funzionari dell&#8217;esercito e dei servizi segreti, riporta il quotidiano, hanno espresso &#8220;una delusione professionale per la condotta della polizia a Gerusalemme durante i recenti scontri, perch\u00e9 non c&#8217;era una preparazione sufficiente e affrontare i primi eventi ha suscitato emozioni&#8221;.<\/p>\n<p style=\"text-align: justify;\">Il giornale afferma che i servizi di intelligence hanno avvertito la polizia di non chiudere le scale che portano a Bab\u00a0al-Amoud &#8220;a causa dell&#8217;esplosione che provocherebbe nella regione&#8221;. Le autorit\u00e0 hanno dato il via alla chiusura dello spazio davanti alla Porta di Damasco, a festeggiamenti sfrenati.<\/p>\n<p style=\"text-align: justify;\"><strong>Sull&#8217;orlo<\/strong><br \/>\nC&#8217;\u00e8 carburante nell&#8217;aria. Non ci vorr\u00e0 molto prima che trovi un&#8217;altra scintilla. Gerusalemme \u00e8 sull&#8217;orlo di un&#8217;esplosione.<\/p>\n<p style=\"text-align: justify;\">Gli alleati internazionali di Israele staranno seduti e attenderanno la morte e lo spargimento di sangue che inevitabilmente accompagnerebbero una nuova rivolta? Joe Biden ha intrapreso un tentativo per ripristinare la leadership degli Stati Uniti sostenendo una politica estera presumibilmente basata sul sostegno ai diritti umani. La sua amministrazione \u00e8 la prima nella storia degli Stati Uniti a riconoscere il genocidio armeno.<\/p>\n<p style=\"text-align: justify;\">\nMa se Biden vuole davvero fare la differenza, non \u00e8 del passato che dovrebbe parlare, ma di quello che sta accadendo proprio ora davanti al suo naso. Se l&#8217;attaccamento di questo nuovo presidente ai diritti umani \u00e8 genuino e non solo una cinica raccolta di chiacchiere, non dovrebbe parlare della storia, dovrebbe farla. Biden dovrebbe iniziare a occuparsi del pi\u00f9 grande violatore seriale dei diritti umani: Israele.<\/p>\n<p style=\"text-align: justify;\">Che ci siano ingiustizie e discriminazioni che soddisfano la definizione di apartheid concordata a livello internazionale, non possono pi\u00f9 esserci dubbi. Un&#8217;organizzazione per i diritti umani dopo l&#8217;altra ha prodotto rapporti esaustivi e accademici che testimoniano la sua esistenza. Il mese scorso \u00e8 stato B\u2019Tselem. Questo mese \u00e8 stato Human Rights Watch. Biden contesta questa prova? \u00c8 d&#8217;accordo con Israele sul fatto che questi rapporti siano fittizi?<\/p>\n<p style=\"text-align: justify;\">Il peso dell&#8217;evidenza non pu\u00f2 pi\u00f9 essere ignorato, le violazioni dei diritti umani avvengono quotidianamente.<\/p>\n<p style=\"text-align: justify;\">Giorno dopo giorno, lo stato di Israele, non solo i suoi coloni, o l&#8217;estrema destra, \u00e8 diventato pi\u00f9 estremo nel far valere la sua sovranit\u00e0 sulle persone di cui ha conquistato le terre. Per quanto tempo allora Biden potr\u00e0 difendere un regime la cui esistenza dipende dall&#8217;uso quotidiano della forza su un popolo che costituisce il 20 per cento dei suoi cittadini e la maggioranza della popolazione tra il fiume e il mare?<\/p>\n<p style=\"text-align: justify;\">Gli accordi di Abraham che Israele ha firmato con due stati arabi sono stati un&#8217;illusione. Netanyahu ha calcolato che l&#8217;apertura di relazioni con gli stati arabi era il mezzo con cui poteva aggirare uno stato palestinese e ignorare i diritti dei palestinesi. Aveva gravemente torto su entrambi i fronti.<\/p>\n<p style=\"text-align: justify;\">Per i palestinesi, non importa pi\u00f9 come reagiscono Biden o il resto del mondo. Abbandonati dalla comunit\u00e0 internazionale, trascurati dai media, traditi dalla maggior parte degli stati arabi, ignorati da una leadership diventata irrilevante per i loro bisogni, il loro destino ora \u00e8 nelle loro mani. Si trova nelle strade. \u00c8 sempre stato cos\u00ec.<\/p>\n<p style=\"text-align: justify;\">\n<p>Ma non fingere di non essere stato avvertito quando esploder\u00e0 il conflitto a Gerusalemme.<\/p>\n<p>&nbsp;<\/p>\n","protected":false},"excerpt":{"rendered":"<p>https:\/\/www.middleeasteye.net\/ 30 aprile 2021 \u00a0 \u00a0 \u00a0 David Hearst I palestinesi sono stati abbandonati, trascurati e traditi. Ora il loro destino \u00e8 nelle strade. \u00c8 sempre stato cos\u00ec. \u00c8 passato appena un mese da quando Jared Kushner, genero dell&#8217;ex presidente &hellip; <a href=\"https:\/\/reteitalianaism.it\/reteism\/index.php\/2021\/04\/30\/gerusalemme-e-pronta-per-esplodere-il-mondo-non-puo-dire-di-non-essere-stato-avvertito\/\">Continue reading <span class=\"meta-nav\">&rarr;<\/span><\/a><\/p>\n","protected":false},"author":2,"featured_media":0,"comment_status":"open","ping_status":"open","sticky":false,"template":"","format":"standard","meta":{"footnotes":""},"categories":[3,68],"tags":[9,82,41],"class_list":["post-15233","post","type-post","status-publish","format-standard","hentry","category-info","category-opinioni","tag-apartheid","tag-gerusalemme-est","tag-pulizia-etnica"],"_links":{"self":[{"href":"https:\/\/reteitalianaism.it\/reteism\/index.php\/wp-json\/wp\/v2\/posts\/15233","targetHints":{"allow":["GET"]}}],"collection":[{"href":"https:\/\/reteitalianaism.it\/reteism\/index.php\/wp-json\/wp\/v2\/posts"}],"about":[{"href":"https:\/\/reteitalianaism.it\/reteism\/index.php\/wp-json\/wp\/v2\/types\/post"}],"author":[{"embeddable":true,"href":"https:\/\/reteitalianaism.it\/reteism\/index.php\/wp-json\/wp\/v2\/users\/2"}],"replies":[{"embeddable":true,"href":"https:\/\/reteitalianaism.it\/reteism\/index.php\/wp-json\/wp\/v2\/comments?post=15233"}],"version-history":[{"count":2,"href":"https:\/\/reteitalianaism.it\/reteism\/index.php\/wp-json\/wp\/v2\/posts\/15233\/revisions"}],"predecessor-version":[{"id":15237,"href":"https:\/\/reteitalianaism.it\/reteism\/index.php\/wp-json\/wp\/v2\/posts\/15233\/revisions\/15237"}],"wp:attachment":[{"href":"https:\/\/reteitalianaism.it\/reteism\/index.php\/wp-json\/wp\/v2\/media?parent=15233"}],"wp:term":[{"taxonomy":"category","embeddable":true,"href":"https:\/\/reteitalianaism.it\/reteism\/index.php\/wp-json\/wp\/v2\/categories?post=15233"},{"taxonomy":"post_tag","embeddable":true,"href":"https:\/\/reteitalianaism.it\/reteism\/index.php\/wp-json\/wp\/v2\/tags?post=15233"}],"curies":[{"name":"wp","href":"https:\/\/api.w.org\/{rel}","templated":true}]}}