{"id":15243,"date":"2021-05-03T20:34:00","date_gmt":"2021-05-03T18:34:00","guid":{"rendered":"http:\/\/reteitalianaism.it\/reteism\/?p=15243"},"modified":"2021-05-03T20:34:00","modified_gmt":"2021-05-03T18:34:00","slug":"i-soldati-israeliani-preparano-un-barbecue-in-una-cella-di-prigione-per-fermare-il-giornalista-palestinese-in-sciopero-della-fame-al-rimawi","status":"publish","type":"post","link":"https:\/\/reteitalianaism.it\/reteism\/index.php\/2021\/05\/03\/i-soldati-israeliani-preparano-un-barbecue-in-una-cella-di-prigione-per-fermare-il-giornalista-palestinese-in-sciopero-della-fame-al-rimawi\/","title":{"rendered":"I soldati israeliani preparano un barbecue in una cella di prigione per fermare il giornalista palestinese in sciopero della fame Al-Rimawi"},"content":{"rendered":"<p><a href=\"https:\/\/www.middleeastmonitor.com\/20210503-israeli-soldiers-held-bbq-in-prison-cell-to-break-palestinian-hunger-striking-journalist-al-rimawi\/\">https:\/\/www.middleeastmonitor.com\/<\/a><br \/>\n<strong>3 maggio 2021<\/strong> \u00a0 \u00a0 \u00a0 <em>Laila Ahmet\u00a0<\/em><\/p>\n<p style=\"text-align: justify;\">Il giornalista palestinese Alaa Al-Rimawi ha iniziato uno sciopero della fame dopo che dodici soldati israeliani hanno fatto irruzione nella sua casa il 21 aprile 2021, a Ramallah dopo mezzanotte, gli hanno confiscato il cellulare e lo hanno arrestato davanti ai suoi figli.<\/p>\n<div id=\"attachment_15245\" style=\"width: 504px\" class=\"wp-caption aligncenter\"><a href=\"http:\/\/reteitalianaism.it\/reteism\/index.php\/2021\/05\/03\/i-soldati-israeliani-preparano-un-barbecue-in-una-cella-di-prigione-per-fermare-il-giornalista-palestinese-in-sciopero-della-fame-al-rimawi\/rimawi4\/\" rel=\"attachment wp-att-15245\"><img loading=\"lazy\" decoding=\"async\" aria-describedby=\"caption-attachment-15245\" class=\"wp-image-15245\" src=\"http:\/\/reteitalianaism.it\/reteism\/wp-content\/uploads\/2021\/05\/rimawi4-300x200.jpg\" alt=\"\" width=\"494\" height=\"329\" srcset=\"https:\/\/reteitalianaism.it\/reteism\/wp-content\/uploads\/2021\/05\/rimawi4-300x200.jpg 300w, https:\/\/reteitalianaism.it\/reteism\/wp-content\/uploads\/2021\/05\/rimawi4-1024x684.jpg 1024w, https:\/\/reteitalianaism.it\/reteism\/wp-content\/uploads\/2021\/05\/rimawi4-768x513.jpg 768w, https:\/\/reteitalianaism.it\/reteism\/wp-content\/uploads\/2021\/05\/rimawi4.jpg 1200w\" sizes=\"auto, (max-width: 494px) 100vw, 494px\" \/><\/a><p id=\"caption-attachment-15245\" class=\"wp-caption-text\">al Rimawi<\/p><\/div>\n<p style=\"text-align: justify;\">Al-Rimawi, 34 anni, padre di cinque figli, lavora come giornalista e coordinatore per il canale Al Jazeera Mubasher, oltre a gestire una societ\u00e0 di media.<\/p>\n<p style=\"text-align: justify;\">&#8220;Alaa mi ha detto mentre lo arrestavano che avrebbe immediatamente iniziato uno sciopero della fame per protestare contro il suo arresto come giornalista, perch\u00e9 \u00e8 una flagrante violazione dei diritti dei giornalisti garantiti dalle convenzioni internazionali&#8221;, ha detto a MEMO sua moglie Maymouna Afana.<!--more--><\/p>\n<p style=\"text-align: justify;\">Al-Rimawi ha trascorso circa dieci anni e otto mesi nelle carceri israeliane. L&#8217;ultima volta che \u00e8 stato arrestato \u00e8 stato nel 2018, a causa del suo lavoro nei media. Era il direttore della TV Al-Quds in Cisgiordania. Le forze israeliane hanno fatto irruzione nel quartier generale del canale, hanno confiscato tutti i dispositivi relativi al suo lavoro, comprese telecamere, dispositivi di registrazione e altri, e hanno arrestato diversi giornalisti che lavoravano con lui.<\/p>\n<p style=\"text-align: justify;\">Secondo la moglie, il suo arresto \u00e8 legato alle elezioni palestinesi. Stava presentando un programma sul canale J-Media chiamato &#8220;Palestine Elects&#8221;, dove ospitava i candidati delle liste elettorali per le elezioni. Ha spiegato che molti dei candidati che ha intervistato sono stati presi di mira o arrestati.<\/p>\n<p style=\"text-align: justify;\">&#8220;Le autorit\u00e0 di occupazione israeliane ritengono che Alaa possa influenzare l&#8217;opinione pubblica in questo delicato periodo delle elezioni palestinesi&#8221;.<\/p>\n<p style=\"text-align: justify;\">Al-Rimawi, attualmente detenuto nella prigione di Ofer, \u00e8 stato isolato dal resto dei prigionieri a causa del suo sciopero della fame ed \u00e8 stato posto in isolamento.<\/p>\n<p style=\"text-align: justify;\">&#8220;Questa \u00e8 la politica dell&#8217;occupazione. Isolano il prigioniero in sciopero della fame per spezzare la sua volont\u00e0, determinazione e tenacia&#8221;, dice Maymouna.<\/p>\n<p style=\"text-align: justify;\">Secondo l&#8217;avvocato di Al-Rimawi, tutti gli interrogatori effettuati con lui riguardavano il suo lavoro giornalistico con Al-Jazeera TV e la sua gestione del canale J-Media.<\/p>\n<p style=\"text-align: justify;\">Israele attualmente detiene 26 giornalisti palestinesi per aver pubblicato notizie sui social media.<\/p>\n<p style=\"text-align: justify;\">&#8220;I giornalisti non dovrebbero essere perseguiti per aver svolto il loro lavoro e aver coperto gli eventi che si svolgono in Cisgiordania e le violazioni israeliane dei diritti del popolo palestinese. I giornalisti dovrebbero avere la libert\u00e0 di espressione e la libert\u00e0 di riportare le notizie senza danni o persecuzioni, &#8221; si esprime Maymouna.<\/p>\n<div id=\"attachment_15244\" style=\"width: 508px\" class=\"wp-caption aligncenter\"><a href=\"http:\/\/reteitalianaism.it\/reteism\/index.php\/2021\/05\/03\/i-soldati-israeliani-preparano-un-barbecue-in-una-cella-di-prigione-per-fermare-il-giornalista-palestinese-in-sciopero-della-fame-al-rimawi\/gaza-stands-in-solidarity-with-detained-journalists_4\/\" rel=\"attachment wp-att-15244\"><img loading=\"lazy\" decoding=\"async\" aria-describedby=\"caption-attachment-15244\" class=\" wp-image-15244\" src=\"http:\/\/reteitalianaism.it\/reteism\/wp-content\/uploads\/2021\/05\/Gaza-stands-in-solidarity-with-detained-journalists_4-300x200.jpg\" alt=\"\" width=\"498\" height=\"332\" srcset=\"https:\/\/reteitalianaism.it\/reteism\/wp-content\/uploads\/2021\/05\/Gaza-stands-in-solidarity-with-detained-journalists_4-300x200.jpg 300w, https:\/\/reteitalianaism.it\/reteism\/wp-content\/uploads\/2021\/05\/Gaza-stands-in-solidarity-with-detained-journalists_4-1024x683.jpg 1024w, https:\/\/reteitalianaism.it\/reteism\/wp-content\/uploads\/2021\/05\/Gaza-stands-in-solidarity-with-detained-journalists_4-768x512.jpg 768w, https:\/\/reteitalianaism.it\/reteism\/wp-content\/uploads\/2021\/05\/Gaza-stands-in-solidarity-with-detained-journalists_4.jpg 1200w\" sizes=\"auto, (max-width: 498px) 100vw, 498px\" \/><\/a><p id=\"caption-attachment-15244\" class=\"wp-caption-text\">Evento di solidariet\u00e0 a Gaza per chiedere il rilascio del giornalista Alaa Al-Rimawi che \u00e8 stato arrestato dalle forze israeliane dalla sua casa in Cisgiordania [Mohammed Asad \/ Middle East Monitor]<\/p><\/div>\n<p style=\"text-align: justify;\">\nA causa delle restrizioni COVID-19, gli avvocati non possono incontrare di persona i detenuti e le procedure processuali sono condotte tramite videoconferenza.<\/p>\n<p style=\"text-align: justify;\">&#8220;Alaa ha detto al suo avvocato durante la sua chiamata che ha vomitato sangue a causa del suo sciopero della fame, ed \u00e8 stato portato in un ospedale per i controlli&#8221;, ha detto Maymouna a MEMO.<\/p>\n<p style=\"text-align: justify;\">Nel suo ultimo processo la scorsa settimana, Al-Rimawi \u00e8 stato trasferito in detenzione amministrativa. La detenzione amministrativa \u00e8 una detenzione arbitraria in cui i palestinesi sono tenuti dietro le sbarre senza alcuna accusa e la loro detenzione pu\u00f2 essere rinnovata a tempo indeterminato per periodi di tre o sei mesi.<\/p>\n<p style=\"text-align: justify;\">&#8220;I precedenti arresti di Alaa hanno influenzato la nostra vita in generale e la sua salute in particolare, che si \u00e8 deteriorata a causa dei lunghi anni di detenzione. Come padre, la sua presenza \u00e8 importante a casa, aiutandomi a crescere i bambini e ai doveri domestici. Il suo arresto ha anche fatto danni sulla psicologia dei nostri figli, soprattutto quando trascorriamo le vacanze in sua assenza e abbiamo trascorso molti mesi di Ramadan senza di lui &#8220;, spiega Maymouna.<\/p>\n<p style=\"text-align: justify;\">Mohammed Ateeq, fotoreporter della citt\u00e0 di Jenin, nel nord della Cisgiordania, \u00e8 stato arrestato mentre si recava alla preghiera del secondo venerd\u00ec del Ramadan alla moschea di Al-Aqsa, con il pretesto di non avere il permesso di ingresso delle autorit\u00e0 israeliane \u00a0di Gerusalemme.<\/p>\n<p style=\"text-align: justify;\">Ateeq \u00e8 stato rilasciato dopo cinque giorni ed \u00e8 stato costretto a firmare una promessa secondo cui sarebbe stato detenuto per un mese e avrebbe pagato una multa di 1.000 shekel se fosse stato sorpreso a entrare di nuovo nei territori occupati, inclusa la moschea di Al-Aqsa.<\/p>\n<p style=\"text-align: justify;\">Ateeq ha incontrato Al-Rimawi nella prigione di Ofer prima del suo trasferimento in isolamento. Ha detto a MEMO che le condizioni di detenzione di Al-Rimawi sono\u00a0degradanti e umilianti.<\/p>\n<p style=\"text-align: justify;\">&#8220;Sono stato aggredito verbalmente e insultato dagli ufficiali israeliani, e hanno tenuto un barbecue nella mia cella e mi hanno offerto molto cibo per interrompere il mio sciopero della fame. Mi hanno sputato addosso e mi hanno umiliato per costringermi a mangiare&#8221;, ha detto Al-Rimawi.<\/p>\n<p style=\"text-align: justify;\">Ateeq ha aggiunto che la salute di Al-Rimawi sta peggiorando e che soffre di: &#8220;Ulcere alla bocca, vertigini, non pu\u00f2 camminare bene, urina sangue e vomita sangue&#8221;.<\/p>\n<p style=\"text-align: justify;\">Al-Rimawi ha assicurato ad Ateeq che avrebbe continuato il suo sciopero fino al suo rilascio.<\/p>\n<p style=\"text-align: justify;\">&#8220;C&#8217;\u00e8 un approccio sistematico per arrestare i giornalisti, per mettere a tacere le loro voci e per chiudere gli occhi. L&#8217;occupazione ora ha paura della parola della verit\u00e0 e del potere della narrativa palestinese&#8221;, afferma Ateeq.<\/p>\n","protected":false},"excerpt":{"rendered":"<p>https:\/\/www.middleeastmonitor.com\/ 3 maggio 2021 \u00a0 \u00a0 \u00a0 Laila Ahmet\u00a0 Il giornalista palestinese Alaa Al-Rimawi ha iniziato uno sciopero della fame dopo che dodici soldati israeliani hanno fatto irruzione nella sua casa il 21 aprile 2021, a Ramallah dopo mezzanotte, gli &hellip; <a href=\"https:\/\/reteitalianaism.it\/reteism\/index.php\/2021\/05\/03\/i-soldati-israeliani-preparano-un-barbecue-in-una-cella-di-prigione-per-fermare-il-giornalista-palestinese-in-sciopero-della-fame-al-rimawi\/\">Continue reading <span class=\"meta-nav\">&rarr;<\/span><\/a><\/p>\n","protected":false},"author":2,"featured_media":0,"comment_status":"open","ping_status":"open","sticky":false,"template":"","format":"standard","meta":{"footnotes":""},"categories":[3,67],"tags":[23,150,155],"class_list":["post-15243","post","type-post","status-publish","format-standard","hentry","category-info","category-prigionieri","tag-diritti-umani","tag-violenza-dellesercito","tag-west-bank-occupata"],"_links":{"self":[{"href":"https:\/\/reteitalianaism.it\/reteism\/index.php\/wp-json\/wp\/v2\/posts\/15243","targetHints":{"allow":["GET"]}}],"collection":[{"href":"https:\/\/reteitalianaism.it\/reteism\/index.php\/wp-json\/wp\/v2\/posts"}],"about":[{"href":"https:\/\/reteitalianaism.it\/reteism\/index.php\/wp-json\/wp\/v2\/types\/post"}],"author":[{"embeddable":true,"href":"https:\/\/reteitalianaism.it\/reteism\/index.php\/wp-json\/wp\/v2\/users\/2"}],"replies":[{"embeddable":true,"href":"https:\/\/reteitalianaism.it\/reteism\/index.php\/wp-json\/wp\/v2\/comments?post=15243"}],"version-history":[{"count":2,"href":"https:\/\/reteitalianaism.it\/reteism\/index.php\/wp-json\/wp\/v2\/posts\/15243\/revisions"}],"predecessor-version":[{"id":15247,"href":"https:\/\/reteitalianaism.it\/reteism\/index.php\/wp-json\/wp\/v2\/posts\/15243\/revisions\/15247"}],"wp:attachment":[{"href":"https:\/\/reteitalianaism.it\/reteism\/index.php\/wp-json\/wp\/v2\/media?parent=15243"}],"wp:term":[{"taxonomy":"category","embeddable":true,"href":"https:\/\/reteitalianaism.it\/reteism\/index.php\/wp-json\/wp\/v2\/categories?post=15243"},{"taxonomy":"post_tag","embeddable":true,"href":"https:\/\/reteitalianaism.it\/reteism\/index.php\/wp-json\/wp\/v2\/tags?post=15243"}],"curies":[{"name":"wp","href":"https:\/\/api.w.org\/{rel}","templated":true}]}}