{"id":15248,"date":"2021-05-04T12:15:34","date_gmt":"2021-05-04T10:15:34","guid":{"rendered":"http:\/\/reteitalianaism.it\/reteism\/?p=15248"},"modified":"2021-05-04T12:17:08","modified_gmt":"2021-05-04T10:17:08","slug":"perche-lue-non-puo-pronunciare-la-parola-apartheid","status":"publish","type":"post","link":"https:\/\/reteitalianaism.it\/reteism\/index.php\/2021\/05\/04\/perche-lue-non-puo-pronunciare-la-parola-apartheid\/","title":{"rendered":"Perch\u00e9 l&#8217;UE non pu\u00f2 pronunciare la parola apartheid?"},"content":{"rendered":"<p>29 aprile 2021 | <a href=\"https:\/\/electronicintifada.net\/people\/ali-abunimah\">Ali Abunimah<\/a><\/p>\n<p><a href=\"https:\/\/electronicintifada.net\/blogs\/ali-abunimah\/why-cant-eu-say-word-apartheid\">https:\/\/electronicintifada.net\/blogs\/ali-abunimah\/why-cant-eu-say-word-apartheid<\/a><\/p>\n<div id=\"attachment_15249\" style=\"width: 480px\" class=\"wp-caption aligncenter\"><a href=\"http:\/\/reteitalianaism.it\/reteism\/wp-content\/uploads\/2021\/05\/rtrltwelve546427.jpg\"><img loading=\"lazy\" decoding=\"async\" aria-describedby=\"caption-attachment-15249\" class=\" wp-image-15249\" src=\"http:\/\/reteitalianaism.it\/reteism\/wp-content\/uploads\/2021\/05\/rtrltwelve546427-300x200.jpg\" alt=\"\" width=\"470\" height=\"314\" srcset=\"https:\/\/reteitalianaism.it\/reteism\/wp-content\/uploads\/2021\/05\/rtrltwelve546427-300x200.jpg 300w, https:\/\/reteitalianaism.it\/reteism\/wp-content\/uploads\/2021\/05\/rtrltwelve546427-768x512.jpg 768w, https:\/\/reteitalianaism.it\/reteism\/wp-content\/uploads\/2021\/05\/rtrltwelve546427.jpg 800w\" sizes=\"auto, (max-width: 470px) 100vw, 470px\" \/><\/a><p id=\"caption-attachment-15249\" class=\"wp-caption-text\">L&#8217;Unione europea rifiuta di riconoscere la realt\u00e0 del regime israeliano di apartheid e persecuzione contro i palestinesi. Ammar Awad Reuters<\/p><\/div>\n<p>All&#8217;inizio di questa settimana, Human Rights Watch ha pubblicato un report fondamentale in cui concludeva che Israele commette i crimini di apartheid e persecuzione contro il popolo palestinese.<\/p>\n<p>Israele ha &#8220;perseguito l&#8217;intento di mantenere il dominio degli ebrei israeliani sui palestinesi in tutto il territorio che controlla&#8221;, afferma il gruppo.<\/p>\n<p>Il crimine di apartheid \u00e8 uno dei crimini contro l&#8217;umanit\u00e0 enumerati nello Statuto di Roma, il trattato istitutivo della Corte penale internazionale, ed \u00e8 collocato nella stessa categoria della schiavit\u00f9 e dello sterminio.<!--more--><\/p>\n<p>Con il suo report, Human Rights Watch si unisce alle crescenti richieste di un approccio basato sui diritti e sulla responsabilit\u00e0, piuttosto che sul &#8220;processo di pace&#8221; morto da tempo che per decenni ha fornito un alibi per l&#8217;inazione internazionale, mentre Israele rafforzava la sua presa coloniale sul popolo palestinese e sul suo territorio.<\/p>\n<p>Ma se qualcuno pensa che questo cambiamento di paradigma &#8211; anche da un&#8217;organizzazione cos\u00ec famose come Human Rights Watch &#8211; intaccher\u00e0 l&#8217;impegno fondamentale dell&#8217;Unione europea a mantenere lo status quo &#8211; brutalmente ingiusto &#8211; in Palestina, rimarr\u00e0 profondamente deluso.<\/p>\n<p>Ho scritto al portavoce della politica estera dell&#8217;UE Peter Stano per chiedere la reazione del blocco al report di Human Rights Watch.<\/p>\n<p>Ho notato che sono passati mesi dopo che B\u2019Tselem &#8211; un gruppo israeliano per i diritti umani finanziato dall&#8217;Unione europea &#8211; ha finalmente raggiunto la propria conclusione che Israele \u00e8 colpevole di apartheid.<\/p>\n<p>La risposta di Stano \u00e8 arrivata. 160 parole, e nessuna di esse \u00e8 &#8220;apartheid&#8221;.<\/p>\n<p><em>Il portavoce degli affari esteri dell&#8217;UE @ExtSpoxEU mi ha inviato la risposta del blocco all&#8217;affermazione di @HRW secondo cui Israele commette il crimine di apartheid contro i palestinesi. Come esercizio di loquace evasione, Sir Humphrey Appleby sarebbe orgoglioso. Presto il mio articolo. <a href=\"https:\/\/twitter.com\/AliAbunimah\/status\/1387780712753815553\">pic.twitter.com\/gJCKjhlS6A<\/a><\/em><\/p>\n<p><em>&#8211; Ali Abunimah (@AliAbunimah) 29 aprile 2021<\/em><\/p>\n<p>&#8220;Stiamo prestando la dovuta attenzione al rapporto di Human Rights Watch&#8221;, ha affermato Stano.<br \/>\nPoi \u00e8 seguita una lunga recitazione del presunto impegno dell&#8217;UE per i diritti umani, il diritto internazionale e per &#8220;una soluzione negoziata a due Stati&#8221;.<\/p>\n<p>Alla ricerca di questo miraggio sempre sfuggente, Stano ha concluso che &#8220;l&#8217;UE si impegner\u00e0 sia con Israele che con i palestinesi e con i nostri partner internazionali e regionali a tal fine&#8221;.<\/p>\n<p>Questo suona sospettosamente come l &#8216;&#8221;impegno costruttivo&#8221; che il presidente degli Stati Uniti Ronald Reagan e il primo ministro britannico Margaret Thatcher sostenevano negli anni &#8217;80 nel tentativo di evitare pressioni e sanzioni internazionali contro il regime di apartheid della supremazia bianca del Sud Africa.<\/p>\n<p>Come esercizio per usare un torrente di parole per non dire assolutamente nulla di sostanza, la dichiarazione di Stano renderebbe orgoglioso Sir Humphrey Appleby &#8211; il poco chiaro funzionario civile della classica serie comica britannica Yes Minister e Yes Prime Minister.<\/p>\n<p><iframe loading=\"lazy\" title=\"Yes, Prime Minister - You lied - The Tangled Web\" width=\"640\" height=\"480\" src=\"https:\/\/www.youtube.com\/embed\/8keZbZL2ero?feature=oembed\" frameborder=\"0\" allow=\"accelerometer; autoplay; clipboard-write; encrypted-media; gyroscope; picture-in-picture; web-share\" referrerpolicy=\"strict-origin-when-cross-origin\" allowfullscreen><\/iframe><\/p>\n<p>&nbsp;<\/p>\n<p>Purtroppo questa non \u00e8 una commedia e il rifiuto ostinato dell&#8217;Unione Europea di ritenere Israele responsabile costa la vita ai palestinesi.<br \/>\nHo mostrato la risposta di Stano a Omar Shakir, l&#8217;autore principale del report di Human Rights Watch e direttore del gruppo per Israele e Palestina.<\/p>\n<p>&#8220;Non vediamo l&#8217;ora di impegnarci a lavorare con l&#8217;UE ei suoi Stati membri sulle nostre scoperte e raccomandazioni&#8221;, ha scritto Shakir in modo piuttosto diplomatico, osservando che l&#8217;UE ha &#8220;ripetutamente promesso il suo impegno nei confronti del diritto e dei meccanismi internazionali sui diritti umani&#8221;.<\/p>\n<p>&#8220;Siamo quindi fermamente convinti che l&#8217;UE dovrebbe, come punto di partenza, riconoscere la realt\u00e0 dell&#8217;apartheid e della persecuzione sul campo, e adottare le raccomandazioni delineate nel nostro report come punto di partenza&#8221;, ha aggiunto Shakir.<\/p>\n<p>Eppure, nonostante il crescente riconoscimento che Israele \u00e8 un regime di apartheid, l&#8217;UE sta facendo l&#8217;equivalente diplomatico di mettersi le dita nelle orecchie, chiudere gli occhi e mormorare il pi\u00f9 forte possibile per evitare di vedere e sentire ci\u00f2 che accade intorno a s\u00e9.<\/p>\n<p>Gioved\u00ec, l&#8217;UE ha annunciato la nomina di un nuovo &#8220;rappresentante speciale per il processo di pace in Medio Oriente&#8221; incaricato di &#8220;fornire un contributo attivo alla soluzione finale del conflitto israelo-palestinese sulla base di una soluzione a due stati&#8221;.<\/p>\n<p>Sven Koopmans, un diplomatico olandese, sostituir\u00e0 la connazionale Susanna Terstal che nello stesso ruolo ha tenuto riunioni segrete con gruppi di lobby israeliani e facendo eco pubblicamente ai punti di discussione anti-palestinesi &#8211; senza ottenere nulla per la &#8220;pace&#8221;.<\/p>\n<p>Nonostante la sua implacabile propaganda su quanto ami i diritti umani, l&#8217;UE \u00e8 &#8211; insieme agli Stati Uniti &#8211; il pi\u00f9 grande promotore dell&#8217;apartheid israeliano, e quindi un nemico della libert\u00e0, della giustizia e dell&#8217;uguaglianza per i palestinesi.<\/p>\n<p>&nbsp;<\/p>\n","protected":false},"excerpt":{"rendered":"<p>29 aprile 2021 | Ali Abunimah https:\/\/electronicintifada.net\/blogs\/ali-abunimah\/why-cant-eu-say-word-apartheid All&#8217;inizio di questa settimana, Human Rights Watch ha pubblicato un report fondamentale in cui concludeva che Israele commette i crimini di apartheid e persecuzione contro il popolo palestinese. Israele ha &#8220;perseguito l&#8217;intento di &hellip; <a href=\"https:\/\/reteitalianaism.it\/reteism\/index.php\/2021\/05\/04\/perche-lue-non-puo-pronunciare-la-parola-apartheid\/\">Continue reading <span class=\"meta-nav\">&rarr;<\/span><\/a><\/p>\n","protected":false},"author":6,"featured_media":0,"comment_status":"open","ping_status":"open","sticky":false,"template":"","format":"standard","meta":{"footnotes":""},"categories":[3],"tags":[9,363,362],"class_list":["post-15248","post","type-post","status-publish","format-standard","hentry","category-info","tag-apartheid","tag-btselem","tag-human-rights-watch"],"_links":{"self":[{"href":"https:\/\/reteitalianaism.it\/reteism\/index.php\/wp-json\/wp\/v2\/posts\/15248","targetHints":{"allow":["GET"]}}],"collection":[{"href":"https:\/\/reteitalianaism.it\/reteism\/index.php\/wp-json\/wp\/v2\/posts"}],"about":[{"href":"https:\/\/reteitalianaism.it\/reteism\/index.php\/wp-json\/wp\/v2\/types\/post"}],"author":[{"embeddable":true,"href":"https:\/\/reteitalianaism.it\/reteism\/index.php\/wp-json\/wp\/v2\/users\/6"}],"replies":[{"embeddable":true,"href":"https:\/\/reteitalianaism.it\/reteism\/index.php\/wp-json\/wp\/v2\/comments?post=15248"}],"version-history":[{"count":1,"href":"https:\/\/reteitalianaism.it\/reteism\/index.php\/wp-json\/wp\/v2\/posts\/15248\/revisions"}],"predecessor-version":[{"id":15250,"href":"https:\/\/reteitalianaism.it\/reteism\/index.php\/wp-json\/wp\/v2\/posts\/15248\/revisions\/15250"}],"wp:attachment":[{"href":"https:\/\/reteitalianaism.it\/reteism\/index.php\/wp-json\/wp\/v2\/media?parent=15248"}],"wp:term":[{"taxonomy":"category","embeddable":true,"href":"https:\/\/reteitalianaism.it\/reteism\/index.php\/wp-json\/wp\/v2\/categories?post=15248"},{"taxonomy":"post_tag","embeddable":true,"href":"https:\/\/reteitalianaism.it\/reteism\/index.php\/wp-json\/wp\/v2\/tags?post=15248"}],"curies":[{"name":"wp","href":"https:\/\/api.w.org\/{rel}","templated":true}]}}