{"id":15311,"date":"2021-05-11T12:54:19","date_gmt":"2021-05-11T10:54:19","guid":{"rendered":"http:\/\/reteitalianaism.it\/reteism\/?p=15311"},"modified":"2021-05-11T12:54:19","modified_gmt":"2021-05-11T10:54:19","slug":"israele-sceglie-la-violenza","status":"publish","type":"post","link":"https:\/\/reteitalianaism.it\/reteism\/index.php\/2021\/05\/11\/israele-sceglie-la-violenza\/","title":{"rendered":"Israele sceglie la violenza"},"content":{"rendered":"<p style=\"text-align: justify;\"><a href=\"https:\/\/www.972mag.com\/israel-chooses-violence\/?fbclid=IwAR0Q6l48Ap1oeXhMW6sp6_rKkYySm1OouwSegLr-aURAhg9ijFxmaFH6zB8\">https:\/\/www.972mag.com\/<\/a><\/p>\n<p><strong>10 maggio 2021<\/strong> \u00a0 \u00a0 \u00a0 \u00a0 \u00a0 \u00a0 \u00a0 \u00a0<em> Haggai Matar<\/em><\/p>\n<p style=\"text-align: justify;\">Dalla repressione a Sheikh Jarrah al bombardamento di Gaza, il governo israeliano ha deciso di intensificare la sua brutalit\u00e0 nei confronti dei palestinesi.<\/p>\n<div id=\"attachment_15318\" style=\"width: 505px\" class=\"wp-caption aligncenter\"><a href=\"http:\/\/reteitalianaism.it\/reteism\/index.php\/2021\/05\/11\/israele-sceglie-la-violenza\/f210426of56-1000x668\/\" rel=\"attachment wp-att-15318\"><img loading=\"lazy\" decoding=\"async\" aria-describedby=\"caption-attachment-15318\" class=\" wp-image-15318\" src=\"http:\/\/reteitalianaism.it\/reteism\/wp-content\/uploads\/2021\/05\/F210426OF56-1000x668-1-300x200.jpg\" alt=\"\" width=\"495\" height=\"330\" srcset=\"https:\/\/reteitalianaism.it\/reteism\/wp-content\/uploads\/2021\/05\/F210426OF56-1000x668-1-300x200.jpg 300w, https:\/\/reteitalianaism.it\/reteism\/wp-content\/uploads\/2021\/05\/F210426OF56-1000x668-1-768x513.jpg 768w, https:\/\/reteitalianaism.it\/reteism\/wp-content\/uploads\/2021\/05\/F210426OF56-1000x668-1.jpg 1000w\" sizes=\"auto, (max-width: 495px) 100vw, 495px\" \/><\/a><p id=\"caption-attachment-15318\" class=\"wp-caption-text\">La polizia israeliana assalta la Porta di Damasco nella Citt\u00e0 Vecchia di Gerusalemme, durante il mese sacro musulmano del Ramadan, il 26 aprile 2021 (Olivier Fitoussi \/ Flash90)<\/p><\/div>\n<p style=\"text-align: justify;\">L&#8217;escalation della violenza in Israele-Palestina negli ultimi giorni \u00e8 principalmente il risultato di una serie di scelte fatte dal governo israeliano. Sebbene tale violenza sia tutt&#8217;altro che senza precedenti nella nostra regione e sia stata inerente alle politiche oppressive di Israele per decenni, queste sono scelte che alla fine servono gli interessi del primo ministro Benjamin Netanyahu, che sta combattendo disperatamente per salvare la sua carriera politica ed evitare potenziali ritardi. <!--more--><\/p>\n<p style=\"text-align: justify;\">Le scelte pericolose sono iniziate sul serio con l&#8217;inizio del mese sacro musulmano del Ramadan, quando le autorit\u00e0 israeliane hanno preso la decisione insondabile di collocare nuovi posti di blocco improvvisati all&#8217;ingresso della Porta di Damasco nella Citt\u00e0 Vecchia di Gerusalemme. Hanno quindi attaccato i palestinesi che si sono riuniti l\u00ec per godersi la rottura del digiuno quotidiano con amici e familiari. Ci sono volute due settimane di violenza della polizia e una risposta ferma da parte dei manifestanti palestinesi perch\u00e9 la polizia si tirasse indietro.<\/p>\n<p style=\"text-align: justify;\">Nel frattempo, la ripresa delle manifestazioni settimanali e delle veglie quotidiane nel quartiere di Sheikh Jarrah a Gerusalemme est, per protestare contro l&#8217;espulsione forzata delle famiglie palestinesi, ha visto la polizia usare la forza brutale contro residenti e manifestanti. Come riportato da Oren Ziv dei + 972, la polizia ha intensificato la violenza in un quartiere che \u00e8 diventato uno dei principali simboli dell&#8217;espropriazione palestinese.<\/p>\n<p style=\"text-align: justify;\">A Sheikh Jarrah, Israele sta cercando di restituire la terra che si diceva fosse precedentemente di propriet\u00e0 di ebrei prima del 1948 in mano a ebrei. Per farlo, espelle le famiglie palestinesi che possedevano la terra in quello che divenne Israele prima del 1948, senza permettere loro di reclamare la terra persa durante la Nakba. \u00c8 difficile trovare una forma pi\u00f9 palese di discriminazione razzista.<\/p>\n<div id=\"attachment_15317\" style=\"width: 505px\" class=\"wp-caption aligncenter\"><a href=\"http:\/\/reteitalianaism.it\/reteism\/index.php\/2021\/05\/11\/israele-sceglie-la-violenza\/2409868c-b231-4534-b910-488e549b742f\/\" rel=\"attachment wp-att-15317\"><img loading=\"lazy\" decoding=\"async\" aria-describedby=\"caption-attachment-15317\" class=\" wp-image-15317\" src=\"http:\/\/reteitalianaism.it\/reteism\/wp-content\/uploads\/2021\/05\/2409868c-b231-4534-b910-488e549b742f-300x200.jpeg\" alt=\"\" width=\"495\" height=\"330\" srcset=\"https:\/\/reteitalianaism.it\/reteism\/wp-content\/uploads\/2021\/05\/2409868c-b231-4534-b910-488e549b742f-300x200.jpeg 300w, https:\/\/reteitalianaism.it\/reteism\/wp-content\/uploads\/2021\/05\/2409868c-b231-4534-b910-488e549b742f-1024x682.jpeg 1024w, https:\/\/reteitalianaism.it\/reteism\/wp-content\/uploads\/2021\/05\/2409868c-b231-4534-b910-488e549b742f-768x511.jpeg 768w, https:\/\/reteitalianaism.it\/reteism\/wp-content\/uploads\/2021\/05\/2409868c-b231-4534-b910-488e549b742f.jpeg 1500w\" sizes=\"auto, (max-width: 495px) 100vw, 495px\" \/><\/a><p id=\"caption-attachment-15317\" class=\"wp-caption-text\">La polizia israeliana detiene una donna palestinese a Sheikh Jarrah, il 10 maggio 2021 (Oren Ziv)<\/p><\/div>\n<p style=\"text-align: justify;\">Il lancio di pietre e gli scontri intorno alla moschea di Al-Aqsa sono diventati comuni durante il Ramadan negli ultimi anni. Spesso finiscono non appena iniziano, con la polizia che decide di far cessare le proteste. Questa volta, la polizia ha optato per una violenza eccessiva, ferendo oltre 300 palestinesi su Haram al-Sharif \/ Monte del Tempio negli ultimi giorni. Ci\u00f2 include un certo numero di giornalisti, tra cui Faiz Abu Rmeleh &#8211; un membro del collettivo Activestills e un collega +972 &#8211; che \u00e8 stato \u00a0colpito da proiettili con la punta di spugna e picchiato dalla polizia.<\/p>\n<p style=\"text-align: justify;\">Ma la violenza della polizia non \u00e8 finita qui; le forze sono entrate nella moschea di Al-Aqsa e hanno lanciato granate assordanti contro i palestinesi all&#8217;interno. Il simbolismo dei poliziotti armati che corrono sui tappeti da preghiera e attaccano i fedeli in uno dei luoghi pi\u00f9 sacri dell&#8217;Islam, e durante il suo mese pi\u00f9 sacro, era chiaro a tutti che non sarebbe potuto accadere senza che qualcuno prendesse la deliberata decisione di impegnarsi in atti cos\u00ec estremi.<\/p>\n<div id=\"attachment_15316\" style=\"width: 507px\" class=\"wp-caption aligncenter\"><a href=\"http:\/\/reteitalianaism.it\/reteism\/index.php\/2021\/05\/11\/israele-sceglie-la-violenza\/attachment\/15316\/\" rel=\"attachment wp-att-15316\"><img loading=\"lazy\" decoding=\"async\" aria-describedby=\"caption-attachment-15316\" class=\" wp-image-15316\" src=\"http:\/\/reteitalianaism.it\/reteism\/wp-content\/uploads\/2021\/05\/F210508NRF19-300x200.jpg\" alt=\"\" width=\"497\" height=\"331\" srcset=\"https:\/\/reteitalianaism.it\/reteism\/wp-content\/uploads\/2021\/05\/F210508NRF19-300x200.jpg 300w, https:\/\/reteitalianaism.it\/reteism\/wp-content\/uploads\/2021\/05\/F210508NRF19-1024x683.jpg 1024w, https:\/\/reteitalianaism.it\/reteism\/wp-content\/uploads\/2021\/05\/F210508NRF19-768x512.jpg 768w, https:\/\/reteitalianaism.it\/reteism\/wp-content\/uploads\/2021\/05\/F210508NRF19.jpg 1500w\" sizes=\"auto, (max-width: 497px) 100vw, 497px\" \/><\/a><p id=\"caption-attachment-15316\" class=\"wp-caption-text\">Hundreds of Israeli Arabs marching on road 1 making their way to Jerusalem, for Laylat-ul-Qadr prayers at Temple Mount, May 8, 2021. Photo by Noam Revkin Fenton\/Flash90<\/p><\/div>\n<p style=\"text-align: justify;\">Quando i cittadini palestinesi di Israele hanno organizzato degli autobus per recarsi a pregare e proteggere Al-Aqsa, le autorit\u00e0 hanno risposto chiudendo le strade 1 e 443. In tal modo, hanno impedito a migliaia di musulmani a digiuno di recarsi a Gerusalemme per esercitare la loro libert\u00e0 di culto, mentre lanciavano granate assordanti contro coloro che hanno continuato a marciare nonostante le direttive della polizia. La polizia ha spiegato la sua decisione affermando di voler impedire a 20 potenziali &#8220;istigatori&#8221; di raggiungere la capitale. Persino i giornalisti israeliani tradizionali, che sono spesso felici di ripetere la narrativa ufficiale del governo, mettono in dubbio la validit\u00e0 dell&#8217;affermazione.<\/p>\n<p style=\"text-align: justify;\">Se ci\u00f2 non bastasse, lo scorso mese, gli estremisti di destra dell&#8217;organizzazione razzista Lehava sono apparsi a Sheikh Jarrah, alla Porta di Damasco e al centro di Gerusalemme. Sono stati sostenuti dal kahanista MK Itamar Ben-Gvir e dal vice sindaco di Gerusalemme Aryeh King, che hanno pubblicamente augurato la morte di un importante attivista palestinese a Sheikh Jarrah la scorsa settimana.<\/p>\n<div id=\"attachment_15315\" style=\"width: 505px\" class=\"wp-caption aligncenter\"><a href=\"http:\/\/reteitalianaism.it\/reteism\/index.php\/2021\/05\/11\/israele-sceglie-la-violenza\/c93fb5d5-5498-445e-9a84-7f39d96ffcb8\/\" rel=\"attachment wp-att-15315\"><img loading=\"lazy\" decoding=\"async\" aria-describedby=\"caption-attachment-15315\" class=\" wp-image-15315\" src=\"http:\/\/reteitalianaism.it\/reteism\/wp-content\/uploads\/2021\/05\/c93fb5d5-5498-445e-9a84-7f39d96ffcb8-300x200.jpeg\" alt=\"\" width=\"495\" height=\"330\" srcset=\"https:\/\/reteitalianaism.it\/reteism\/wp-content\/uploads\/2021\/05\/c93fb5d5-5498-445e-9a84-7f39d96ffcb8-300x200.jpeg 300w, https:\/\/reteitalianaism.it\/reteism\/wp-content\/uploads\/2021\/05\/c93fb5d5-5498-445e-9a84-7f39d96ffcb8-1024x682.jpeg 1024w, https:\/\/reteitalianaism.it\/reteism\/wp-content\/uploads\/2021\/05\/c93fb5d5-5498-445e-9a84-7f39d96ffcb8-768x511.jpeg 768w, https:\/\/reteitalianaism.it\/reteism\/wp-content\/uploads\/2021\/05\/c93fb5d5-5498-445e-9a84-7f39d96ffcb8.jpeg 1500w\" sizes=\"auto, (max-width: 495px) 100vw, 495px\" \/><\/a><p id=\"caption-attachment-15315\" class=\"wp-caption-text\">I parlamentari Bezalel Smotrich e Itamar Ben Gvir del Partito Sionista Religioso di estrema destra visitano il quartiere di Sheikh Jarrah a Gerusalemme Est per mostrare sostegno ai coloni che cercano di sfrattare i palestinesi l\u00ec, 10 maggio 2021 (Olivier Fitoussi \/ Flash90)<\/p><\/div>\n<p style=\"text-align: justify;\">Due settimane dopo gli eventi a Sheikh Jarrah e alla Porta di Damasco, il presidente Mahmoud Abbas ha annunciato che avrebbe annullato le elezioni palestinesi. Il motivo ufficiale \u00e8 stata la decisione di Israele di impedire la partecipazione dei palestinesi di Gerusalemme, in violazione degli accordi di Oslo. Eppure la decisione era chiaramente concepita per servire gli interessi di Abbas e, come molti attivisti politici palestinesi hanno sostenuto, era ancora possibile e forse addirittura necessario tenere le elezioni indipendentemente dall&#8217;esclusione di Gerusalemme.<\/p>\n<p style=\"text-align: justify;\">Sebbene si tratti di una questione intra-palestinese, Israele avrebbe potuto annunciare di agire in conformit\u00e0 con i suoi obblighi nell&#8217;ambito della struttura di Oslo, di rispettare i principi democratici e di consentire ai palestinesi di Gerusalemme di votare. Ha scelto di non farlo, e nel periodo precedente all&#8217;annuncio di Abbas, la polizia ha arrestato i palestinesi nella citt\u00e0 che erano a favore delle elezioni e cercavano di organizzarsi intorno alle elezioni. Anche questa \u00e8 stata un&#8217;escalation creata da Israele.<\/p>\n<p style=\"text-align: justify;\">Luned\u00ec, durante la famigerata Giornata israeliana di Gerusalemme &#8220;Flag March&#8221;, i militanti di Hamas hanno lanciato razzi contro Gerusalemme. Israele ha scelto di rispondere ai razzi attaccando Gaza, uccidendo almeno 20 persone, tra cui nove bambini. Il governo ha annunciato che l&#8217;operazione militare sarebbe durata &#8220;giorni, non ore&#8221;. Netanyahu ha aggiunto che avrebbe &#8220;preteso un prezzo pesante&#8221; da Gaza. Anche questa \u00e8 stata una scelta.<\/p>\n<p style=\"text-align: justify;\"><strong>Troppo poco e troppo tardi<\/strong><br \/>\nOvviamente, quello che stiamo vedendo non \u00e8 solo il risultato di una condotta unilaterale israeliana. Hamas che lancia razzi contro i civili &#8211; come \u00e8 successo oggi a Gerusalemme, nel Naqab \/ Negev occidentale e nelle citt\u00e0 intorno a Gaza &#8211; \u00e8 un crimine di guerra. Inoltre, il mese scorso, i video pubblicati su TikTok hanno mostrato palestinesi che molestano e attaccano ebrei ultraortodossi. I militanti palestinesi hanno anche effettuato una serie di attacchi a fuoco su civili e soldati israeliani in Cisgiordania, uccidendo la 19enne Yehuda Guetta la scorsa settimana. Nei giorni scorsi palloni incendiari sono stati lanciati in Israele da Gaza, bruciando campi nel sud.<\/p>\n<p style=\"text-align: justify;\">Eppure, \u00e8 anche chiaro che niente di tutto questo \u00e8 all&#8217;altezza del potere e della brutalit\u00e0 dei pi\u00f9 potenti militari della regione, come il bilancio delle vittime mostra pi\u00f9 e pi\u00f9 volte. Quasi contemporaneamente, i soldati hanno ucciso Fahima al-Hroub vicino allo svincolo di Gush Etzion in Cisgiordania, a seguito di una cultura criminale che consente ai soldati e alla polizia israeliani di uccidere palestinesi malati di mente senza pagare un prezzo.<\/p>\n<div id=\"attachment_15314\" style=\"width: 504px\" class=\"wp-caption aligncenter\"><a href=\"http:\/\/reteitalianaism.it\/reteism\/index.php\/2021\/05\/11\/israele-sceglie-la-violenza\/attachment\/15314\/\" rel=\"attachment wp-att-15314\"><img loading=\"lazy\" decoding=\"async\" aria-describedby=\"caption-attachment-15314\" class=\" wp-image-15314\" src=\"http:\/\/reteitalianaism.it\/reteism\/wp-content\/uploads\/2021\/05\/F210510EI03-300x200.jpg\" alt=\"\" width=\"494\" height=\"329\" srcset=\"https:\/\/reteitalianaism.it\/reteism\/wp-content\/uploads\/2021\/05\/F210510EI03-300x200.jpg 300w, https:\/\/reteitalianaism.it\/reteism\/wp-content\/uploads\/2021\/05\/F210510EI03-1024x683.jpg 1024w, https:\/\/reteitalianaism.it\/reteism\/wp-content\/uploads\/2021\/05\/F210510EI03-768x512.jpg 768w, https:\/\/reteitalianaism.it\/reteism\/wp-content\/uploads\/2021\/05\/F210510EI03.jpg 1500w\" sizes=\"auto, (max-width: 494px) 100vw, 494px\" \/><\/a><p id=\"caption-attachment-15314\" class=\"wp-caption-text\">I razzi lanciati dalla Striscia di Gaza verso Israele vengono intercettati dall&#8217;Iron Dome, Ashkelon, Israele, 10 maggio 2021. (Edi Israel \/ Flash90)<\/p><\/div>\n<p style=\"text-align: justify;\">\nInoltre, nei giorni precedenti l&#8217;attacco a Gaza, Israele (e in particolare lo Shin Bet) si \u00e8 spaventato di ci\u00f2 che stava accadendo e ha iniziato a cercare di diminuire il danno. Netanyahu ha chiesto a Ben Gvir di rimuovere un &#8220;ufficio&#8221; improvvisato che aveva eretto a Sheikh Jarrah e di lasciare il quartiere. L&#8217;udienza della Corte suprema sulle espulsioni delle famiglie \u00e8 stata rinviata su richiesta del procuratore generale. Il Monte del Tempio \u00e8 stato chiuso agli ebrei il giorno di Gerusalemme e all&#8217;ultimo minuto il governo ha annullato il suo piano per consentire alla famigerata marcia della bandiera di passare attraverso la Porta di Damasco e all&#8217;interno del quartiere musulmano. Tutti questi passaggi sono stati presentati come modi per ridurre la tensione.<\/p>\n<p style=\"text-align: justify;\">Ma era tutto troppo poco, troppo tardi. La decisione del governo di luned\u00ec sera di bombardare Gaza ha completamente minato i tentativi che pretendeva di fare per porre fine rapidamente alle violenze a Gerusalemme.<\/p>\n<div id=\"attachment_15313\" style=\"width: 499px\" class=\"wp-caption aligncenter\"><a href=\"http:\/\/reteitalianaism.it\/reteism\/index.php\/2021\/05\/11\/israele-sceglie-la-violenza\/attachment\/15313\/\" rel=\"attachment wp-att-15313\"><img loading=\"lazy\" decoding=\"async\" aria-describedby=\"caption-attachment-15313\" class=\" wp-image-15313\" src=\"http:\/\/reteitalianaism.it\/reteism\/wp-content\/uploads\/2021\/05\/F210510MH04-300x200.jpg\" alt=\"\" width=\"489\" height=\"326\" srcset=\"https:\/\/reteitalianaism.it\/reteism\/wp-content\/uploads\/2021\/05\/F210510MH04-300x200.jpg 300w, https:\/\/reteitalianaism.it\/reteism\/wp-content\/uploads\/2021\/05\/F210510MH04-1024x683.jpg 1024w, https:\/\/reteitalianaism.it\/reteism\/wp-content\/uploads\/2021\/05\/F210510MH04-768x512.jpg 768w, https:\/\/reteitalianaism.it\/reteism\/wp-content\/uploads\/2021\/05\/F210510MH04.jpg 1500w\" sizes=\"auto, (max-width: 489px) 100vw, 489px\" \/><\/a><p id=\"caption-attachment-15313\" class=\"wp-caption-text\">Gli israeliani celebrano la Giornata di Gerusalemme al Muro Occidentale mentre hanno dato fuoco agli alberi del complesso di al-Aqsa, Gerusalemme, 10 maggio 2021 (Mendy Hechtman \/ Flash90)<\/p><\/div>\n<p style=\"text-align: justify;\">\n<p>Questi, ovviamente, sono solo gli sviluppi che abbiamo visto nelle ultime settimane. La realt\u00e0 di un assedio di 14 anni su Gaza, un regime militare costruito su sistemi legali separati per ebrei e palestinesi, espropriazione e ingegneria demografica a Gerusalemme, discriminazione sistematica. L&#8217;azione contro i cittadini palestinesi di Israele e l&#8217;esilio forzato dei profughi palestinesi \u00e8 alla base di tutto ci\u00f2 che stiamo vedendo accadere ora. Il tentativo durato anni di Netanyahu di &#8220;gestire il conflitto&#8221; potrebbe aver cancellato queste ingiustizie dalla coscienza pubblica israeliana, eppure rimangono la realt\u00e0 quotidiana per milioni di palestinesi &#8211; e alimentano attivamente tutto ci\u00f2 che sta avvenendo attualmente.<\/p>\n<p style=\"text-align: justify;\"><strong>Una lotta per la vita stessa<\/strong><br \/>\nLe reazioni israeliane al lancio di razzi di Hamas sono state immediate. I principali organi di stampa e politici israeliani &#8211; compresi quelli che sperano di sostituire Netanyahu &#8211; hanno ripetuto a pappagallo la famosa linea del partito. &#8220;Israele deve agire con decisione e fermezza e ripristinare la deterrenza&#8221;, ha dichiarato Yair Lapid, che \u00e8 stato recentemente scelto per cercare di riunire un governo, e che \u00e8 stato sostenuto da Labour, Meretz e la maggior parte della Lista Congiunta. L&#8217;ex Likudnik Gideon Sa&#8217;ar e Naftali Bennett di Yamina &#8211; quest&#8217;ultimo che potrebbe benissimo essere il prossimo primo ministro &#8211; si sono uniti a Lapid nel chiedere attacchi pi\u00f9 duri a Gaza, senza alcuna riflessione sulle azioni israeliane che ci hanno portato a questo momento.<\/p>\n<p style=\"text-align: justify;\">D&#8217;altra parte, il partito islamista Ra&#8217;am, che ha detto che sosterrebbe Lapid e Bennett nella formazione di un governo, ha sospeso i colloqui di coalizione dopo l&#8217;escalation di Israele. N\u00e9 Ra&#8217;am n\u00e9 la lista congiunta sarebbero in grado di sostenere la formazione di un governo con politici che chiedono attivamente un attacco intensificato a Gaza.<\/p>\n<p style=\"text-align: justify;\">Nel novembre 2019, quando \u00e8 nata l&#8217;idea di formare un&#8217;alleanza di centro-destra con la Lista congiunta, Netanyahu ha usato Gaza come la ragione ultima dell&#8217;impossibilit\u00e0 di formare un tale governo. Ora, pochi giorni prima che Lapid e Bennett annunciassero la formazione di un nuovo governo per estromettere Netanyahu, gli eventi a Gaza stanno giocando direttamente a favore del primo ministro in carica.<\/p>\n<div id=\"attachment_15312\" style=\"width: 508px\" class=\"wp-caption aligncenter\"><a href=\"http:\/\/reteitalianaism.it\/reteism\/index.php\/2021\/05\/11\/israele-sceglie-la-violenza\/attachment\/15312\/\" rel=\"attachment wp-att-15312\"><img loading=\"lazy\" decoding=\"async\" aria-describedby=\"caption-attachment-15312\" class=\"wp-image-15312\" src=\"http:\/\/reteitalianaism.it\/reteism\/wp-content\/uploads\/2021\/05\/F210510YS41-300x200.jpg\" alt=\"\" width=\"498\" height=\"332\" srcset=\"https:\/\/reteitalianaism.it\/reteism\/wp-content\/uploads\/2021\/05\/F210510YS41-300x200.jpg 300w, https:\/\/reteitalianaism.it\/reteism\/wp-content\/uploads\/2021\/05\/F210510YS41-1024x683.jpg 1024w, https:\/\/reteitalianaism.it\/reteism\/wp-content\/uploads\/2021\/05\/F210510YS41-768x512.jpg 768w, https:\/\/reteitalianaism.it\/reteism\/wp-content\/uploads\/2021\/05\/F210510YS41.jpg 1500w\" sizes=\"auto, (max-width: 498px) 100vw, 498px\" \/><\/a><p id=\"caption-attachment-15312\" class=\"wp-caption-text\">Il capo del partito Yesh Atid Yair Lapid parla durante una riunione di fazione alla Knesset, il 10 maggio 2021 (Yonatan Sindel \/ Flash90)<\/p><\/div>\n<p style=\"text-align: justify;\">\nNetanyahu ha pianificato e orchestrato questa escalation? Ovviamente non c&#8217;\u00e8 modo di provare una cosa del genere. Le sue impronte digitali sono ovunque negli sviluppi? In qualit\u00e0 di primo ministro responsabile delle varie azioni delle autorit\u00e0 sotto il suo comando, la risposta \u00e8 senza dubbio s\u00ec. Tutto quello che \u00e8 successo nell&#8217;ultimo mese, con livelli di violenza mai visti qui da anni, lo ha aiutato nei suoi tentativi di evitare di essere estromesso? Decisamente si.<\/p>\n<p style=\"text-align: justify;\">L&#8217;escalation di violenza ci ricorda che non possiamo rinunciare alla lotta contro l&#8217;occupazione e l&#8217;apartheid e che sostituire Netanyahu con un&#8217;altra ala destra non risolver\u00e0 le questioni fondamentali che influenzano ogni aspetto della nostra vita in questa terra. Questa \u00e8 una trappola terribile in cui trovarsi, ma \u00e8 la trappola della realt\u00e0 coloniale di Israele. Non c&#8217;\u00e8 altra via da seguire se non una lotta per l&#8217;uguaglianza e la libert\u00e0 per tutti gli abitanti di questa terra. Non \u00e8 niente di meno che una lotta per la vita stessa.<\/p>\n<p style=\"text-align: justify;\">\n","protected":false},"excerpt":{"rendered":"<p>https:\/\/www.972mag.com\/ 10 maggio 2021 \u00a0 \u00a0 \u00a0 \u00a0 \u00a0 \u00a0 \u00a0 \u00a0 Haggai Matar Dalla repressione a Sheikh Jarrah al bombardamento di Gaza, il governo israeliano ha deciso di intensificare la sua brutalit\u00e0 nei confronti dei palestinesi. L&#8217;escalation della violenza &hellip; <a href=\"https:\/\/reteitalianaism.it\/reteism\/index.php\/2021\/05\/11\/israele-sceglie-la-violenza\/\">Continue reading <span class=\"meta-nav\">&rarr;<\/span><\/a><\/p>\n","protected":false},"author":2,"featured_media":0,"comment_status":"open","ping_status":"open","sticky":false,"template":"","format":"standard","meta":{"footnotes":""},"categories":[3,68],"tags":[23,165,82,41,155],"class_list":["post-15311","post","type-post","status-publish","format-standard","hentry","category-info","category-opinioni","tag-diritti-umani","tag-gaza-sotto-assedio","tag-gerusalemme-est","tag-pulizia-etnica","tag-west-bank-occupata"],"_links":{"self":[{"href":"https:\/\/reteitalianaism.it\/reteism\/index.php\/wp-json\/wp\/v2\/posts\/15311","targetHints":{"allow":["GET"]}}],"collection":[{"href":"https:\/\/reteitalianaism.it\/reteism\/index.php\/wp-json\/wp\/v2\/posts"}],"about":[{"href":"https:\/\/reteitalianaism.it\/reteism\/index.php\/wp-json\/wp\/v2\/types\/post"}],"author":[{"embeddable":true,"href":"https:\/\/reteitalianaism.it\/reteism\/index.php\/wp-json\/wp\/v2\/users\/2"}],"replies":[{"embeddable":true,"href":"https:\/\/reteitalianaism.it\/reteism\/index.php\/wp-json\/wp\/v2\/comments?post=15311"}],"version-history":[{"count":2,"href":"https:\/\/reteitalianaism.it\/reteism\/index.php\/wp-json\/wp\/v2\/posts\/15311\/revisions"}],"predecessor-version":[{"id":15320,"href":"https:\/\/reteitalianaism.it\/reteism\/index.php\/wp-json\/wp\/v2\/posts\/15311\/revisions\/15320"}],"wp:attachment":[{"href":"https:\/\/reteitalianaism.it\/reteism\/index.php\/wp-json\/wp\/v2\/media?parent=15311"}],"wp:term":[{"taxonomy":"category","embeddable":true,"href":"https:\/\/reteitalianaism.it\/reteism\/index.php\/wp-json\/wp\/v2\/categories?post=15311"},{"taxonomy":"post_tag","embeddable":true,"href":"https:\/\/reteitalianaism.it\/reteism\/index.php\/wp-json\/wp\/v2\/tags?post=15311"}],"curies":[{"name":"wp","href":"https:\/\/api.w.org\/{rel}","templated":true}]}}